 {"id":7119,"date":"2021-05-18T15:09:37","date_gmt":"2021-05-18T15:09:37","guid":{"rendered":"http:\/\/www.ucat.edu.ve\/web\/?p=7119"},"modified":"2021-05-18T15:09:38","modified_gmt":"2021-05-18T15:09:38","slug":"la-ucat-celebra-el-ano-ignaciano-con-actitud-de-escucha-y-discernimiento","status":"publish","type":"post","link":"https:\/\/www.ucat.edu.ve\/web\/la-ucat-celebra-el-ano-ignaciano-con-actitud-de-escucha-y-discernimiento\/","title":{"rendered":"La UCAT celebra el A\u00f1o Ignaciano con \u201cactitud de escucha y discernimiento\u201d"},"content":{"rendered":"<p style=\"text-align: center\"><img loading=\"lazy\" class=\"alignnone size-medium wp-image-7122\" src=\"http:\/\/www.ucat.edu.ve\/web\/wp-content\/uploads\/2021\/05\/Noticia-UCAT_La-UCAT-celebra-el-Ano-Ignaciano-con-actitud-de-escucha-y-discernimiento-521x322.jpg\" alt=\"\" width=\"521\" height=\"322\" srcset=\"https:\/\/www.ucat.edu.ve\/web\/wp-content\/uploads\/2021\/05\/Noticia-UCAT_La-UCAT-celebra-el-Ano-Ignaciano-con-actitud-de-escucha-y-discernimiento-521x322.jpg 521w, https:\/\/www.ucat.edu.ve\/web\/wp-content\/uploads\/2021\/05\/Noticia-UCAT_La-UCAT-celebra-el-Ano-Ignaciano-con-actitud-de-escucha-y-discernimiento-340x210.jpg 340w, https:\/\/www.ucat.edu.ve\/web\/wp-content\/uploads\/2021\/05\/Noticia-UCAT_La-UCAT-celebra-el-Ano-Ignaciano-con-actitud-de-escucha-y-discernimiento.jpg 1086w\" sizes=\"(max-width: 521px) 100vw, 521px\" \/><\/p>\n<p style=\"font-weight: 400;text-align: justify\">La Universidad Cat\u00f3lica del T\u00e1chira ya est\u00e1 preparada para unirse al A\u00f1o Ignaciano que celebrar\u00e1n todas las instituciones vinculadas\u00a0 a la Compa\u00f1\u00eda de Jes\u00fas, para conmemorar los 500 a\u00f1os de la conversi\u00f3n de San Ignacio de Loyola. Las actividades de car\u00e1cter apost\u00f3lico, acad\u00e9micas, culturales, y religiosas comenzar\u00e1n el 20 de mayo de 2021 y hasta el 31 de julio de 2022.<\/p>\n<p style=\"font-weight: 400;text-align: justify\">En el Consejo Rectoral, del pasado 5 de mayo, las autoridades de la UCAT acordaron vivir y promover el A\u00f1o Ignaciano con actitud de escucha y discernimiento, involucrando a toda la comunidad ucatense.<\/p>\n<p style=\"font-weight: 400;text-align: justify\">Para el inicio del A\u00f1o Ignaciano en la UCAT, se celebrar\u00e1 una Eucarist\u00eda el jueves 20 de mayo a las 8 de la ma\u00f1ana, en la sede de Loma del Tejar.<\/p>\n<p style=\"font-weight: 400;text-align: justify\">\u201cLo que se nos propone es vivir un camino que nos lleve a la actualizaci\u00f3n de nuestra conversi\u00f3n inspirados por la experiencia personal de San Ignacio, un itinerario espiritual que nos permita revisar nuestro ser y proceder, tanto personal como institucionalmente, dejando que el Se\u00f1or obre en nosotros\u201d, expres\u00f3 el Provincial de la Compa\u00f1\u00eda de Jes\u00fas en Venezuela, Rafael Garrido SJ, en una carta enviada a los miembros de la provincia venezolana.<\/p>\n<p style=\"font-weight: 400;text-align: justify\">La jornada central del A\u00f1o Ignaciano se efectuar\u00e1 el 12 de marzo de 2022, d\u00eda del IV Centenario de la canonizaci\u00f3n de San Ignacio de Loyola.<\/p>\n<p style=\"font-weight: 400;text-align: justify\">La Universidad Cat\u00f3lica del T\u00e1chira adem\u00e1s de su agenda de actividades para el A\u00f1o Ignaciano, tambi\u00e9n participar\u00e1 de los diversos itinerarios y encuentros propuestos por la Provincia en Venezuela y la Curia General de la Compa\u00f1\u00eda de Jes\u00fas.<\/p>\n<p style=\"font-weight: 400;text-align: right\">(<em>Prensa UCAT<\/em>)<\/p>\n","protected":false},"excerpt":{"rendered":"<p>La Universidad Cat\u00f3lica del T\u00e1chira ya est\u00e1 preparada para unirse al A\u00f1o Ignaciano que celebrar\u00e1n todas las instituciones vinculadas\u00a0 a la Compa\u00f1\u00eda de Jes\u00fas, para conmemorar los 500 a\u00f1os de la conversi\u00f3n de San Ignacio de Loyola. Las actividades de car\u00e1cter apost\u00f3lico, acad\u00e9micas, culturales, y religiosas comenzar\u00e1n el 20 de mayo de 2021 y hasta<\/p>\n","protected":false},"author":23,"featured_media":7122,"comment_status":"closed","ping_status":"closed","sticky":false,"template":"","format":"standard","meta":[],"categories":[3],"tags":[],"yoast_head":"<!-- This site is optimized with the Yoast SEO plugin v19.2 - https:\/\/yoast.com\/wordpress\/plugins\/seo\/ -->\n<title>La UCAT celebra el A\u00f1o Ignaciano con \u201cactitud de escucha y discernimiento\u201d - Universidad Cat\u00f3lica del T\u00e1chira<\/title>\n<meta name=\"robots\" content=\"index, follow, max-snippet:-1, max-image-preview:large, max-video-preview:-1\" \/>\n<link rel=\"canonical\" href=\"https:\/\/www.ucat.edu.ve\/web\/la-ucat-celebra-el-ano-ignaciano-con-actitud-de-escucha-y-discernimiento\/\" \/>\n<meta property=\"og:locale\" content=\"es_ES\" \/>\n<meta property=\"og:type\" content=\"article\" \/>\n<meta property=\"og:title\" content=\"La UCAT celebra el A\u00f1o Ignaciano con \u201cactitud de escucha y discernimiento\u201d - Universidad Cat\u00f3lica del T\u00e1chira\" \/>\n<meta property=\"og:description\" content=\"La Universidad Cat\u00f3lica del T\u00e1chira ya est\u00e1 preparada para unirse al A\u00f1o Ignaciano que celebrar\u00e1n todas las instituciones vinculadas\u00a0 a la Compa\u00f1\u00eda de Jes\u00fas, para conmemorar los 500 a\u00f1os de la conversi\u00f3n de San Ignacio de Loyola. Las actividades de car\u00e1cter apost\u00f3lico, acad\u00e9micas, culturales, y religiosas comenzar\u00e1n el 20 de mayo de 2021 y hasta\" \/>\n<meta property=\"og:url\" content=\"https:\/\/www.ucat.edu.ve\/web\/la-ucat-celebra-el-ano-ignaciano-con-actitud-de-escucha-y-discernimiento\/\" \/>\n<meta property=\"og:site_name\" content=\"Universidad Cat\u00f3lica del T\u00e1chira\" \/>\n<meta property=\"article:publisher\" content=\"https:\/\/www.facebook.com\/notiucat\/\" \/>\n<meta property=\"article:published_time\" content=\"2021-05-18T15:09:37+00:00\" \/>\n<meta property=\"article:modified_time\" content=\"2021-05-18T15:09:38+00:00\" \/>\n<meta property=\"og:image\" content=\"https:\/\/www.ucat.edu.ve\/web\/wp-content\/uploads\/2021\/05\/Noticia-UCAT_La-UCAT-celebra-el-Ano-Ignaciano-con-actitud-de-escucha-y-discernimiento.jpg\" \/>\n\t<meta property=\"og:image:width\" content=\"1086\" \/>\n\t<meta property=\"og:image:height\" content=\"671\" \/>\n\t<meta property=\"og:image:type\" content=\"image\/jpeg\" \/>\n<meta name=\"author\" content=\"Secretaria General\" \/>\n<meta name=\"twitter:card\" content=\"summary_large_image\" \/>\n<meta name=\"twitter:creator\" content=\"@notiucat\" \/>\n<meta name=\"twitter:site\" content=\"@notiucat\" \/>\n<meta name=\"twitter:label1\" content=\"Written by\" \/>\n\t<meta name=\"twitter:data1\" content=\"Secretaria General\" \/>\n\t<meta name=\"twitter:label2\" content=\"Est. reading time\" \/>\n\t<meta name=\"twitter:data2\" content=\"2 minutos\" \/>\n<script type=\"application\/ld+json\" class=\"yoast-schema-graph\">{\"@context\":\"https:\/\/schema.org\",\"@graph\":[{\"@type\":\"Organization\",\"@id\":\"https:\/\/www.ucat.edu.ve\/web\/#organization\",\"name\":\"Universidad Cat\u00f3lica Del T\u00e1chira UCAT\",\"url\":\"https:\/\/www.ucat.edu.ve\/web\/\",\"sameAs\":[\"https:\/\/www.instagram.com\/notiucat\/\",\"https:\/\/www.youtube.com\/channel\/UCwEbYSB1R9fzlII-8dcxuYA?view_as=subscriber\",\"https:\/\/www.facebook.com\/notiucat\/\",\"https:\/\/twitter.com\/notiucat\"],\"logo\":{\"@type\":\"ImageObject\",\"inLanguage\":\"es-ES\",\"@id\":\"https:\/\/www.ucat.edu.ve\/web\/#\/schema\/logo\/image\/\",\"url\":\"https:\/\/www.ucat.edu.ve\/web\/wp-content\/uploads\/2015\/07\/logoucat.gif\",\"contentUrl\":\"https:\/\/www.ucat.edu.ve\/web\/wp-content\/uploads\/2015\/07\/logoucat.gif\",\"width\":219,\"height\":155,\"caption\":\"Universidad Cat\u00f3lica Del T\u00e1chira UCAT\"},\"image\":{\"@id\":\"https:\/\/www.ucat.edu.ve\/web\/#\/schema\/logo\/image\/\"}},{\"@type\":\"WebSite\",\"@id\":\"https:\/\/www.ucat.edu.ve\/web\/#website\",\"url\":\"https:\/\/www.ucat.edu.ve\/web\/\",\"name\":\"Universidad Cat\u00f3lica del T\u00e1chira\",\"description\":\"\",\"publisher\":{\"@id\":\"https:\/\/www.ucat.edu.ve\/web\/#organization\"},\"potentialAction\":[{\"@type\":\"SearchAction\",\"target\":{\"@type\":\"EntryPoint\",\"urlTemplate\":\"https:\/\/www.ucat.edu.ve\/web\/?s={search_term_string}\"},\"query-input\":\"required name=search_term_string\"}],\"inLanguage\":\"es-ES\"},{\"@type\":\"ImageObject\",\"inLanguage\":\"es-ES\",\"@id\":\"https:\/\/www.ucat.edu.ve\/web\/la-ucat-celebra-el-ano-ignaciano-con-actitud-de-escucha-y-discernimiento\/#primaryimage\",\"url\":\"https:\/\/www.ucat.edu.ve\/web\/wp-content\/uploads\/2021\/05\/Noticia-UCAT_La-UCAT-celebra-el-Ano-Ignaciano-con-actitud-de-escucha-y-discernimiento.jpg\",\"contentUrl\":\"https:\/\/www.ucat.edu.ve\/web\/wp-content\/uploads\/2021\/05\/Noticia-UCAT_La-UCAT-celebra-el-Ano-Ignaciano-con-actitud-de-escucha-y-discernimiento.jpg\",\"width\":1086,\"height\":671},{\"@type\":\"WebPage\",\"@id\":\"https:\/\/www.ucat.edu.ve\/web\/la-ucat-celebra-el-ano-ignaciano-con-actitud-de-escucha-y-discernimiento\/#webpage\",\"url\":\"https:\/\/www.ucat.edu.ve\/web\/la-ucat-celebra-el-ano-ignaciano-con-actitud-de-escucha-y-discernimiento\/\",\"name\":\"La UCAT celebra el A\u00f1o Ignaciano con \u201cactitud de escucha y discernimiento\u201d - Universidad Cat\u00f3lica del T\u00e1chira\",\"isPartOf\":{\"@id\":\"https:\/\/www.ucat.edu.ve\/web\/#website\"},\"primaryImageOfPage\":{\"@id\":\"https:\/\/www.ucat.edu.ve\/web\/la-ucat-celebra-el-ano-ignaciano-con-actitud-de-escucha-y-discernimiento\/#primaryimage\"},\"datePublished\":\"2021-05-18T15:09:37+00:00\",\"dateModified\":\"2021-05-18T15:09:38+00:00\",\"breadcrumb\":{\"@id\":\"https:\/\/www.ucat.edu.ve\/web\/la-ucat-celebra-el-ano-ignaciano-con-actitud-de-escucha-y-discernimiento\/#breadcrumb\"},\"inLanguage\":\"es-ES\",\"potentialAction\":[{\"@type\":\"ReadAction\",\"target\":[\"https:\/\/www.ucat.edu.ve\/web\/la-ucat-celebra-el-ano-ignaciano-con-actitud-de-escucha-y-discernimiento\/\"]}]},{\"@type\":\"BreadcrumbList\",\"@id\":\"https:\/\/www.ucat.edu.ve\/web\/la-ucat-celebra-el-ano-ignaciano-con-actitud-de-escucha-y-discernimiento\/#breadcrumb\",\"itemListElement\":[{\"@type\":\"ListItem\",\"position\":1,\"name\":\"Home\",\"item\":\"https:\/\/www.ucat.edu.ve\/web\/\"},{\"@type\":\"ListItem\",\"position\":2,\"name\":\"La UCAT celebra el A\u00f1o Ignaciano con \u201cactitud de escucha y discernimiento\u201d\"}]},{\"@type\":\"Article\",\"@id\":\"https:\/\/www.ucat.edu.ve\/web\/la-ucat-celebra-el-ano-ignaciano-con-actitud-de-escucha-y-discernimiento\/#article\",\"isPartOf\":{\"@id\":\"https:\/\/www.ucat.edu.ve\/web\/la-ucat-celebra-el-ano-ignaciano-con-actitud-de-escucha-y-discernimiento\/#webpage\"},\"author\":{\"name\":\"Secretaria General\",\"@id\":\"https:\/\/www.ucat.edu.ve\/web\/#\/schema\/person\/e90fe655adf97bd5c1dbc608855d16cf\"},\"headline\":\"La UCAT celebra el A\u00f1o Ignaciano con \u201cactitud de escucha y discernimiento\u201d\",\"datePublished\":\"2021-05-18T15:09:37+00:00\",\"dateModified\":\"2021-05-18T15:09:38+00:00\",\"mainEntityOfPage\":{\"@id\":\"https:\/\/www.ucat.edu.ve\/web\/la-ucat-celebra-el-ano-ignaciano-con-actitud-de-escucha-y-discernimiento\/#webpage\"},\"wordCount\":297,\"publisher\":{\"@id\":\"https:\/\/www.ucat.edu.ve\/web\/#organization\"},\"image\":{\"@id\":\"https:\/\/www.ucat.edu.ve\/web\/la-ucat-celebra-el-ano-ignaciano-con-actitud-de-escucha-y-discernimiento\/#primaryimage\"},\"thumbnailUrl\":\"https:\/\/www.ucat.edu.ve\/web\/wp-content\/uploads\/2021\/05\/Noticia-UCAT_La-UCAT-celebra-el-Ano-Ignaciano-con-actitud-de-escucha-y-discernimiento.jpg\",\"articleSection\":[\"Noticias\"],\"inLanguage\":\"es-ES\"},{\"@type\":\"Person\",\"@id\":\"https:\/\/www.ucat.edu.ve\/web\/#\/schema\/person\/e90fe655adf97bd5c1dbc608855d16cf\",\"name\":\"Secretaria General\",\"url\":\"https:\/\/www.ucat.edu.ve\/web\/author\/secgeucat\/\"}]}<\/script>\n<!-- \/ Yoast SEO plugin. -->","yoast_head_json":{"title":"La UCAT celebra el A\u00f1o Ignaciano con \u201cactitud de escucha y discernimiento\u201d - Universidad Cat\u00f3lica del T\u00e1chira","robots":{"index":"index","follow":"follow","max-snippet":"max-snippet:-1","max-image-preview":"max-image-preview:large","max-video-preview":"max-video-preview:-1"},"canonical":"https:\/\/www.ucat.edu.ve\/web\/la-ucat-celebra-el-ano-ignaciano-con-actitud-de-escucha-y-discernimiento\/","og_locale":"es_ES","og_type":"article","og_title":"La UCAT celebra el A\u00f1o Ignaciano con \u201cactitud de escucha y discernimiento\u201d - Universidad Cat\u00f3lica del T\u00e1chira","og_description":"La Universidad Cat\u00f3lica del T\u00e1chira ya est\u00e1 preparada para unirse al A\u00f1o Ignaciano que celebrar\u00e1n todas las instituciones vinculadas\u00a0 a la Compa\u00f1\u00eda de Jes\u00fas, para conmemorar los 500 a\u00f1os de la conversi\u00f3n de San Ignacio de Loyola. Las actividades de car\u00e1cter apost\u00f3lico, acad\u00e9micas, culturales, y religiosas comenzar\u00e1n el 20 de mayo de 2021 y hasta","og_url":"https:\/\/www.ucat.edu.ve\/web\/la-ucat-celebra-el-ano-ignaciano-con-actitud-de-escucha-y-discernimiento\/","og_site_name":"Universidad Cat\u00f3lica del T\u00e1chira","article_publisher":"https:\/\/www.facebook.com\/notiucat\/","article_published_time":"2021-05-18T15:09:37+00:00","article_modified_time":"2021-05-18T15:09:38+00:00","og_image":[{"width":1086,"height":671,"url":"https:\/\/www.ucat.edu.ve\/web\/wp-content\/uploads\/2021\/05\/Noticia-UCAT_La-UCAT-celebra-el-Ano-Ignaciano-con-actitud-de-escucha-y-discernimiento.jpg","type":"image\/jpeg"}],"author":"Secretaria General","twitter_card":"summary_large_image","twitter_creator":"@notiucat","twitter_site":"@notiucat","twitter_misc":{"Written by":"Secretaria General","Est. reading time":"2 minutos"},"schema":{"@context":"https:\/\/schema.org","@graph":[{"@type":"Organization","@id":"https:\/\/www.ucat.edu.ve\/web\/#organization","name":"Universidad Cat\u00f3lica Del T\u00e1chira UCAT","url":"https:\/\/www.ucat.edu.ve\/web\/","sameAs":["https:\/\/www.instagram.com\/notiucat\/","https:\/\/www.youtube.com\/channel\/UCwEbYSB1R9fzlII-8dcxuYA?view_as=subscriber","https:\/\/www.facebook.com\/notiucat\/","https:\/\/twitter.com\/notiucat"],"logo":{"@type":"ImageObject","inLanguage":"es-ES","@id":"https:\/\/www.ucat.edu.ve\/web\/#\/schema\/logo\/image\/","url":"https:\/\/www.ucat.edu.ve\/web\/wp-content\/uploads\/2015\/07\/logoucat.gif","contentUrl":"https:\/\/www.ucat.edu.ve\/web\/wp-content\/uploads\/2015\/07\/logoucat.gif","width":219,"height":155,"caption":"Universidad Cat\u00f3lica Del T\u00e1chira UCAT"},"image":{"@id":"https:\/\/www.ucat.edu.ve\/web\/#\/schema\/logo\/image\/"}},{"@type":"WebSite","@id":"https:\/\/www.ucat.edu.ve\/web\/#website","url":"https:\/\/www.ucat.edu.ve\/web\/","name":"Universidad Cat\u00f3lica del T\u00e1chira","description":"","publisher":{"@id":"https:\/\/www.ucat.edu.ve\/web\/#organization"},"potentialAction":[{"@type":"SearchAction","target":{"@type":"EntryPoint","urlTemplate":"https:\/\/www.ucat.edu.ve\/web\/?s={search_term_string}"},"query-input":"required name=search_term_string"}],"inLanguage":"es-ES"},{"@type":"ImageObject","inLanguage":"es-ES","@id":"https:\/\/www.ucat.edu.ve\/web\/la-ucat-celebra-el-ano-ignaciano-con-actitud-de-escucha-y-discernimiento\/#primaryimage","url":"https:\/\/www.ucat.edu.ve\/web\/wp-content\/uploads\/2021\/05\/Noticia-UCAT_La-UCAT-celebra-el-Ano-Ignaciano-con-actitud-de-escucha-y-discernimiento.jpg","contentUrl":"https:\/\/www.ucat.edu.ve\/web\/wp-content\/uploads\/2021\/05\/Noticia-UCAT_La-UCAT-celebra-el-Ano-Ignaciano-con-actitud-de-escucha-y-discernimiento.jpg","width":1086,"height":671},{"@type":"WebPage","@id":"https:\/\/www.ucat.edu.ve\/web\/la-ucat-celebra-el-ano-ignaciano-con-actitud-de-escucha-y-discernimiento\/#webpage","url":"https:\/\/www.ucat.edu.ve\/web\/la-ucat-celebra-el-ano-ignaciano-con-actitud-de-escucha-y-discernimiento\/","name":"La UCAT celebra el A\u00f1o Ignaciano con \u201cactitud de escucha y discernimiento\u201d - Universidad Cat\u00f3lica del T\u00e1chira","isPartOf":{"@id":"https:\/\/www.ucat.edu.ve\/web\/#website"},"primaryImageOfPage":{"@id":"https:\/\/www.ucat.edu.ve\/web\/la-ucat-celebra-el-ano-ignaciano-con-actitud-de-escucha-y-discernimiento\/#primaryimage"},"datePublished":"2021-05-18T15:09:37+00:00","dateModified":"2021-05-18T15:09:38+00:00","breadcrumb":{"@id":"https:\/\/www.ucat.edu.ve\/web\/la-ucat-celebra-el-ano-ignaciano-con-actitud-de-escucha-y-discernimiento\/#breadcrumb"},"inLanguage":"es-ES","potentialAction":[{"@type":"ReadAction","target":["https:\/\/www.ucat.edu.ve\/web\/la-ucat-celebra-el-ano-ignaciano-con-actitud-de-escucha-y-discernimiento\/"]}]},{"@type":"BreadcrumbList","@id":"https:\/\/www.ucat.edu.ve\/web\/la-ucat-celebra-el-ano-ignaciano-con-actitud-de-escucha-y-discernimiento\/#breadcrumb","itemListElement":[{"@type":"ListItem","position":1,"name":"Home","item":"https:\/\/www.ucat.edu.ve\/web\/"},{"@type":"ListItem","position":2,"name":"La UCAT celebra el A\u00f1o Ignaciano con \u201cactitud de escucha y discernimiento\u201d"}]},{"@type":"Article","@id":"https:\/\/www.ucat.edu.ve\/web\/la-ucat-celebra-el-ano-ignaciano-con-actitud-de-escucha-y-discernimiento\/#article","isPartOf":{"@id":"https:\/\/www.ucat.edu.ve\/web\/la-ucat-celebra-el-ano-ignaciano-con-actitud-de-escucha-y-discernimiento\/#webpage"},"author":{"name":"Secretaria General","@id":"https:\/\/www.ucat.edu.ve\/web\/#\/schema\/person\/e90fe655adf97bd5c1dbc608855d16cf"},"headline":"La UCAT celebra el A\u00f1o Ignaciano con \u201cactitud de escucha y discernimiento\u201d","datePublished":"2021-05-18T15:09:37+00:00","dateModified":"2021-05-18T15:09:38+00:00","mainEntityOfPage":{"@id":"https:\/\/www.ucat.edu.ve\/web\/la-ucat-celebra-el-ano-ignaciano-con-actitud-de-escucha-y-discernimiento\/#webpage"},"wordCount":297,"publisher":{"@id":"https:\/\/www.ucat.edu.ve\/web\/#organization"},"image":{"@id":"https:\/\/www.ucat.edu.ve\/web\/la-ucat-celebra-el-ano-ignaciano-con-actitud-de-escucha-y-discernimiento\/#primaryimage"},"thumbnailUrl":"https:\/\/www.ucat.edu.ve\/web\/wp-content\/uploads\/2021\/05\/Noticia-UCAT_La-UCAT-celebra-el-Ano-Ignaciano-con-actitud-de-escucha-y-discernimiento.jpg","articleSection":["Noticias"],"inLanguage":"es-ES"},{"@type":"Person","@id":"https:\/\/www.ucat.edu.ve\/web\/#\/schema\/person\/e90fe655adf97bd5c1dbc608855d16cf","name":"Secretaria General","url":"https:\/\/www.ucat.edu.ve\/web\/author\/secgeucat\/"}]}},"_links":{"self":[{"href":"https:\/\/www.ucat.edu.ve\/web\/wp-json\/wp\/v2\/posts\/7119"}],"collection":[{"href":"https:\/\/www.ucat.edu.ve\/web\/wp-json\/wp\/v2\/posts"}],"about":[{"href":"https:\/\/www.ucat.edu.ve\/web\/wp-json\/wp\/v2\/types\/post"}],"author":[{"embeddable":true,"href":"https:\/\/www.ucat.edu.ve\/web\/wp-json\/wp\/v2\/users\/23"}],"replies":[{"embeddable":true,"href":"https:\/\/www.ucat.edu.ve\/web\/wp-json\/wp\/v2\/comments?post=7119"}],"version-history":[{"count":1,"href":"https:\/\/www.ucat.edu.ve\/web\/wp-json\/wp\/v2\/posts\/7119\/revisions"}],"predecessor-version":[{"id":7123,"href":"https:\/\/www.ucat.edu.ve\/web\/wp-json\/wp\/v2\/posts\/7119\/revisions\/7123"}],"wp:featuredmedia":[{"embeddable":true,"href":"https:\/\/www.ucat.edu.ve\/web\/wp-json\/wp\/v2\/media\/7122"}],"wp:attachment":[{"href":"https:\/\/www.ucat.edu.ve\/web\/wp-json\/wp\/v2\/media?parent=7119"}],"wp:term":[{"taxonomy":"category","embeddable":true,"href":"https:\/\/www.ucat.edu.ve\/web\/wp-json\/wp\/v2\/categories?post=7119"},{"taxonomy":"post_tag","embeddable":true,"href":"https:\/\/www.ucat.edu.ve\/web\/wp-json\/wp\/v2\/tags?post=7119"}],"curies":[{"name":"wp","href":"https:\/\/api.w.org\/{rel}","templated":true}]}}