 {"id":7136,"date":"2021-05-22T15:00:23","date_gmt":"2021-05-22T15:00:23","guid":{"rendered":"http:\/\/www.ucat.edu.ve\/web\/?p=7136"},"modified":"2021-05-22T15:55:44","modified_gmt":"2021-05-22T15:55:44","slug":"ucat-inicio-ano-ignaciano-con-la-visita-de-la-reliquia-del-beato-jose-gregorio-hernandez","status":"publish","type":"post","link":"https:\/\/www.ucat.edu.ve\/web\/ucat-inicio-ano-ignaciano-con-la-visita-de-la-reliquia-del-beato-jose-gregorio-hernandez\/","title":{"rendered":"UCAT inici\u00f3 \u201cA\u00f1o Ignaciano\u201d con la visita de la reliquia del Beato Jos\u00e9 Gregorio Hern\u00e1ndez"},"content":{"rendered":"<p style=\"text-align: center\"><img loading=\"lazy\" class=\"alignnone size-medium wp-image-7144\" src=\"http:\/\/www.ucat.edu.ve\/web\/wp-content\/uploads\/2021\/05\/Banner_Noti2_UCAT-inicio-Ano-Ignaciano-con-la-visita-de-la-reliquia-del-Beato-Jose-Gregorio-Hernandez-1-521x289.png\" alt=\"\" width=\"521\" height=\"289\" srcset=\"https:\/\/www.ucat.edu.ve\/web\/wp-content\/uploads\/2021\/05\/Banner_Noti2_UCAT-inicio-Ano-Ignaciano-con-la-visita-de-la-reliquia-del-Beato-Jose-Gregorio-Hernandez-1-521x289.png 521w, https:\/\/www.ucat.edu.ve\/web\/wp-content\/uploads\/2021\/05\/Banner_Noti2_UCAT-inicio-Ano-Ignaciano-con-la-visita-de-la-reliquia-del-Beato-Jose-Gregorio-Hernandez-1.png 953w\" sizes=\"(max-width: 521px) 100vw, 521px\" \/><\/p>\n<p style=\"font-weight: 400;text-align: justify\">La Universidad Cat\u00f3lica del T\u00e1chira celebr\u00f3 este jueves 20 de mayo el inicio del A\u00f1o Ignaciano junto a la Compa\u00f1\u00eda de Jes\u00fas, para conmemorar el quinto centenario de la conversi\u00f3n de San Ignacio de Loyola. En la ceremonia, la UCAT tambi\u00e9n recibi\u00f3 con j\u00fabilo la visita de la Reliquia del Beato Jos\u00e9 Gregorio Hern\u00e1ndez.<\/p>\n<p style=\"font-weight: 400;text-align: justify\">La Misa fue presidida por el Gran Canciller de la UCAT y Obispo de la Di\u00f3cesis de San Crist\u00f3bal, monse\u00f1or Mario Moronta, acompa\u00f1ado de su Obispo Auxiliar, Mons. Juan Ayala; el Rector de la UCAT, presb\u00edtero Javier Yonekura; el Vicerrector Acad\u00e9mico, presb\u00edtero Ricardo Casanova; los Padres Jesuitas de la Comunidad San Pedro Fabro al servicio de la Universidad, y, miembros del presbiterio diocesano.<\/p>\n<p style=\"font-weight: 400;text-align: justify\">\u201cSan Ignacio no deja de ser el hombre inteligente, el hombre capaz, el hombre de direcci\u00f3n, pero que s\u00ed, con su herida reconoce que debe estar al servicio de Dios, que no es el mundo el criterio con el cual \u00e9l debe servir, y por eso en su conversi\u00f3n y lo podr\u00e1n testimoniar miles y miles de estudios, en su conversi\u00f3n se lanza a una obra que a\u00fan hoy perdura\u201d, expres\u00f3 el Obispo en la homil\u00eda.<\/p>\n<p style=\"font-weight: 400;text-align: justify\">Indic\u00f3 tambi\u00e9n monse\u00f1or Moronta que, \u201cla obra de la Compa\u00f1\u00eda de Jes\u00fas que est\u00e1 llamada en todo momento a Amar y Servir, y ah\u00ed est\u00e1 la clave. Pero para amar y servir en todo se requiere la humildad, que la humildad, repito, no es rebajarse por rebajarse, sino reconocer que los otros son iguales y hasta m\u00e1s grandes, como el Se\u00f1or lo hizo con el lavatorio de los pies\u201d.<\/p>\n<p style=\"font-weight: 400;text-align: justify\">El Prelado tambi\u00e9n destac\u00f3 la presencia de la reliquia del Beato Jos\u00e9 Gregorio Hern\u00e1ndez, de manera especial el testimonio de su vida cristiana: \u201cel hombre sencillo, el hombre de la alegr\u00eda, el hombre de Iglesia, el hombre de la oraci\u00f3n, y el hombre del servicio a todos y en particular a los m\u00e1s necesitados\u201d.<\/p>\n<p style=\"font-weight: 400;text-align: justify\">Al final de la Eucarist\u00eda el padre Javier Yonekura, Rector de la UCAT, agradeci\u00f3 a los Obispos, sacerdotes, y miembros de la comunidad ucatense que participaron con devoci\u00f3n de la Eucarist\u00eda, invit\u00e1ndolos tambi\u00e9n a seguir el ejemplo de San Ignacio de Loyola y el Beato Jos\u00e9 Gregorio Hern\u00e1ndez.<\/p>\n<p style=\"text-align: center\"><a href=\"https:\/\/m.facebook.com\/story.php?story_fbid=4298609436857857&amp;id=227301017322073&amp;sfnsn=mo\"><strong>VER \u00c1LBUM DE FOTOS<\/strong><\/a><\/p>\n<p style=\"font-weight: 400;text-align: right\">(<em>Prensa UCAT<\/em>)<\/p>\n","protected":false},"excerpt":{"rendered":"<p>La Universidad Cat\u00f3lica del T\u00e1chira celebr\u00f3 este jueves 20 de mayo el inicio del A\u00f1o Ignaciano junto a la Compa\u00f1\u00eda de Jes\u00fas, para conmemorar el quinto centenario de la conversi\u00f3n de San Ignacio de Loyola. En la ceremonia, la UCAT tambi\u00e9n recibi\u00f3 con j\u00fabilo la visita de la Reliquia del Beato Jos\u00e9 Gregorio Hern\u00e1ndez. La<\/p>\n","protected":false},"author":23,"featured_media":7144,"comment_status":"closed","ping_status":"closed","sticky":false,"template":"","format":"standard","meta":[],"categories":[3],"tags":[],"yoast_head":"<!-- This site is optimized with the Yoast SEO plugin v19.2 - https:\/\/yoast.com\/wordpress\/plugins\/seo\/ -->\n<title>UCAT inici\u00f3 \u201cA\u00f1o Ignaciano\u201d con la visita de la reliquia del Beato Jos\u00e9 Gregorio Hern\u00e1ndez - Universidad Cat\u00f3lica del T\u00e1chira<\/title>\n<meta name=\"robots\" content=\"index, follow, max-snippet:-1, max-image-preview:large, max-video-preview:-1\" \/>\n<link rel=\"canonical\" href=\"https:\/\/www.ucat.edu.ve\/web\/ucat-inicio-ano-ignaciano-con-la-visita-de-la-reliquia-del-beato-jose-gregorio-hernandez\/\" \/>\n<meta property=\"og:locale\" content=\"es_ES\" \/>\n<meta property=\"og:type\" content=\"article\" \/>\n<meta property=\"og:title\" content=\"UCAT inici\u00f3 \u201cA\u00f1o Ignaciano\u201d con la visita de la reliquia del Beato Jos\u00e9 Gregorio Hern\u00e1ndez - Universidad Cat\u00f3lica del T\u00e1chira\" \/>\n<meta property=\"og:description\" content=\"La Universidad Cat\u00f3lica del T\u00e1chira celebr\u00f3 este jueves 20 de mayo el inicio del A\u00f1o Ignaciano junto a la Compa\u00f1\u00eda de Jes\u00fas, para conmemorar el quinto centenario de la conversi\u00f3n de San Ignacio de Loyola. En la ceremonia, la UCAT tambi\u00e9n recibi\u00f3 con j\u00fabilo la visita de la Reliquia del Beato Jos\u00e9 Gregorio Hern\u00e1ndez. La\" \/>\n<meta property=\"og:url\" content=\"https:\/\/www.ucat.edu.ve\/web\/ucat-inicio-ano-ignaciano-con-la-visita-de-la-reliquia-del-beato-jose-gregorio-hernandez\/\" \/>\n<meta property=\"og:site_name\" content=\"Universidad Cat\u00f3lica del T\u00e1chira\" \/>\n<meta property=\"article:publisher\" content=\"https:\/\/www.facebook.com\/notiucat\/\" \/>\n<meta property=\"article:published_time\" content=\"2021-05-22T15:00:23+00:00\" \/>\n<meta property=\"article:modified_time\" content=\"2021-05-22T15:55:44+00:00\" \/>\n<meta property=\"og:image\" content=\"https:\/\/www.ucat.edu.ve\/web\/wp-content\/uploads\/2021\/05\/Banner_Noti2_UCAT-inicio-Ano-Ignaciano-con-la-visita-de-la-reliquia-del-Beato-Jose-Gregorio-Hernandez-1.png\" \/>\n\t<meta property=\"og:image:width\" content=\"953\" \/>\n\t<meta property=\"og:image:height\" content=\"529\" \/>\n\t<meta property=\"og:image:type\" content=\"image\/png\" \/>\n<meta name=\"author\" content=\"Secretaria General\" \/>\n<meta name=\"twitter:card\" content=\"summary_large_image\" \/>\n<meta name=\"twitter:creator\" content=\"@notiucat\" \/>\n<meta name=\"twitter:site\" content=\"@notiucat\" \/>\n<meta name=\"twitter:label1\" content=\"Written by\" \/>\n\t<meta name=\"twitter:data1\" content=\"Secretaria General\" \/>\n\t<meta name=\"twitter:label2\" content=\"Est. reading time\" \/>\n\t<meta name=\"twitter:data2\" content=\"2 minutos\" \/>\n<script type=\"application\/ld+json\" class=\"yoast-schema-graph\">{\"@context\":\"https:\/\/schema.org\",\"@graph\":[{\"@type\":\"Organization\",\"@id\":\"https:\/\/www.ucat.edu.ve\/web\/#organization\",\"name\":\"Universidad Cat\u00f3lica Del T\u00e1chira UCAT\",\"url\":\"https:\/\/www.ucat.edu.ve\/web\/\",\"sameAs\":[\"https:\/\/www.instagram.com\/notiucat\/\",\"https:\/\/www.youtube.com\/channel\/UCwEbYSB1R9fzlII-8dcxuYA?view_as=subscriber\",\"https:\/\/www.facebook.com\/notiucat\/\",\"https:\/\/twitter.com\/notiucat\"],\"logo\":{\"@type\":\"ImageObject\",\"inLanguage\":\"es-ES\",\"@id\":\"https:\/\/www.ucat.edu.ve\/web\/#\/schema\/logo\/image\/\",\"url\":\"https:\/\/www.ucat.edu.ve\/web\/wp-content\/uploads\/2015\/07\/logoucat.gif\",\"contentUrl\":\"https:\/\/www.ucat.edu.ve\/web\/wp-content\/uploads\/2015\/07\/logoucat.gif\",\"width\":219,\"height\":155,\"caption\":\"Universidad Cat\u00f3lica Del T\u00e1chira UCAT\"},\"image\":{\"@id\":\"https:\/\/www.ucat.edu.ve\/web\/#\/schema\/logo\/image\/\"}},{\"@type\":\"WebSite\",\"@id\":\"https:\/\/www.ucat.edu.ve\/web\/#website\",\"url\":\"https:\/\/www.ucat.edu.ve\/web\/\",\"name\":\"Universidad Cat\u00f3lica del T\u00e1chira\",\"description\":\"\",\"publisher\":{\"@id\":\"https:\/\/www.ucat.edu.ve\/web\/#organization\"},\"potentialAction\":[{\"@type\":\"SearchAction\",\"target\":{\"@type\":\"EntryPoint\",\"urlTemplate\":\"https:\/\/www.ucat.edu.ve\/web\/?s={search_term_string}\"},\"query-input\":\"required name=search_term_string\"}],\"inLanguage\":\"es-ES\"},{\"@type\":\"ImageObject\",\"inLanguage\":\"es-ES\",\"@id\":\"https:\/\/www.ucat.edu.ve\/web\/ucat-inicio-ano-ignaciano-con-la-visita-de-la-reliquia-del-beato-jose-gregorio-hernandez\/#primaryimage\",\"url\":\"https:\/\/www.ucat.edu.ve\/web\/wp-content\/uploads\/2021\/05\/Banner_Noti2_UCAT-inicio-Ano-Ignaciano-con-la-visita-de-la-reliquia-del-Beato-Jose-Gregorio-Hernandez-1.png\",\"contentUrl\":\"https:\/\/www.ucat.edu.ve\/web\/wp-content\/uploads\/2021\/05\/Banner_Noti2_UCAT-inicio-Ano-Ignaciano-con-la-visita-de-la-reliquia-del-Beato-Jose-Gregorio-Hernandez-1.png\",\"width\":953,\"height\":529},{\"@type\":\"WebPage\",\"@id\":\"https:\/\/www.ucat.edu.ve\/web\/ucat-inicio-ano-ignaciano-con-la-visita-de-la-reliquia-del-beato-jose-gregorio-hernandez\/#webpage\",\"url\":\"https:\/\/www.ucat.edu.ve\/web\/ucat-inicio-ano-ignaciano-con-la-visita-de-la-reliquia-del-beato-jose-gregorio-hernandez\/\",\"name\":\"UCAT inici\u00f3 \u201cA\u00f1o Ignaciano\u201d con la visita de la reliquia del Beato Jos\u00e9 Gregorio Hern\u00e1ndez - Universidad Cat\u00f3lica del T\u00e1chira\",\"isPartOf\":{\"@id\":\"https:\/\/www.ucat.edu.ve\/web\/#website\"},\"primaryImageOfPage\":{\"@id\":\"https:\/\/www.ucat.edu.ve\/web\/ucat-inicio-ano-ignaciano-con-la-visita-de-la-reliquia-del-beato-jose-gregorio-hernandez\/#primaryimage\"},\"datePublished\":\"2021-05-22T15:00:23+00:00\",\"dateModified\":\"2021-05-22T15:55:44+00:00\",\"breadcrumb\":{\"@id\":\"https:\/\/www.ucat.edu.ve\/web\/ucat-inicio-ano-ignaciano-con-la-visita-de-la-reliquia-del-beato-jose-gregorio-hernandez\/#breadcrumb\"},\"inLanguage\":\"es-ES\",\"potentialAction\":[{\"@type\":\"ReadAction\",\"target\":[\"https:\/\/www.ucat.edu.ve\/web\/ucat-inicio-ano-ignaciano-con-la-visita-de-la-reliquia-del-beato-jose-gregorio-hernandez\/\"]}]},{\"@type\":\"BreadcrumbList\",\"@id\":\"https:\/\/www.ucat.edu.ve\/web\/ucat-inicio-ano-ignaciano-con-la-visita-de-la-reliquia-del-beato-jose-gregorio-hernandez\/#breadcrumb\",\"itemListElement\":[{\"@type\":\"ListItem\",\"position\":1,\"name\":\"Home\",\"item\":\"https:\/\/www.ucat.edu.ve\/web\/\"},{\"@type\":\"ListItem\",\"position\":2,\"name\":\"UCAT inici\u00f3 \u201cA\u00f1o Ignaciano\u201d con la visita de la reliquia del Beato Jos\u00e9 Gregorio Hern\u00e1ndez\"}]},{\"@type\":\"Article\",\"@id\":\"https:\/\/www.ucat.edu.ve\/web\/ucat-inicio-ano-ignaciano-con-la-visita-de-la-reliquia-del-beato-jose-gregorio-hernandez\/#article\",\"isPartOf\":{\"@id\":\"https:\/\/www.ucat.edu.ve\/web\/ucat-inicio-ano-ignaciano-con-la-visita-de-la-reliquia-del-beato-jose-gregorio-hernandez\/#webpage\"},\"author\":{\"name\":\"Secretaria General\",\"@id\":\"https:\/\/www.ucat.edu.ve\/web\/#\/schema\/person\/e90fe655adf97bd5c1dbc608855d16cf\"},\"headline\":\"UCAT inici\u00f3 \u201cA\u00f1o Ignaciano\u201d con la visita de la reliquia del Beato Jos\u00e9 Gregorio Hern\u00e1ndez\",\"datePublished\":\"2021-05-22T15:00:23+00:00\",\"dateModified\":\"2021-05-22T15:55:44+00:00\",\"mainEntityOfPage\":{\"@id\":\"https:\/\/www.ucat.edu.ve\/web\/ucat-inicio-ano-ignaciano-con-la-visita-de-la-reliquia-del-beato-jose-gregorio-hernandez\/#webpage\"},\"wordCount\":425,\"publisher\":{\"@id\":\"https:\/\/www.ucat.edu.ve\/web\/#organization\"},\"image\":{\"@id\":\"https:\/\/www.ucat.edu.ve\/web\/ucat-inicio-ano-ignaciano-con-la-visita-de-la-reliquia-del-beato-jose-gregorio-hernandez\/#primaryimage\"},\"thumbnailUrl\":\"https:\/\/www.ucat.edu.ve\/web\/wp-content\/uploads\/2021\/05\/Banner_Noti2_UCAT-inicio-Ano-Ignaciano-con-la-visita-de-la-reliquia-del-Beato-Jose-Gregorio-Hernandez-1.png\",\"articleSection\":[\"Noticias\"],\"inLanguage\":\"es-ES\"},{\"@type\":\"Person\",\"@id\":\"https:\/\/www.ucat.edu.ve\/web\/#\/schema\/person\/e90fe655adf97bd5c1dbc608855d16cf\",\"name\":\"Secretaria General\",\"url\":\"https:\/\/www.ucat.edu.ve\/web\/author\/secgeucat\/\"}]}<\/script>\n<!-- \/ Yoast SEO plugin. -->","yoast_head_json":{"title":"UCAT inici\u00f3 \u201cA\u00f1o Ignaciano\u201d con la visita de la reliquia del Beato Jos\u00e9 Gregorio Hern\u00e1ndez - Universidad Cat\u00f3lica del T\u00e1chira","robots":{"index":"index","follow":"follow","max-snippet":"max-snippet:-1","max-image-preview":"max-image-preview:large","max-video-preview":"max-video-preview:-1"},"canonical":"https:\/\/www.ucat.edu.ve\/web\/ucat-inicio-ano-ignaciano-con-la-visita-de-la-reliquia-del-beato-jose-gregorio-hernandez\/","og_locale":"es_ES","og_type":"article","og_title":"UCAT inici\u00f3 \u201cA\u00f1o Ignaciano\u201d con la visita de la reliquia del Beato Jos\u00e9 Gregorio Hern\u00e1ndez - Universidad Cat\u00f3lica del T\u00e1chira","og_description":"La Universidad Cat\u00f3lica del T\u00e1chira celebr\u00f3 este jueves 20 de mayo el inicio del A\u00f1o Ignaciano junto a la Compa\u00f1\u00eda de Jes\u00fas, para conmemorar el quinto centenario de la conversi\u00f3n de San Ignacio de Loyola. En la ceremonia, la UCAT tambi\u00e9n recibi\u00f3 con j\u00fabilo la visita de la Reliquia del Beato Jos\u00e9 Gregorio Hern\u00e1ndez. La","og_url":"https:\/\/www.ucat.edu.ve\/web\/ucat-inicio-ano-ignaciano-con-la-visita-de-la-reliquia-del-beato-jose-gregorio-hernandez\/","og_site_name":"Universidad Cat\u00f3lica del T\u00e1chira","article_publisher":"https:\/\/www.facebook.com\/notiucat\/","article_published_time":"2021-05-22T15:00:23+00:00","article_modified_time":"2021-05-22T15:55:44+00:00","og_image":[{"width":953,"height":529,"url":"https:\/\/www.ucat.edu.ve\/web\/wp-content\/uploads\/2021\/05\/Banner_Noti2_UCAT-inicio-Ano-Ignaciano-con-la-visita-de-la-reliquia-del-Beato-Jose-Gregorio-Hernandez-1.png","type":"image\/png"}],"author":"Secretaria General","twitter_card":"summary_large_image","twitter_creator":"@notiucat","twitter_site":"@notiucat","twitter_misc":{"Written by":"Secretaria General","Est. reading time":"2 minutos"},"schema":{"@context":"https:\/\/schema.org","@graph":[{"@type":"Organization","@id":"https:\/\/www.ucat.edu.ve\/web\/#organization","name":"Universidad Cat\u00f3lica Del T\u00e1chira UCAT","url":"https:\/\/www.ucat.edu.ve\/web\/","sameAs":["https:\/\/www.instagram.com\/notiucat\/","https:\/\/www.youtube.com\/channel\/UCwEbYSB1R9fzlII-8dcxuYA?view_as=subscriber","https:\/\/www.facebook.com\/notiucat\/","https:\/\/twitter.com\/notiucat"],"logo":{"@type":"ImageObject","inLanguage":"es-ES","@id":"https:\/\/www.ucat.edu.ve\/web\/#\/schema\/logo\/image\/","url":"https:\/\/www.ucat.edu.ve\/web\/wp-content\/uploads\/2015\/07\/logoucat.gif","contentUrl":"https:\/\/www.ucat.edu.ve\/web\/wp-content\/uploads\/2015\/07\/logoucat.gif","width":219,"height":155,"caption":"Universidad Cat\u00f3lica Del T\u00e1chira UCAT"},"image":{"@id":"https:\/\/www.ucat.edu.ve\/web\/#\/schema\/logo\/image\/"}},{"@type":"WebSite","@id":"https:\/\/www.ucat.edu.ve\/web\/#website","url":"https:\/\/www.ucat.edu.ve\/web\/","name":"Universidad Cat\u00f3lica del T\u00e1chira","description":"","publisher":{"@id":"https:\/\/www.ucat.edu.ve\/web\/#organization"},"potentialAction":[{"@type":"SearchAction","target":{"@type":"EntryPoint","urlTemplate":"https:\/\/www.ucat.edu.ve\/web\/?s={search_term_string}"},"query-input":"required name=search_term_string"}],"inLanguage":"es-ES"},{"@type":"ImageObject","inLanguage":"es-ES","@id":"https:\/\/www.ucat.edu.ve\/web\/ucat-inicio-ano-ignaciano-con-la-visita-de-la-reliquia-del-beato-jose-gregorio-hernandez\/#primaryimage","url":"https:\/\/www.ucat.edu.ve\/web\/wp-content\/uploads\/2021\/05\/Banner_Noti2_UCAT-inicio-Ano-Ignaciano-con-la-visita-de-la-reliquia-del-Beato-Jose-Gregorio-Hernandez-1.png","contentUrl":"https:\/\/www.ucat.edu.ve\/web\/wp-content\/uploads\/2021\/05\/Banner_Noti2_UCAT-inicio-Ano-Ignaciano-con-la-visita-de-la-reliquia-del-Beato-Jose-Gregorio-Hernandez-1.png","width":953,"height":529},{"@type":"WebPage","@id":"https:\/\/www.ucat.edu.ve\/web\/ucat-inicio-ano-ignaciano-con-la-visita-de-la-reliquia-del-beato-jose-gregorio-hernandez\/#webpage","url":"https:\/\/www.ucat.edu.ve\/web\/ucat-inicio-ano-ignaciano-con-la-visita-de-la-reliquia-del-beato-jose-gregorio-hernandez\/","name":"UCAT inici\u00f3 \u201cA\u00f1o Ignaciano\u201d con la visita de la reliquia del Beato Jos\u00e9 Gregorio Hern\u00e1ndez - Universidad Cat\u00f3lica del T\u00e1chira","isPartOf":{"@id":"https:\/\/www.ucat.edu.ve\/web\/#website"},"primaryImageOfPage":{"@id":"https:\/\/www.ucat.edu.ve\/web\/ucat-inicio-ano-ignaciano-con-la-visita-de-la-reliquia-del-beato-jose-gregorio-hernandez\/#primaryimage"},"datePublished":"2021-05-22T15:00:23+00:00","dateModified":"2021-05-22T15:55:44+00:00","breadcrumb":{"@id":"https:\/\/www.ucat.edu.ve\/web\/ucat-inicio-ano-ignaciano-con-la-visita-de-la-reliquia-del-beato-jose-gregorio-hernandez\/#breadcrumb"},"inLanguage":"es-ES","potentialAction":[{"@type":"ReadAction","target":["https:\/\/www.ucat.edu.ve\/web\/ucat-inicio-ano-ignaciano-con-la-visita-de-la-reliquia-del-beato-jose-gregorio-hernandez\/"]}]},{"@type":"BreadcrumbList","@id":"https:\/\/www.ucat.edu.ve\/web\/ucat-inicio-ano-ignaciano-con-la-visita-de-la-reliquia-del-beato-jose-gregorio-hernandez\/#breadcrumb","itemListElement":[{"@type":"ListItem","position":1,"name":"Home","item":"https:\/\/www.ucat.edu.ve\/web\/"},{"@type":"ListItem","position":2,"name":"UCAT inici\u00f3 \u201cA\u00f1o Ignaciano\u201d con la visita de la reliquia del Beato Jos\u00e9 Gregorio Hern\u00e1ndez"}]},{"@type":"Article","@id":"https:\/\/www.ucat.edu.ve\/web\/ucat-inicio-ano-ignaciano-con-la-visita-de-la-reliquia-del-beato-jose-gregorio-hernandez\/#article","isPartOf":{"@id":"https:\/\/www.ucat.edu.ve\/web\/ucat-inicio-ano-ignaciano-con-la-visita-de-la-reliquia-del-beato-jose-gregorio-hernandez\/#webpage"},"author":{"name":"Secretaria General","@id":"https:\/\/www.ucat.edu.ve\/web\/#\/schema\/person\/e90fe655adf97bd5c1dbc608855d16cf"},"headline":"UCAT inici\u00f3 \u201cA\u00f1o Ignaciano\u201d con la visita de la reliquia del Beato Jos\u00e9 Gregorio Hern\u00e1ndez","datePublished":"2021-05-22T15:00:23+00:00","dateModified":"2021-05-22T15:55:44+00:00","mainEntityOfPage":{"@id":"https:\/\/www.ucat.edu.ve\/web\/ucat-inicio-ano-ignaciano-con-la-visita-de-la-reliquia-del-beato-jose-gregorio-hernandez\/#webpage"},"wordCount":425,"publisher":{"@id":"https:\/\/www.ucat.edu.ve\/web\/#organization"},"image":{"@id":"https:\/\/www.ucat.edu.ve\/web\/ucat-inicio-ano-ignaciano-con-la-visita-de-la-reliquia-del-beato-jose-gregorio-hernandez\/#primaryimage"},"thumbnailUrl":"https:\/\/www.ucat.edu.ve\/web\/wp-content\/uploads\/2021\/05\/Banner_Noti2_UCAT-inicio-Ano-Ignaciano-con-la-visita-de-la-reliquia-del-Beato-Jose-Gregorio-Hernandez-1.png","articleSection":["Noticias"],"inLanguage":"es-ES"},{"@type":"Person","@id":"https:\/\/www.ucat.edu.ve\/web\/#\/schema\/person\/e90fe655adf97bd5c1dbc608855d16cf","name":"Secretaria General","url":"https:\/\/www.ucat.edu.ve\/web\/author\/secgeucat\/"}]}},"_links":{"self":[{"href":"https:\/\/www.ucat.edu.ve\/web\/wp-json\/wp\/v2\/posts\/7136"}],"collection":[{"href":"https:\/\/www.ucat.edu.ve\/web\/wp-json\/wp\/v2\/posts"}],"about":[{"href":"https:\/\/www.ucat.edu.ve\/web\/wp-json\/wp\/v2\/types\/post"}],"author":[{"embeddable":true,"href":"https:\/\/www.ucat.edu.ve\/web\/wp-json\/wp\/v2\/users\/23"}],"replies":[{"embeddable":true,"href":"https:\/\/www.ucat.edu.ve\/web\/wp-json\/wp\/v2\/comments?post=7136"}],"version-history":[{"count":2,"href":"https:\/\/www.ucat.edu.ve\/web\/wp-json\/wp\/v2\/posts\/7136\/revisions"}],"predecessor-version":[{"id":7145,"href":"https:\/\/www.ucat.edu.ve\/web\/wp-json\/wp\/v2\/posts\/7136\/revisions\/7145"}],"wp:featuredmedia":[{"embeddable":true,"href":"https:\/\/www.ucat.edu.ve\/web\/wp-json\/wp\/v2\/media\/7144"}],"wp:attachment":[{"href":"https:\/\/www.ucat.edu.ve\/web\/wp-json\/wp\/v2\/media?parent=7136"}],"wp:term":[{"taxonomy":"category","embeddable":true,"href":"https:\/\/www.ucat.edu.ve\/web\/wp-json\/wp\/v2\/categories?post=7136"},{"taxonomy":"post_tag","embeddable":true,"href":"https:\/\/www.ucat.edu.ve\/web\/wp-json\/wp\/v2\/tags?post=7136"}],"curies":[{"name":"wp","href":"https:\/\/api.w.org\/{rel}","templated":true}]}}