 {"id":7447,"date":"2021-06-27T14:47:07","date_gmt":"2021-06-27T14:47:07","guid":{"rendered":"http:\/\/www.ucat.edu.ve\/web\/?p=7447"},"modified":"2021-06-27T14:47:07","modified_gmt":"2021-06-27T14:47:07","slug":"nota-de-duelo-sra-gladys-marina-soto-de-acero","status":"publish","type":"post","link":"https:\/\/www.ucat.edu.ve\/web\/nota-de-duelo-sra-gladys-marina-soto-de-acero\/","title":{"rendered":"Nota de Duelo &#8211; Sra. Gladys Marina Soto de Acero"},"content":{"rendered":"<p style=\"text-align: center;\"><img loading=\"lazy\" class=\"alignnone size-medium wp-image-7448\" src=\"http:\/\/www.ucat.edu.ve\/web\/wp-content\/uploads\/2021\/06\/Banner_Notis_NOTA_DUELO_Sra.-Gladys-Marina-Soto-de-Acero-521x289.png\" alt=\"\" width=\"521\" height=\"289\" srcset=\"https:\/\/www.ucat.edu.ve\/web\/wp-content\/uploads\/2021\/06\/Banner_Notis_NOTA_DUELO_Sra.-Gladys-Marina-Soto-de-Acero-521x289.png 521w, https:\/\/www.ucat.edu.ve\/web\/wp-content\/uploads\/2021\/06\/Banner_Notis_NOTA_DUELO_Sra.-Gladys-Marina-Soto-de-Acero.png 953w\" sizes=\"(max-width: 521px) 100vw, 521px\" \/><\/p>\n<p>Las Autoridades y dem\u00e1s miembros de la Comunidad de la Universidad Cat\u00f3lica del T\u00e1chira, lamentan profundamente el fallecimiento de la:<\/p>\n<h3 style=\"text-align: center;\">Sra. Gladys Marina Soto de Acero<\/h3>\n<p style=\"text-align: center;\">Madre de la profesora Mary Francy Acero, Profesora adscrita a la Facultad de Ciencias Jur\u00eddicas y Pol\u00edticas.<\/p>\n<p>Hecho luctuoso acaecido el d\u00eda de hoy, en esta ciudad de San Crist\u00f3bal. En estos momentos de dolor, hacemos llegar a la Profesora Mary Francy Acero y a toda su distinguida familia, nuestras palabras de esperanza cristiana en la Resurrecci\u00f3n final con las palabras que la Iglesia, desde sus or\u00edgenes, ha recordado en el canto de las letan\u00edas \u201cQuien cree en Ti Se\u00f1or, no morir\u00e1 para siempre\/Yo s\u00e9 que mi Redentor vive y el \u00faltimo d\u00eda resucitar\u00e9 de la tierra\u201d.<\/p>\n<p style=\"text-align: center;\"><em>San Crist\u00f3bal,\u00a027 de junio de 2021<\/em><\/p>\n","protected":false},"excerpt":{"rendered":"<p>Las Autoridades y dem\u00e1s miembros de la Comunidad de la Universidad Cat\u00f3lica del T\u00e1chira, lamentan profundamente el fallecimiento de la: Sra. Gladys Marina Soto de Acero Madre de la profesora Mary Francy Acero, Profesora adscrita a la Facultad de Ciencias Jur\u00eddicas y Pol\u00edticas. Hecho luctuoso acaecido el d\u00eda de hoy, en esta ciudad de San<\/p>\n","protected":false},"author":23,"featured_media":7448,"comment_status":"closed","ping_status":"closed","sticky":false,"template":"","format":"standard","meta":[],"categories":[3],"tags":[],"yoast_head":"<!-- This site is optimized with the Yoast SEO plugin v19.2 - https:\/\/yoast.com\/wordpress\/plugins\/seo\/ -->\n<title>Nota de Duelo - Sra. Gladys Marina Soto de Acero - Universidad Cat\u00f3lica del T\u00e1chira<\/title>\n<meta name=\"robots\" content=\"index, follow, max-snippet:-1, max-image-preview:large, max-video-preview:-1\" \/>\n<link rel=\"canonical\" href=\"https:\/\/www.ucat.edu.ve\/web\/nota-de-duelo-sra-gladys-marina-soto-de-acero\/\" \/>\n<meta property=\"og:locale\" content=\"es_ES\" \/>\n<meta property=\"og:type\" content=\"article\" \/>\n<meta property=\"og:title\" content=\"Nota de Duelo - Sra. Gladys Marina Soto de Acero - Universidad Cat\u00f3lica del T\u00e1chira\" \/>\n<meta property=\"og:description\" content=\"Las Autoridades y dem\u00e1s miembros de la Comunidad de la Universidad Cat\u00f3lica del T\u00e1chira, lamentan profundamente el fallecimiento de la: Sra. Gladys Marina Soto de Acero Madre de la profesora Mary Francy Acero, Profesora adscrita a la Facultad de Ciencias Jur\u00eddicas y Pol\u00edticas. Hecho luctuoso acaecido el d\u00eda de hoy, en esta ciudad de San\" \/>\n<meta property=\"og:url\" content=\"https:\/\/www.ucat.edu.ve\/web\/nota-de-duelo-sra-gladys-marina-soto-de-acero\/\" \/>\n<meta property=\"og:site_name\" content=\"Universidad Cat\u00f3lica del T\u00e1chira\" \/>\n<meta property=\"article:publisher\" content=\"https:\/\/www.facebook.com\/notiucat\/\" \/>\n<meta property=\"article:published_time\" content=\"2021-06-27T14:47:07+00:00\" \/>\n<meta property=\"og:image\" content=\"https:\/\/www.ucat.edu.ve\/web\/wp-content\/uploads\/2021\/06\/Banner_Notis_NOTA_DUELO_Sra.-Gladys-Marina-Soto-de-Acero.png\" \/>\n\t<meta property=\"og:image:width\" content=\"953\" \/>\n\t<meta property=\"og:image:height\" content=\"529\" \/>\n\t<meta property=\"og:image:type\" content=\"image\/png\" \/>\n<meta name=\"author\" content=\"Secretaria General\" \/>\n<meta name=\"twitter:card\" content=\"summary_large_image\" \/>\n<meta name=\"twitter:creator\" content=\"@notiucat\" \/>\n<meta name=\"twitter:site\" content=\"@notiucat\" \/>\n<meta name=\"twitter:label1\" content=\"Written by\" \/>\n\t<meta name=\"twitter:data1\" content=\"Secretaria General\" \/>\n\t<meta name=\"twitter:label2\" content=\"Est. reading time\" \/>\n\t<meta name=\"twitter:data2\" content=\"1 minuto\" \/>\n<script type=\"application\/ld+json\" class=\"yoast-schema-graph\">{\"@context\":\"https:\/\/schema.org\",\"@graph\":[{\"@type\":\"Organization\",\"@id\":\"https:\/\/www.ucat.edu.ve\/web\/#organization\",\"name\":\"Universidad Cat\u00f3lica Del T\u00e1chira UCAT\",\"url\":\"https:\/\/www.ucat.edu.ve\/web\/\",\"sameAs\":[\"https:\/\/www.instagram.com\/notiucat\/\",\"https:\/\/www.youtube.com\/channel\/UCwEbYSB1R9fzlII-8dcxuYA?view_as=subscriber\",\"https:\/\/www.facebook.com\/notiucat\/\",\"https:\/\/twitter.com\/notiucat\"],\"logo\":{\"@type\":\"ImageObject\",\"inLanguage\":\"es-ES\",\"@id\":\"https:\/\/www.ucat.edu.ve\/web\/#\/schema\/logo\/image\/\",\"url\":\"https:\/\/www.ucat.edu.ve\/web\/wp-content\/uploads\/2015\/07\/logoucat.gif\",\"contentUrl\":\"https:\/\/www.ucat.edu.ve\/web\/wp-content\/uploads\/2015\/07\/logoucat.gif\",\"width\":219,\"height\":155,\"caption\":\"Universidad Cat\u00f3lica Del T\u00e1chira UCAT\"},\"image\":{\"@id\":\"https:\/\/www.ucat.edu.ve\/web\/#\/schema\/logo\/image\/\"}},{\"@type\":\"WebSite\",\"@id\":\"https:\/\/www.ucat.edu.ve\/web\/#website\",\"url\":\"https:\/\/www.ucat.edu.ve\/web\/\",\"name\":\"Universidad Cat\u00f3lica del T\u00e1chira\",\"description\":\"\",\"publisher\":{\"@id\":\"https:\/\/www.ucat.edu.ve\/web\/#organization\"},\"potentialAction\":[{\"@type\":\"SearchAction\",\"target\":{\"@type\":\"EntryPoint\",\"urlTemplate\":\"https:\/\/www.ucat.edu.ve\/web\/?s={search_term_string}\"},\"query-input\":\"required name=search_term_string\"}],\"inLanguage\":\"es-ES\"},{\"@type\":\"ImageObject\",\"inLanguage\":\"es-ES\",\"@id\":\"https:\/\/www.ucat.edu.ve\/web\/nota-de-duelo-sra-gladys-marina-soto-de-acero\/#primaryimage\",\"url\":\"https:\/\/www.ucat.edu.ve\/web\/wp-content\/uploads\/2021\/06\/Banner_Notis_NOTA_DUELO_Sra.-Gladys-Marina-Soto-de-Acero.png\",\"contentUrl\":\"https:\/\/www.ucat.edu.ve\/web\/wp-content\/uploads\/2021\/06\/Banner_Notis_NOTA_DUELO_Sra.-Gladys-Marina-Soto-de-Acero.png\",\"width\":953,\"height\":529},{\"@type\":\"WebPage\",\"@id\":\"https:\/\/www.ucat.edu.ve\/web\/nota-de-duelo-sra-gladys-marina-soto-de-acero\/#webpage\",\"url\":\"https:\/\/www.ucat.edu.ve\/web\/nota-de-duelo-sra-gladys-marina-soto-de-acero\/\",\"name\":\"Nota de Duelo - Sra. Gladys Marina Soto de Acero - Universidad Cat\u00f3lica del T\u00e1chira\",\"isPartOf\":{\"@id\":\"https:\/\/www.ucat.edu.ve\/web\/#website\"},\"primaryImageOfPage\":{\"@id\":\"https:\/\/www.ucat.edu.ve\/web\/nota-de-duelo-sra-gladys-marina-soto-de-acero\/#primaryimage\"},\"datePublished\":\"2021-06-27T14:47:07+00:00\",\"dateModified\":\"2021-06-27T14:47:07+00:00\",\"breadcrumb\":{\"@id\":\"https:\/\/www.ucat.edu.ve\/web\/nota-de-duelo-sra-gladys-marina-soto-de-acero\/#breadcrumb\"},\"inLanguage\":\"es-ES\",\"potentialAction\":[{\"@type\":\"ReadAction\",\"target\":[\"https:\/\/www.ucat.edu.ve\/web\/nota-de-duelo-sra-gladys-marina-soto-de-acero\/\"]}]},{\"@type\":\"BreadcrumbList\",\"@id\":\"https:\/\/www.ucat.edu.ve\/web\/nota-de-duelo-sra-gladys-marina-soto-de-acero\/#breadcrumb\",\"itemListElement\":[{\"@type\":\"ListItem\",\"position\":1,\"name\":\"Home\",\"item\":\"https:\/\/www.ucat.edu.ve\/web\/\"},{\"@type\":\"ListItem\",\"position\":2,\"name\":\"Nota de Duelo &#8211; Sra. Gladys Marina Soto de Acero\"}]},{\"@type\":\"Article\",\"@id\":\"https:\/\/www.ucat.edu.ve\/web\/nota-de-duelo-sra-gladys-marina-soto-de-acero\/#article\",\"isPartOf\":{\"@id\":\"https:\/\/www.ucat.edu.ve\/web\/nota-de-duelo-sra-gladys-marina-soto-de-acero\/#webpage\"},\"author\":{\"name\":\"Secretaria General\",\"@id\":\"https:\/\/www.ucat.edu.ve\/web\/#\/schema\/person\/e90fe655adf97bd5c1dbc608855d16cf\"},\"headline\":\"Nota de Duelo &#8211; Sra. Gladys Marina Soto de Acero\",\"datePublished\":\"2021-06-27T14:47:07+00:00\",\"dateModified\":\"2021-06-27T14:47:07+00:00\",\"mainEntityOfPage\":{\"@id\":\"https:\/\/www.ucat.edu.ve\/web\/nota-de-duelo-sra-gladys-marina-soto-de-acero\/#webpage\"},\"wordCount\":152,\"publisher\":{\"@id\":\"https:\/\/www.ucat.edu.ve\/web\/#organization\"},\"image\":{\"@id\":\"https:\/\/www.ucat.edu.ve\/web\/nota-de-duelo-sra-gladys-marina-soto-de-acero\/#primaryimage\"},\"thumbnailUrl\":\"https:\/\/www.ucat.edu.ve\/web\/wp-content\/uploads\/2021\/06\/Banner_Notis_NOTA_DUELO_Sra.-Gladys-Marina-Soto-de-Acero.png\",\"articleSection\":[\"Noticias\"],\"inLanguage\":\"es-ES\"},{\"@type\":\"Person\",\"@id\":\"https:\/\/www.ucat.edu.ve\/web\/#\/schema\/person\/e90fe655adf97bd5c1dbc608855d16cf\",\"name\":\"Secretaria General\",\"url\":\"https:\/\/www.ucat.edu.ve\/web\/author\/secgeucat\/\"}]}<\/script>\n<!-- \/ Yoast SEO plugin. -->","yoast_head_json":{"title":"Nota de Duelo - Sra. Gladys Marina Soto de Acero - Universidad Cat\u00f3lica del T\u00e1chira","robots":{"index":"index","follow":"follow","max-snippet":"max-snippet:-1","max-image-preview":"max-image-preview:large","max-video-preview":"max-video-preview:-1"},"canonical":"https:\/\/www.ucat.edu.ve\/web\/nota-de-duelo-sra-gladys-marina-soto-de-acero\/","og_locale":"es_ES","og_type":"article","og_title":"Nota de Duelo - Sra. Gladys Marina Soto de Acero - Universidad Cat\u00f3lica del T\u00e1chira","og_description":"Las Autoridades y dem\u00e1s miembros de la Comunidad de la Universidad Cat\u00f3lica del T\u00e1chira, lamentan profundamente el fallecimiento de la: Sra. Gladys Marina Soto de Acero Madre de la profesora Mary Francy Acero, Profesora adscrita a la Facultad de Ciencias Jur\u00eddicas y Pol\u00edticas. Hecho luctuoso acaecido el d\u00eda de hoy, en esta ciudad de San","og_url":"https:\/\/www.ucat.edu.ve\/web\/nota-de-duelo-sra-gladys-marina-soto-de-acero\/","og_site_name":"Universidad Cat\u00f3lica del T\u00e1chira","article_publisher":"https:\/\/www.facebook.com\/notiucat\/","article_published_time":"2021-06-27T14:47:07+00:00","og_image":[{"width":953,"height":529,"url":"https:\/\/www.ucat.edu.ve\/web\/wp-content\/uploads\/2021\/06\/Banner_Notis_NOTA_DUELO_Sra.-Gladys-Marina-Soto-de-Acero.png","type":"image\/png"}],"author":"Secretaria General","twitter_card":"summary_large_image","twitter_creator":"@notiucat","twitter_site":"@notiucat","twitter_misc":{"Written by":"Secretaria General","Est. reading time":"1 minuto"},"schema":{"@context":"https:\/\/schema.org","@graph":[{"@type":"Organization","@id":"https:\/\/www.ucat.edu.ve\/web\/#organization","name":"Universidad Cat\u00f3lica Del T\u00e1chira UCAT","url":"https:\/\/www.ucat.edu.ve\/web\/","sameAs":["https:\/\/www.instagram.com\/notiucat\/","https:\/\/www.youtube.com\/channel\/UCwEbYSB1R9fzlII-8dcxuYA?view_as=subscriber","https:\/\/www.facebook.com\/notiucat\/","https:\/\/twitter.com\/notiucat"],"logo":{"@type":"ImageObject","inLanguage":"es-ES","@id":"https:\/\/www.ucat.edu.ve\/web\/#\/schema\/logo\/image\/","url":"https:\/\/www.ucat.edu.ve\/web\/wp-content\/uploads\/2015\/07\/logoucat.gif","contentUrl":"https:\/\/www.ucat.edu.ve\/web\/wp-content\/uploads\/2015\/07\/logoucat.gif","width":219,"height":155,"caption":"Universidad Cat\u00f3lica Del T\u00e1chira UCAT"},"image":{"@id":"https:\/\/www.ucat.edu.ve\/web\/#\/schema\/logo\/image\/"}},{"@type":"WebSite","@id":"https:\/\/www.ucat.edu.ve\/web\/#website","url":"https:\/\/www.ucat.edu.ve\/web\/","name":"Universidad Cat\u00f3lica del T\u00e1chira","description":"","publisher":{"@id":"https:\/\/www.ucat.edu.ve\/web\/#organization"},"potentialAction":[{"@type":"SearchAction","target":{"@type":"EntryPoint","urlTemplate":"https:\/\/www.ucat.edu.ve\/web\/?s={search_term_string}"},"query-input":"required name=search_term_string"}],"inLanguage":"es-ES"},{"@type":"ImageObject","inLanguage":"es-ES","@id":"https:\/\/www.ucat.edu.ve\/web\/nota-de-duelo-sra-gladys-marina-soto-de-acero\/#primaryimage","url":"https:\/\/www.ucat.edu.ve\/web\/wp-content\/uploads\/2021\/06\/Banner_Notis_NOTA_DUELO_Sra.-Gladys-Marina-Soto-de-Acero.png","contentUrl":"https:\/\/www.ucat.edu.ve\/web\/wp-content\/uploads\/2021\/06\/Banner_Notis_NOTA_DUELO_Sra.-Gladys-Marina-Soto-de-Acero.png","width":953,"height":529},{"@type":"WebPage","@id":"https:\/\/www.ucat.edu.ve\/web\/nota-de-duelo-sra-gladys-marina-soto-de-acero\/#webpage","url":"https:\/\/www.ucat.edu.ve\/web\/nota-de-duelo-sra-gladys-marina-soto-de-acero\/","name":"Nota de Duelo - Sra. Gladys Marina Soto de Acero - Universidad Cat\u00f3lica del T\u00e1chira","isPartOf":{"@id":"https:\/\/www.ucat.edu.ve\/web\/#website"},"primaryImageOfPage":{"@id":"https:\/\/www.ucat.edu.ve\/web\/nota-de-duelo-sra-gladys-marina-soto-de-acero\/#primaryimage"},"datePublished":"2021-06-27T14:47:07+00:00","dateModified":"2021-06-27T14:47:07+00:00","breadcrumb":{"@id":"https:\/\/www.ucat.edu.ve\/web\/nota-de-duelo-sra-gladys-marina-soto-de-acero\/#breadcrumb"},"inLanguage":"es-ES","potentialAction":[{"@type":"ReadAction","target":["https:\/\/www.ucat.edu.ve\/web\/nota-de-duelo-sra-gladys-marina-soto-de-acero\/"]}]},{"@type":"BreadcrumbList","@id":"https:\/\/www.ucat.edu.ve\/web\/nota-de-duelo-sra-gladys-marina-soto-de-acero\/#breadcrumb","itemListElement":[{"@type":"ListItem","position":1,"name":"Home","item":"https:\/\/www.ucat.edu.ve\/web\/"},{"@type":"ListItem","position":2,"name":"Nota de Duelo &#8211; Sra. Gladys Marina Soto de Acero"}]},{"@type":"Article","@id":"https:\/\/www.ucat.edu.ve\/web\/nota-de-duelo-sra-gladys-marina-soto-de-acero\/#article","isPartOf":{"@id":"https:\/\/www.ucat.edu.ve\/web\/nota-de-duelo-sra-gladys-marina-soto-de-acero\/#webpage"},"author":{"name":"Secretaria General","@id":"https:\/\/www.ucat.edu.ve\/web\/#\/schema\/person\/e90fe655adf97bd5c1dbc608855d16cf"},"headline":"Nota de Duelo &#8211; Sra. Gladys Marina Soto de Acero","datePublished":"2021-06-27T14:47:07+00:00","dateModified":"2021-06-27T14:47:07+00:00","mainEntityOfPage":{"@id":"https:\/\/www.ucat.edu.ve\/web\/nota-de-duelo-sra-gladys-marina-soto-de-acero\/#webpage"},"wordCount":152,"publisher":{"@id":"https:\/\/www.ucat.edu.ve\/web\/#organization"},"image":{"@id":"https:\/\/www.ucat.edu.ve\/web\/nota-de-duelo-sra-gladys-marina-soto-de-acero\/#primaryimage"},"thumbnailUrl":"https:\/\/www.ucat.edu.ve\/web\/wp-content\/uploads\/2021\/06\/Banner_Notis_NOTA_DUELO_Sra.-Gladys-Marina-Soto-de-Acero.png","articleSection":["Noticias"],"inLanguage":"es-ES"},{"@type":"Person","@id":"https:\/\/www.ucat.edu.ve\/web\/#\/schema\/person\/e90fe655adf97bd5c1dbc608855d16cf","name":"Secretaria General","url":"https:\/\/www.ucat.edu.ve\/web\/author\/secgeucat\/"}]}},"_links":{"self":[{"href":"https:\/\/www.ucat.edu.ve\/web\/wp-json\/wp\/v2\/posts\/7447"}],"collection":[{"href":"https:\/\/www.ucat.edu.ve\/web\/wp-json\/wp\/v2\/posts"}],"about":[{"href":"https:\/\/www.ucat.edu.ve\/web\/wp-json\/wp\/v2\/types\/post"}],"author":[{"embeddable":true,"href":"https:\/\/www.ucat.edu.ve\/web\/wp-json\/wp\/v2\/users\/23"}],"replies":[{"embeddable":true,"href":"https:\/\/www.ucat.edu.ve\/web\/wp-json\/wp\/v2\/comments?post=7447"}],"version-history":[{"count":1,"href":"https:\/\/www.ucat.edu.ve\/web\/wp-json\/wp\/v2\/posts\/7447\/revisions"}],"predecessor-version":[{"id":7449,"href":"https:\/\/www.ucat.edu.ve\/web\/wp-json\/wp\/v2\/posts\/7447\/revisions\/7449"}],"wp:featuredmedia":[{"embeddable":true,"href":"https:\/\/www.ucat.edu.ve\/web\/wp-json\/wp\/v2\/media\/7448"}],"wp:attachment":[{"href":"https:\/\/www.ucat.edu.ve\/web\/wp-json\/wp\/v2\/media?parent=7447"}],"wp:term":[{"taxonomy":"category","embeddable":true,"href":"https:\/\/www.ucat.edu.ve\/web\/wp-json\/wp\/v2\/categories?post=7447"},{"taxonomy":"post_tag","embeddable":true,"href":"https:\/\/www.ucat.edu.ve\/web\/wp-json\/wp\/v2\/tags?post=7447"}],"curies":[{"name":"wp","href":"https:\/\/api.w.org\/{rel}","templated":true}]}}