 {"id":7482,"date":"2021-06-28T17:32:43","date_gmt":"2021-06-28T17:32:43","guid":{"rendered":"http:\/\/www.ucat.edu.ve\/web\/?p=7482"},"modified":"2021-07-01T02:56:27","modified_gmt":"2021-07-01T02:56:27","slug":"jornada-de-estudio-y-reflexion-sobre-el-beato-jose-gregorio-hernandez","status":"publish","type":"post","link":"https:\/\/www.ucat.edu.ve\/web\/jornada-de-estudio-y-reflexion-sobre-el-beato-jose-gregorio-hernandez\/","title":{"rendered":"Jornada de estudio y reflexi\u00f3n sobre el Beato Jos\u00e9 Gregorio Hern\u00e1ndez"},"content":{"rendered":"<p style=\"text-align: center\"><img loading=\"lazy\" class=\"alignnone size-medium wp-image-7483\" src=\"http:\/\/www.ucat.edu.ve\/web\/wp-content\/uploads\/2021\/06\/Jornada-de-estudio-y-reflexion-sobre-el-Beato-Jose-Gregorio-Hernandez-521x289.png\" alt=\"\" width=\"521\" height=\"289\" srcset=\"https:\/\/www.ucat.edu.ve\/web\/wp-content\/uploads\/2021\/06\/Jornada-de-estudio-y-reflexion-sobre-el-Beato-Jose-Gregorio-Hernandez-521x289.png 521w, https:\/\/www.ucat.edu.ve\/web\/wp-content\/uploads\/2021\/06\/Jornada-de-estudio-y-reflexion-sobre-el-Beato-Jose-Gregorio-Hernandez.png 953w\" sizes=\"(max-width: 521px) 100vw, 521px\" \/><\/p>\n<p style=\"font-weight: 400\">\u201cLa reciente beatificaci\u00f3n de Jos\u00e9 Gregorio Hern\u00e1ndez ha sido para Venezuela y el mundo un momento de gracia\u201d, expres\u00f3 monse\u00f1or Mario Moronta, Gran Canciller de la Universidad Cat\u00f3lica del T\u00e1chira en la Jornada de Reflexi\u00f3n sobre el Beato venezolano que se efectu\u00f3 en el auditorio de la UCAT el pasado 5 de junio.<\/p>\n<p style=\"font-weight: 400\">La \u201cJornada de estudio y reflexi\u00f3n sobre el Beato Jos\u00e9 Gregorio Hern\u00e1ndez Cisneros\u201d fue organizada por la Di\u00f3cesis de San Crist\u00f3bal,\u00a0 junto a la Facultad de Ciencias de la Religi\u00f3n de la UCAT, la Academia de Historia del Estado T\u00e1chira y la Academia de Medicina del T\u00e1chira.<\/p>\n<p style=\"font-weight: 400\">\u201cSe ha ido creando una corriente muy particular de gracia que conlleva conocer la vida y obra del Beato para enriquecer a todos los creyentes y personas de buena voluntad. Esto nos impulsa a verlo como el ejemplo a imitar. Pero a la vez lo hemos redescubierto como el evangelizador de la cultura\u201d, expres\u00f3 el Obispo Mario Moronta.<\/p>\n<p style=\"font-weight: 400\">La actividad comenz\u00f3 con el saludo y bienvenida del sacerdote Ricardo Casanova, Vicerrector de la UCAT, y posteriormente se desarrollaron las diversas conferencias y ponencias.<\/p>\n<p style=\"font-weight: 400\">Las conferencias estuvieron a cargo de Monse\u00f1or Mario Moronta: \u201cSignificado de Jos\u00e9 Gregorio Hern\u00e1ndez para Venezuela\u201d, Pbro. Luis Gilberto Santander: \u201cEl Doctor Jos\u00e9 Gregorio Hern\u00e1ndez en el T\u00e1chira\u201d, y el Dr. Rolando Anselmi: \u201cJos\u00e9 Gregorio Hern\u00e1ndez de la ciencia m\u00e9dica\u00a0 a la\u00a0pr\u00e1ctica de la fe, un apostolado\u201d.<\/p>\n<p style=\"font-weight: 400\">Los coordinadores del evento informaron que las diversas participaciones se publicaran semanalmente en el canal de\u00a0 YouTube de la Universidad Cat\u00f3lica del T\u00e1chira.<\/p>\n<p style=\"font-weight: 400;text-align: right\">(Prensa UCAT)<\/p>\n<h3 style=\"font-weight: 400;text-align: center\"><strong><a href=\"https:\/\/www.youtube.com\/watch?v=6Sag9HUeDK8\" target=\"_blank\" rel=\"noopener\">VER VIDEO<\/a><\/strong><\/h3>\n","protected":false},"excerpt":{"rendered":"<p>\u201cLa reciente beatificaci\u00f3n de Jos\u00e9 Gregorio Hern\u00e1ndez ha sido para Venezuela y el mundo un momento de gracia\u201d, expres\u00f3 monse\u00f1or Mario Moronta, Gran Canciller de la Universidad Cat\u00f3lica del T\u00e1chira en la Jornada de Reflexi\u00f3n sobre el Beato venezolano que se efectu\u00f3 en el auditorio de la UCAT el pasado 5 de junio. La \u201cJornada<\/p>\n","protected":false},"author":23,"featured_media":7483,"comment_status":"closed","ping_status":"closed","sticky":false,"template":"","format":"standard","meta":[],"categories":[3],"tags":[],"yoast_head":"<!-- This site is optimized with the Yoast SEO plugin v19.2 - https:\/\/yoast.com\/wordpress\/plugins\/seo\/ -->\n<title>Jornada de estudio y reflexi\u00f3n sobre el Beato Jos\u00e9 Gregorio Hern\u00e1ndez - Universidad Cat\u00f3lica del T\u00e1chira<\/title>\n<meta name=\"robots\" content=\"index, follow, max-snippet:-1, max-image-preview:large, max-video-preview:-1\" \/>\n<link rel=\"canonical\" href=\"https:\/\/www.ucat.edu.ve\/web\/jornada-de-estudio-y-reflexion-sobre-el-beato-jose-gregorio-hernandez\/\" \/>\n<meta property=\"og:locale\" content=\"es_ES\" \/>\n<meta property=\"og:type\" content=\"article\" \/>\n<meta property=\"og:title\" content=\"Jornada de estudio y reflexi\u00f3n sobre el Beato Jos\u00e9 Gregorio Hern\u00e1ndez - Universidad Cat\u00f3lica del T\u00e1chira\" \/>\n<meta property=\"og:description\" content=\"\u201cLa reciente beatificaci\u00f3n de Jos\u00e9 Gregorio Hern\u00e1ndez ha sido para Venezuela y el mundo un momento de gracia\u201d, expres\u00f3 monse\u00f1or Mario Moronta, Gran Canciller de la Universidad Cat\u00f3lica del T\u00e1chira en la Jornada de Reflexi\u00f3n sobre el Beato venezolano que se efectu\u00f3 en el auditorio de la UCAT el pasado 5 de junio. La \u201cJornada\" \/>\n<meta property=\"og:url\" content=\"https:\/\/www.ucat.edu.ve\/web\/jornada-de-estudio-y-reflexion-sobre-el-beato-jose-gregorio-hernandez\/\" \/>\n<meta property=\"og:site_name\" content=\"Universidad Cat\u00f3lica del T\u00e1chira\" \/>\n<meta property=\"article:publisher\" content=\"https:\/\/www.facebook.com\/notiucat\/\" \/>\n<meta property=\"article:published_time\" content=\"2021-06-28T17:32:43+00:00\" \/>\n<meta property=\"article:modified_time\" content=\"2021-07-01T02:56:27+00:00\" \/>\n<meta property=\"og:image\" content=\"https:\/\/www.ucat.edu.ve\/web\/wp-content\/uploads\/2021\/06\/Jornada-de-estudio-y-reflexion-sobre-el-Beato-Jose-Gregorio-Hernandez.png\" \/>\n\t<meta property=\"og:image:width\" content=\"953\" \/>\n\t<meta property=\"og:image:height\" content=\"529\" \/>\n\t<meta property=\"og:image:type\" content=\"image\/png\" \/>\n<meta name=\"author\" content=\"Secretaria General\" \/>\n<meta name=\"twitter:card\" content=\"summary_large_image\" \/>\n<meta name=\"twitter:creator\" content=\"@notiucat\" \/>\n<meta name=\"twitter:site\" content=\"@notiucat\" \/>\n<meta name=\"twitter:label1\" content=\"Written by\" \/>\n\t<meta name=\"twitter:data1\" content=\"Secretaria General\" \/>\n\t<meta name=\"twitter:label2\" content=\"Est. reading time\" \/>\n\t<meta name=\"twitter:data2\" content=\"2 minutos\" \/>\n<script type=\"application\/ld+json\" class=\"yoast-schema-graph\">{\"@context\":\"https:\/\/schema.org\",\"@graph\":[{\"@type\":\"Organization\",\"@id\":\"https:\/\/www.ucat.edu.ve\/web\/#organization\",\"name\":\"Universidad Cat\u00f3lica Del T\u00e1chira UCAT\",\"url\":\"https:\/\/www.ucat.edu.ve\/web\/\",\"sameAs\":[\"https:\/\/www.instagram.com\/notiucat\/\",\"https:\/\/www.youtube.com\/channel\/UCwEbYSB1R9fzlII-8dcxuYA?view_as=subscriber\",\"https:\/\/www.facebook.com\/notiucat\/\",\"https:\/\/twitter.com\/notiucat\"],\"logo\":{\"@type\":\"ImageObject\",\"inLanguage\":\"es-ES\",\"@id\":\"https:\/\/www.ucat.edu.ve\/web\/#\/schema\/logo\/image\/\",\"url\":\"https:\/\/www.ucat.edu.ve\/web\/wp-content\/uploads\/2015\/07\/logoucat.gif\",\"contentUrl\":\"https:\/\/www.ucat.edu.ve\/web\/wp-content\/uploads\/2015\/07\/logoucat.gif\",\"width\":219,\"height\":155,\"caption\":\"Universidad Cat\u00f3lica Del T\u00e1chira UCAT\"},\"image\":{\"@id\":\"https:\/\/www.ucat.edu.ve\/web\/#\/schema\/logo\/image\/\"}},{\"@type\":\"WebSite\",\"@id\":\"https:\/\/www.ucat.edu.ve\/web\/#website\",\"url\":\"https:\/\/www.ucat.edu.ve\/web\/\",\"name\":\"Universidad Cat\u00f3lica del T\u00e1chira\",\"description\":\"\",\"publisher\":{\"@id\":\"https:\/\/www.ucat.edu.ve\/web\/#organization\"},\"potentialAction\":[{\"@type\":\"SearchAction\",\"target\":{\"@type\":\"EntryPoint\",\"urlTemplate\":\"https:\/\/www.ucat.edu.ve\/web\/?s={search_term_string}\"},\"query-input\":\"required name=search_term_string\"}],\"inLanguage\":\"es-ES\"},{\"@type\":\"ImageObject\",\"inLanguage\":\"es-ES\",\"@id\":\"https:\/\/www.ucat.edu.ve\/web\/jornada-de-estudio-y-reflexion-sobre-el-beato-jose-gregorio-hernandez\/#primaryimage\",\"url\":\"https:\/\/www.ucat.edu.ve\/web\/wp-content\/uploads\/2021\/06\/Jornada-de-estudio-y-reflexion-sobre-el-Beato-Jose-Gregorio-Hernandez.png\",\"contentUrl\":\"https:\/\/www.ucat.edu.ve\/web\/wp-content\/uploads\/2021\/06\/Jornada-de-estudio-y-reflexion-sobre-el-Beato-Jose-Gregorio-Hernandez.png\",\"width\":953,\"height\":529},{\"@type\":\"WebPage\",\"@id\":\"https:\/\/www.ucat.edu.ve\/web\/jornada-de-estudio-y-reflexion-sobre-el-beato-jose-gregorio-hernandez\/#webpage\",\"url\":\"https:\/\/www.ucat.edu.ve\/web\/jornada-de-estudio-y-reflexion-sobre-el-beato-jose-gregorio-hernandez\/\",\"name\":\"Jornada de estudio y reflexi\u00f3n sobre el Beato Jos\u00e9 Gregorio Hern\u00e1ndez - Universidad Cat\u00f3lica del T\u00e1chira\",\"isPartOf\":{\"@id\":\"https:\/\/www.ucat.edu.ve\/web\/#website\"},\"primaryImageOfPage\":{\"@id\":\"https:\/\/www.ucat.edu.ve\/web\/jornada-de-estudio-y-reflexion-sobre-el-beato-jose-gregorio-hernandez\/#primaryimage\"},\"datePublished\":\"2021-06-28T17:32:43+00:00\",\"dateModified\":\"2021-07-01T02:56:27+00:00\",\"breadcrumb\":{\"@id\":\"https:\/\/www.ucat.edu.ve\/web\/jornada-de-estudio-y-reflexion-sobre-el-beato-jose-gregorio-hernandez\/#breadcrumb\"},\"inLanguage\":\"es-ES\",\"potentialAction\":[{\"@type\":\"ReadAction\",\"target\":[\"https:\/\/www.ucat.edu.ve\/web\/jornada-de-estudio-y-reflexion-sobre-el-beato-jose-gregorio-hernandez\/\"]}]},{\"@type\":\"BreadcrumbList\",\"@id\":\"https:\/\/www.ucat.edu.ve\/web\/jornada-de-estudio-y-reflexion-sobre-el-beato-jose-gregorio-hernandez\/#breadcrumb\",\"itemListElement\":[{\"@type\":\"ListItem\",\"position\":1,\"name\":\"Home\",\"item\":\"https:\/\/www.ucat.edu.ve\/web\/\"},{\"@type\":\"ListItem\",\"position\":2,\"name\":\"Jornada de estudio y reflexi\u00f3n sobre el Beato Jos\u00e9 Gregorio Hern\u00e1ndez\"}]},{\"@type\":\"Article\",\"@id\":\"https:\/\/www.ucat.edu.ve\/web\/jornada-de-estudio-y-reflexion-sobre-el-beato-jose-gregorio-hernandez\/#article\",\"isPartOf\":{\"@id\":\"https:\/\/www.ucat.edu.ve\/web\/jornada-de-estudio-y-reflexion-sobre-el-beato-jose-gregorio-hernandez\/#webpage\"},\"author\":{\"name\":\"Secretaria General\",\"@id\":\"https:\/\/www.ucat.edu.ve\/web\/#\/schema\/person\/e90fe655adf97bd5c1dbc608855d16cf\"},\"headline\":\"Jornada de estudio y reflexi\u00f3n sobre el Beato Jos\u00e9 Gregorio Hern\u00e1ndez\",\"datePublished\":\"2021-06-28T17:32:43+00:00\",\"dateModified\":\"2021-07-01T02:56:27+00:00\",\"mainEntityOfPage\":{\"@id\":\"https:\/\/www.ucat.edu.ve\/web\/jornada-de-estudio-y-reflexion-sobre-el-beato-jose-gregorio-hernandez\/#webpage\"},\"wordCount\":292,\"publisher\":{\"@id\":\"https:\/\/www.ucat.edu.ve\/web\/#organization\"},\"image\":{\"@id\":\"https:\/\/www.ucat.edu.ve\/web\/jornada-de-estudio-y-reflexion-sobre-el-beato-jose-gregorio-hernandez\/#primaryimage\"},\"thumbnailUrl\":\"https:\/\/www.ucat.edu.ve\/web\/wp-content\/uploads\/2021\/06\/Jornada-de-estudio-y-reflexion-sobre-el-Beato-Jose-Gregorio-Hernandez.png\",\"articleSection\":[\"Noticias\"],\"inLanguage\":\"es-ES\"},{\"@type\":\"Person\",\"@id\":\"https:\/\/www.ucat.edu.ve\/web\/#\/schema\/person\/e90fe655adf97bd5c1dbc608855d16cf\",\"name\":\"Secretaria General\",\"url\":\"https:\/\/www.ucat.edu.ve\/web\/author\/secgeucat\/\"}]}<\/script>\n<!-- \/ Yoast SEO plugin. -->","yoast_head_json":{"title":"Jornada de estudio y reflexi\u00f3n sobre el Beato Jos\u00e9 Gregorio Hern\u00e1ndez - Universidad Cat\u00f3lica del T\u00e1chira","robots":{"index":"index","follow":"follow","max-snippet":"max-snippet:-1","max-image-preview":"max-image-preview:large","max-video-preview":"max-video-preview:-1"},"canonical":"https:\/\/www.ucat.edu.ve\/web\/jornada-de-estudio-y-reflexion-sobre-el-beato-jose-gregorio-hernandez\/","og_locale":"es_ES","og_type":"article","og_title":"Jornada de estudio y reflexi\u00f3n sobre el Beato Jos\u00e9 Gregorio Hern\u00e1ndez - Universidad Cat\u00f3lica del T\u00e1chira","og_description":"\u201cLa reciente beatificaci\u00f3n de Jos\u00e9 Gregorio Hern\u00e1ndez ha sido para Venezuela y el mundo un momento de gracia\u201d, expres\u00f3 monse\u00f1or Mario Moronta, Gran Canciller de la Universidad Cat\u00f3lica del T\u00e1chira en la Jornada de Reflexi\u00f3n sobre el Beato venezolano que se efectu\u00f3 en el auditorio de la UCAT el pasado 5 de junio. La \u201cJornada","og_url":"https:\/\/www.ucat.edu.ve\/web\/jornada-de-estudio-y-reflexion-sobre-el-beato-jose-gregorio-hernandez\/","og_site_name":"Universidad Cat\u00f3lica del T\u00e1chira","article_publisher":"https:\/\/www.facebook.com\/notiucat\/","article_published_time":"2021-06-28T17:32:43+00:00","article_modified_time":"2021-07-01T02:56:27+00:00","og_image":[{"width":953,"height":529,"url":"https:\/\/www.ucat.edu.ve\/web\/wp-content\/uploads\/2021\/06\/Jornada-de-estudio-y-reflexion-sobre-el-Beato-Jose-Gregorio-Hernandez.png","type":"image\/png"}],"author":"Secretaria General","twitter_card":"summary_large_image","twitter_creator":"@notiucat","twitter_site":"@notiucat","twitter_misc":{"Written by":"Secretaria General","Est. reading time":"2 minutos"},"schema":{"@context":"https:\/\/schema.org","@graph":[{"@type":"Organization","@id":"https:\/\/www.ucat.edu.ve\/web\/#organization","name":"Universidad Cat\u00f3lica Del T\u00e1chira UCAT","url":"https:\/\/www.ucat.edu.ve\/web\/","sameAs":["https:\/\/www.instagram.com\/notiucat\/","https:\/\/www.youtube.com\/channel\/UCwEbYSB1R9fzlII-8dcxuYA?view_as=subscriber","https:\/\/www.facebook.com\/notiucat\/","https:\/\/twitter.com\/notiucat"],"logo":{"@type":"ImageObject","inLanguage":"es-ES","@id":"https:\/\/www.ucat.edu.ve\/web\/#\/schema\/logo\/image\/","url":"https:\/\/www.ucat.edu.ve\/web\/wp-content\/uploads\/2015\/07\/logoucat.gif","contentUrl":"https:\/\/www.ucat.edu.ve\/web\/wp-content\/uploads\/2015\/07\/logoucat.gif","width":219,"height":155,"caption":"Universidad Cat\u00f3lica Del T\u00e1chira UCAT"},"image":{"@id":"https:\/\/www.ucat.edu.ve\/web\/#\/schema\/logo\/image\/"}},{"@type":"WebSite","@id":"https:\/\/www.ucat.edu.ve\/web\/#website","url":"https:\/\/www.ucat.edu.ve\/web\/","name":"Universidad Cat\u00f3lica del T\u00e1chira","description":"","publisher":{"@id":"https:\/\/www.ucat.edu.ve\/web\/#organization"},"potentialAction":[{"@type":"SearchAction","target":{"@type":"EntryPoint","urlTemplate":"https:\/\/www.ucat.edu.ve\/web\/?s={search_term_string}"},"query-input":"required name=search_term_string"}],"inLanguage":"es-ES"},{"@type":"ImageObject","inLanguage":"es-ES","@id":"https:\/\/www.ucat.edu.ve\/web\/jornada-de-estudio-y-reflexion-sobre-el-beato-jose-gregorio-hernandez\/#primaryimage","url":"https:\/\/www.ucat.edu.ve\/web\/wp-content\/uploads\/2021\/06\/Jornada-de-estudio-y-reflexion-sobre-el-Beato-Jose-Gregorio-Hernandez.png","contentUrl":"https:\/\/www.ucat.edu.ve\/web\/wp-content\/uploads\/2021\/06\/Jornada-de-estudio-y-reflexion-sobre-el-Beato-Jose-Gregorio-Hernandez.png","width":953,"height":529},{"@type":"WebPage","@id":"https:\/\/www.ucat.edu.ve\/web\/jornada-de-estudio-y-reflexion-sobre-el-beato-jose-gregorio-hernandez\/#webpage","url":"https:\/\/www.ucat.edu.ve\/web\/jornada-de-estudio-y-reflexion-sobre-el-beato-jose-gregorio-hernandez\/","name":"Jornada de estudio y reflexi\u00f3n sobre el Beato Jos\u00e9 Gregorio Hern\u00e1ndez - Universidad Cat\u00f3lica del T\u00e1chira","isPartOf":{"@id":"https:\/\/www.ucat.edu.ve\/web\/#website"},"primaryImageOfPage":{"@id":"https:\/\/www.ucat.edu.ve\/web\/jornada-de-estudio-y-reflexion-sobre-el-beato-jose-gregorio-hernandez\/#primaryimage"},"datePublished":"2021-06-28T17:32:43+00:00","dateModified":"2021-07-01T02:56:27+00:00","breadcrumb":{"@id":"https:\/\/www.ucat.edu.ve\/web\/jornada-de-estudio-y-reflexion-sobre-el-beato-jose-gregorio-hernandez\/#breadcrumb"},"inLanguage":"es-ES","potentialAction":[{"@type":"ReadAction","target":["https:\/\/www.ucat.edu.ve\/web\/jornada-de-estudio-y-reflexion-sobre-el-beato-jose-gregorio-hernandez\/"]}]},{"@type":"BreadcrumbList","@id":"https:\/\/www.ucat.edu.ve\/web\/jornada-de-estudio-y-reflexion-sobre-el-beato-jose-gregorio-hernandez\/#breadcrumb","itemListElement":[{"@type":"ListItem","position":1,"name":"Home","item":"https:\/\/www.ucat.edu.ve\/web\/"},{"@type":"ListItem","position":2,"name":"Jornada de estudio y reflexi\u00f3n sobre el Beato Jos\u00e9 Gregorio Hern\u00e1ndez"}]},{"@type":"Article","@id":"https:\/\/www.ucat.edu.ve\/web\/jornada-de-estudio-y-reflexion-sobre-el-beato-jose-gregorio-hernandez\/#article","isPartOf":{"@id":"https:\/\/www.ucat.edu.ve\/web\/jornada-de-estudio-y-reflexion-sobre-el-beato-jose-gregorio-hernandez\/#webpage"},"author":{"name":"Secretaria General","@id":"https:\/\/www.ucat.edu.ve\/web\/#\/schema\/person\/e90fe655adf97bd5c1dbc608855d16cf"},"headline":"Jornada de estudio y reflexi\u00f3n sobre el Beato Jos\u00e9 Gregorio Hern\u00e1ndez","datePublished":"2021-06-28T17:32:43+00:00","dateModified":"2021-07-01T02:56:27+00:00","mainEntityOfPage":{"@id":"https:\/\/www.ucat.edu.ve\/web\/jornada-de-estudio-y-reflexion-sobre-el-beato-jose-gregorio-hernandez\/#webpage"},"wordCount":292,"publisher":{"@id":"https:\/\/www.ucat.edu.ve\/web\/#organization"},"image":{"@id":"https:\/\/www.ucat.edu.ve\/web\/jornada-de-estudio-y-reflexion-sobre-el-beato-jose-gregorio-hernandez\/#primaryimage"},"thumbnailUrl":"https:\/\/www.ucat.edu.ve\/web\/wp-content\/uploads\/2021\/06\/Jornada-de-estudio-y-reflexion-sobre-el-Beato-Jose-Gregorio-Hernandez.png","articleSection":["Noticias"],"inLanguage":"es-ES"},{"@type":"Person","@id":"https:\/\/www.ucat.edu.ve\/web\/#\/schema\/person\/e90fe655adf97bd5c1dbc608855d16cf","name":"Secretaria General","url":"https:\/\/www.ucat.edu.ve\/web\/author\/secgeucat\/"}]}},"_links":{"self":[{"href":"https:\/\/www.ucat.edu.ve\/web\/wp-json\/wp\/v2\/posts\/7482"}],"collection":[{"href":"https:\/\/www.ucat.edu.ve\/web\/wp-json\/wp\/v2\/posts"}],"about":[{"href":"https:\/\/www.ucat.edu.ve\/web\/wp-json\/wp\/v2\/types\/post"}],"author":[{"embeddable":true,"href":"https:\/\/www.ucat.edu.ve\/web\/wp-json\/wp\/v2\/users\/23"}],"replies":[{"embeddable":true,"href":"https:\/\/www.ucat.edu.ve\/web\/wp-json\/wp\/v2\/comments?post=7482"}],"version-history":[{"count":2,"href":"https:\/\/www.ucat.edu.ve\/web\/wp-json\/wp\/v2\/posts\/7482\/revisions"}],"predecessor-version":[{"id":7513,"href":"https:\/\/www.ucat.edu.ve\/web\/wp-json\/wp\/v2\/posts\/7482\/revisions\/7513"}],"wp:featuredmedia":[{"embeddable":true,"href":"https:\/\/www.ucat.edu.ve\/web\/wp-json\/wp\/v2\/media\/7483"}],"wp:attachment":[{"href":"https:\/\/www.ucat.edu.ve\/web\/wp-json\/wp\/v2\/media?parent=7482"}],"wp:term":[{"taxonomy":"category","embeddable":true,"href":"https:\/\/www.ucat.edu.ve\/web\/wp-json\/wp\/v2\/categories?post=7482"},{"taxonomy":"post_tag","embeddable":true,"href":"https:\/\/www.ucat.edu.ve\/web\/wp-json\/wp\/v2\/tags?post=7482"}],"curies":[{"name":"wp","href":"https:\/\/api.w.org\/{rel}","templated":true}]}}