 {"id":7599,"date":"2021-07-07T22:01:38","date_gmt":"2021-07-07T22:01:38","guid":{"rendered":"http:\/\/www.ucat.edu.ve\/web\/?p=7599"},"modified":"2021-07-07T22:01:38","modified_gmt":"2021-07-07T22:01:38","slug":"estudiantes-ucatense-participaron-de-jornada-previa-al-encuentro-iberoamericano-de-jovenes-ignacianos","status":"publish","type":"post","link":"https:\/\/www.ucat.edu.ve\/web\/estudiantes-ucatense-participaron-de-jornada-previa-al-encuentro-iberoamericano-de-jovenes-ignacianos\/","title":{"rendered":"Estudiantes ucatense participaron de jornada previa al Encuentro Iberoamericano de J\u00f3venes Ignacianos"},"content":{"rendered":"<p style=\"text-align: center;\"><img loading=\"lazy\" class=\"alignnone size-medium wp-image-7600\" src=\"http:\/\/www.ucat.edu.ve\/web\/wp-content\/uploads\/2021\/07\/Banner_Noti_Estudiantes-ucatense-participaron-de-jornada-previa-al-Encuentro-Iberoamericano-de-Jovenes-Ignacianos-521x289.png\" alt=\"\" width=\"521\" height=\"289\" srcset=\"https:\/\/www.ucat.edu.ve\/web\/wp-content\/uploads\/2021\/07\/Banner_Noti_Estudiantes-ucatense-participaron-de-jornada-previa-al-Encuentro-Iberoamericano-de-Jovenes-Ignacianos-521x289.png 521w, https:\/\/www.ucat.edu.ve\/web\/wp-content\/uploads\/2021\/07\/Banner_Noti_Estudiantes-ucatense-participaron-de-jornada-previa-al-Encuentro-Iberoamericano-de-Jovenes-Ignacianos.png 953w\" sizes=\"(max-width: 521px) 100vw, 521px\" \/><\/p>\n<p style=\"font-weight: 400;\">El pasado 19 junio se realiz\u00f3 la jornada virtual previa al Encuentro Iberoamericano de J\u00f3venes Ignacianos, en ella participaron m\u00e1s de 120 j\u00f3venes de toda Latinoam\u00e9rica, 20 de ellos eran de la Universidad Cat\u00f3lica del T\u00e1chira.<\/p>\n<p style=\"font-weight: 400;\">\u201cLa jornada tan esperada inici\u00f3 con el encuentro virtual de los j\u00f3venes para reconocer y ahondar en las heridas que aquejan a los diferentes pa\u00edses que participaron; aunque las heridas eran similares, los enfoques y perspectivas eran totalmente diversos y nutridos\u201d, manifest\u00f3 Lara C\u00e1rdenas, estudiante de Ciencias Pol\u00edticas en la UCAT, quien particip\u00f3 del evento.<\/p>\n<p style=\"font-weight: 400;\">\u201cEl intercambio de experiencias y vivencias fue crucial durante la jornada que centraba las heridas en los pa\u00edses para desde all\u00ed acercarse a la realidad y conocer desde lo m\u00e1s profundo\u201d, indic\u00f3 C\u00e1rdenas.<\/p>\n<p style=\"font-weight: 400;\">El encuentro tiene origen en el marco de la celebraci\u00f3n del A\u00f1o Ignaciano por los 500 a\u00f1os de la herida de San Ignacio en Pamplona. La invitaci\u00f3n de la Compa\u00f1\u00eda de Jes\u00fas para este A\u00f1o Ignaciano es &#8220;ver nuevas todas las cosas en Cristo&#8221;.<\/p>\n<p style=\"font-weight: 400;\">Es por ello que, previo al encuentro, cada Universidad perteneciente a AUSJAL (Asociaci\u00f3n de Universidades Conf\u00edadas a la Compa\u00f1\u00eda de Jes\u00fas en Am\u00e9rica Latina) d\u00f3nde se desarrolla el Programa de Liderazgo Ignaciano Universitario Latinoamericano (PLIUL), se prepar\u00f3 con la investigaci\u00f3n de las heridas m\u00e1s profundas de cada pa\u00eds, un v\u00eddeo interactivo para visibilizar y exponer a los dem\u00e1s j\u00f3venes estas heridas, sin hurgar mucho en ellas.<\/p>\n<p style=\"font-weight: 400;\">La uni\u00f3n, el reconocimiento y el acercamiento por medio de las heridas formaron el acoplamiento de todos estos j\u00f3venes que, adem\u00e1s de compartir en un espacio de entendimiento y conversa, se conectaron para reconocer el trabajo que ha de realizarse desde su propio entorno.<\/p>\n<p style=\"font-weight: 400;\">(Prensa UCAT)<\/p>\n","protected":false},"excerpt":{"rendered":"<p>El pasado 19 junio se realiz\u00f3 la jornada virtual previa al Encuentro Iberoamericano de J\u00f3venes Ignacianos, en ella participaron m\u00e1s de 120 j\u00f3venes de toda Latinoam\u00e9rica, 20 de ellos eran de la Universidad Cat\u00f3lica del T\u00e1chira. \u201cLa jornada tan esperada inici\u00f3 con el encuentro virtual de los j\u00f3venes para reconocer y ahondar en las heridas<\/p>\n","protected":false},"author":23,"featured_media":7600,"comment_status":"closed","ping_status":"closed","sticky":false,"template":"","format":"standard","meta":[],"categories":[3],"tags":[],"yoast_head":"<!-- This site is optimized with the Yoast SEO plugin v19.2 - https:\/\/yoast.com\/wordpress\/plugins\/seo\/ -->\n<title>Estudiantes ucatense participaron de jornada previa al Encuentro Iberoamericano de J\u00f3venes Ignacianos - Universidad Cat\u00f3lica del T\u00e1chira<\/title>\n<meta name=\"robots\" content=\"index, follow, max-snippet:-1, max-image-preview:large, max-video-preview:-1\" \/>\n<link rel=\"canonical\" href=\"https:\/\/www.ucat.edu.ve\/web\/estudiantes-ucatense-participaron-de-jornada-previa-al-encuentro-iberoamericano-de-jovenes-ignacianos\/\" \/>\n<meta property=\"og:locale\" content=\"es_ES\" \/>\n<meta property=\"og:type\" content=\"article\" \/>\n<meta property=\"og:title\" content=\"Estudiantes ucatense participaron de jornada previa al Encuentro Iberoamericano de J\u00f3venes Ignacianos - Universidad Cat\u00f3lica del T\u00e1chira\" \/>\n<meta property=\"og:description\" content=\"El pasado 19 junio se realiz\u00f3 la jornada virtual previa al Encuentro Iberoamericano de J\u00f3venes Ignacianos, en ella participaron m\u00e1s de 120 j\u00f3venes de toda Latinoam\u00e9rica, 20 de ellos eran de la Universidad Cat\u00f3lica del T\u00e1chira. \u201cLa jornada tan esperada inici\u00f3 con el encuentro virtual de los j\u00f3venes para reconocer y ahondar en las heridas\" \/>\n<meta property=\"og:url\" content=\"https:\/\/www.ucat.edu.ve\/web\/estudiantes-ucatense-participaron-de-jornada-previa-al-encuentro-iberoamericano-de-jovenes-ignacianos\/\" \/>\n<meta property=\"og:site_name\" content=\"Universidad Cat\u00f3lica del T\u00e1chira\" \/>\n<meta property=\"article:publisher\" content=\"https:\/\/www.facebook.com\/notiucat\/\" \/>\n<meta property=\"article:published_time\" content=\"2021-07-07T22:01:38+00:00\" \/>\n<meta property=\"og:image\" content=\"https:\/\/www.ucat.edu.ve\/web\/wp-content\/uploads\/2021\/07\/Banner_Noti_Estudiantes-ucatense-participaron-de-jornada-previa-al-Encuentro-Iberoamericano-de-Jovenes-Ignacianos.png\" \/>\n\t<meta property=\"og:image:width\" content=\"953\" \/>\n\t<meta property=\"og:image:height\" content=\"529\" \/>\n\t<meta property=\"og:image:type\" content=\"image\/png\" \/>\n<meta name=\"author\" content=\"Secretaria General\" \/>\n<meta name=\"twitter:card\" content=\"summary_large_image\" \/>\n<meta name=\"twitter:creator\" content=\"@notiucat\" \/>\n<meta name=\"twitter:site\" content=\"@notiucat\" \/>\n<meta name=\"twitter:label1\" content=\"Written by\" \/>\n\t<meta name=\"twitter:data1\" content=\"Secretaria General\" \/>\n\t<meta name=\"twitter:label2\" content=\"Est. reading time\" \/>\n\t<meta name=\"twitter:data2\" content=\"2 minutos\" \/>\n<script type=\"application\/ld+json\" class=\"yoast-schema-graph\">{\"@context\":\"https:\/\/schema.org\",\"@graph\":[{\"@type\":\"Organization\",\"@id\":\"https:\/\/www.ucat.edu.ve\/web\/#organization\",\"name\":\"Universidad Cat\u00f3lica Del T\u00e1chira UCAT\",\"url\":\"https:\/\/www.ucat.edu.ve\/web\/\",\"sameAs\":[\"https:\/\/www.instagram.com\/notiucat\/\",\"https:\/\/www.youtube.com\/channel\/UCwEbYSB1R9fzlII-8dcxuYA?view_as=subscriber\",\"https:\/\/www.facebook.com\/notiucat\/\",\"https:\/\/twitter.com\/notiucat\"],\"logo\":{\"@type\":\"ImageObject\",\"inLanguage\":\"es-ES\",\"@id\":\"https:\/\/www.ucat.edu.ve\/web\/#\/schema\/logo\/image\/\",\"url\":\"https:\/\/www.ucat.edu.ve\/web\/wp-content\/uploads\/2015\/07\/logoucat.gif\",\"contentUrl\":\"https:\/\/www.ucat.edu.ve\/web\/wp-content\/uploads\/2015\/07\/logoucat.gif\",\"width\":219,\"height\":155,\"caption\":\"Universidad Cat\u00f3lica Del T\u00e1chira UCAT\"},\"image\":{\"@id\":\"https:\/\/www.ucat.edu.ve\/web\/#\/schema\/logo\/image\/\"}},{\"@type\":\"WebSite\",\"@id\":\"https:\/\/www.ucat.edu.ve\/web\/#website\",\"url\":\"https:\/\/www.ucat.edu.ve\/web\/\",\"name\":\"Universidad Cat\u00f3lica del T\u00e1chira\",\"description\":\"\",\"publisher\":{\"@id\":\"https:\/\/www.ucat.edu.ve\/web\/#organization\"},\"potentialAction\":[{\"@type\":\"SearchAction\",\"target\":{\"@type\":\"EntryPoint\",\"urlTemplate\":\"https:\/\/www.ucat.edu.ve\/web\/?s={search_term_string}\"},\"query-input\":\"required name=search_term_string\"}],\"inLanguage\":\"es-ES\"},{\"@type\":\"ImageObject\",\"inLanguage\":\"es-ES\",\"@id\":\"https:\/\/www.ucat.edu.ve\/web\/estudiantes-ucatense-participaron-de-jornada-previa-al-encuentro-iberoamericano-de-jovenes-ignacianos\/#primaryimage\",\"url\":\"https:\/\/www.ucat.edu.ve\/web\/wp-content\/uploads\/2021\/07\/Banner_Noti_Estudiantes-ucatense-participaron-de-jornada-previa-al-Encuentro-Iberoamericano-de-Jovenes-Ignacianos.png\",\"contentUrl\":\"https:\/\/www.ucat.edu.ve\/web\/wp-content\/uploads\/2021\/07\/Banner_Noti_Estudiantes-ucatense-participaron-de-jornada-previa-al-Encuentro-Iberoamericano-de-Jovenes-Ignacianos.png\",\"width\":953,\"height\":529},{\"@type\":\"WebPage\",\"@id\":\"https:\/\/www.ucat.edu.ve\/web\/estudiantes-ucatense-participaron-de-jornada-previa-al-encuentro-iberoamericano-de-jovenes-ignacianos\/#webpage\",\"url\":\"https:\/\/www.ucat.edu.ve\/web\/estudiantes-ucatense-participaron-de-jornada-previa-al-encuentro-iberoamericano-de-jovenes-ignacianos\/\",\"name\":\"Estudiantes ucatense participaron de jornada previa al Encuentro Iberoamericano de J\u00f3venes Ignacianos - Universidad Cat\u00f3lica del T\u00e1chira\",\"isPartOf\":{\"@id\":\"https:\/\/www.ucat.edu.ve\/web\/#website\"},\"primaryImageOfPage\":{\"@id\":\"https:\/\/www.ucat.edu.ve\/web\/estudiantes-ucatense-participaron-de-jornada-previa-al-encuentro-iberoamericano-de-jovenes-ignacianos\/#primaryimage\"},\"datePublished\":\"2021-07-07T22:01:38+00:00\",\"dateModified\":\"2021-07-07T22:01:38+00:00\",\"breadcrumb\":{\"@id\":\"https:\/\/www.ucat.edu.ve\/web\/estudiantes-ucatense-participaron-de-jornada-previa-al-encuentro-iberoamericano-de-jovenes-ignacianos\/#breadcrumb\"},\"inLanguage\":\"es-ES\",\"potentialAction\":[{\"@type\":\"ReadAction\",\"target\":[\"https:\/\/www.ucat.edu.ve\/web\/estudiantes-ucatense-participaron-de-jornada-previa-al-encuentro-iberoamericano-de-jovenes-ignacianos\/\"]}]},{\"@type\":\"BreadcrumbList\",\"@id\":\"https:\/\/www.ucat.edu.ve\/web\/estudiantes-ucatense-participaron-de-jornada-previa-al-encuentro-iberoamericano-de-jovenes-ignacianos\/#breadcrumb\",\"itemListElement\":[{\"@type\":\"ListItem\",\"position\":1,\"name\":\"Home\",\"item\":\"https:\/\/www.ucat.edu.ve\/web\/\"},{\"@type\":\"ListItem\",\"position\":2,\"name\":\"Estudiantes ucatense participaron de jornada previa al Encuentro Iberoamericano de J\u00f3venes Ignacianos\"}]},{\"@type\":\"Article\",\"@id\":\"https:\/\/www.ucat.edu.ve\/web\/estudiantes-ucatense-participaron-de-jornada-previa-al-encuentro-iberoamericano-de-jovenes-ignacianos\/#article\",\"isPartOf\":{\"@id\":\"https:\/\/www.ucat.edu.ve\/web\/estudiantes-ucatense-participaron-de-jornada-previa-al-encuentro-iberoamericano-de-jovenes-ignacianos\/#webpage\"},\"author\":{\"name\":\"Secretaria General\",\"@id\":\"https:\/\/www.ucat.edu.ve\/web\/#\/schema\/person\/e90fe655adf97bd5c1dbc608855d16cf\"},\"headline\":\"Estudiantes ucatense participaron de jornada previa al Encuentro Iberoamericano de J\u00f3venes Ignacianos\",\"datePublished\":\"2021-07-07T22:01:38+00:00\",\"dateModified\":\"2021-07-07T22:01:38+00:00\",\"mainEntityOfPage\":{\"@id\":\"https:\/\/www.ucat.edu.ve\/web\/estudiantes-ucatense-participaron-de-jornada-previa-al-encuentro-iberoamericano-de-jovenes-ignacianos\/#webpage\"},\"wordCount\":324,\"publisher\":{\"@id\":\"https:\/\/www.ucat.edu.ve\/web\/#organization\"},\"image\":{\"@id\":\"https:\/\/www.ucat.edu.ve\/web\/estudiantes-ucatense-participaron-de-jornada-previa-al-encuentro-iberoamericano-de-jovenes-ignacianos\/#primaryimage\"},\"thumbnailUrl\":\"https:\/\/www.ucat.edu.ve\/web\/wp-content\/uploads\/2021\/07\/Banner_Noti_Estudiantes-ucatense-participaron-de-jornada-previa-al-Encuentro-Iberoamericano-de-Jovenes-Ignacianos.png\",\"articleSection\":[\"Noticias\"],\"inLanguage\":\"es-ES\"},{\"@type\":\"Person\",\"@id\":\"https:\/\/www.ucat.edu.ve\/web\/#\/schema\/person\/e90fe655adf97bd5c1dbc608855d16cf\",\"name\":\"Secretaria General\",\"url\":\"https:\/\/www.ucat.edu.ve\/web\/author\/secgeucat\/\"}]}<\/script>\n<!-- \/ Yoast SEO plugin. -->","yoast_head_json":{"title":"Estudiantes ucatense participaron de jornada previa al Encuentro Iberoamericano de J\u00f3venes Ignacianos - Universidad Cat\u00f3lica del T\u00e1chira","robots":{"index":"index","follow":"follow","max-snippet":"max-snippet:-1","max-image-preview":"max-image-preview:large","max-video-preview":"max-video-preview:-1"},"canonical":"https:\/\/www.ucat.edu.ve\/web\/estudiantes-ucatense-participaron-de-jornada-previa-al-encuentro-iberoamericano-de-jovenes-ignacianos\/","og_locale":"es_ES","og_type":"article","og_title":"Estudiantes ucatense participaron de jornada previa al Encuentro Iberoamericano de J\u00f3venes Ignacianos - Universidad Cat\u00f3lica del T\u00e1chira","og_description":"El pasado 19 junio se realiz\u00f3 la jornada virtual previa al Encuentro Iberoamericano de J\u00f3venes Ignacianos, en ella participaron m\u00e1s de 120 j\u00f3venes de toda Latinoam\u00e9rica, 20 de ellos eran de la Universidad Cat\u00f3lica del T\u00e1chira. \u201cLa jornada tan esperada inici\u00f3 con el encuentro virtual de los j\u00f3venes para reconocer y ahondar en las heridas","og_url":"https:\/\/www.ucat.edu.ve\/web\/estudiantes-ucatense-participaron-de-jornada-previa-al-encuentro-iberoamericano-de-jovenes-ignacianos\/","og_site_name":"Universidad Cat\u00f3lica del T\u00e1chira","article_publisher":"https:\/\/www.facebook.com\/notiucat\/","article_published_time":"2021-07-07T22:01:38+00:00","og_image":[{"width":953,"height":529,"url":"https:\/\/www.ucat.edu.ve\/web\/wp-content\/uploads\/2021\/07\/Banner_Noti_Estudiantes-ucatense-participaron-de-jornada-previa-al-Encuentro-Iberoamericano-de-Jovenes-Ignacianos.png","type":"image\/png"}],"author":"Secretaria General","twitter_card":"summary_large_image","twitter_creator":"@notiucat","twitter_site":"@notiucat","twitter_misc":{"Written by":"Secretaria General","Est. reading time":"2 minutos"},"schema":{"@context":"https:\/\/schema.org","@graph":[{"@type":"Organization","@id":"https:\/\/www.ucat.edu.ve\/web\/#organization","name":"Universidad Cat\u00f3lica Del T\u00e1chira UCAT","url":"https:\/\/www.ucat.edu.ve\/web\/","sameAs":["https:\/\/www.instagram.com\/notiucat\/","https:\/\/www.youtube.com\/channel\/UCwEbYSB1R9fzlII-8dcxuYA?view_as=subscriber","https:\/\/www.facebook.com\/notiucat\/","https:\/\/twitter.com\/notiucat"],"logo":{"@type":"ImageObject","inLanguage":"es-ES","@id":"https:\/\/www.ucat.edu.ve\/web\/#\/schema\/logo\/image\/","url":"https:\/\/www.ucat.edu.ve\/web\/wp-content\/uploads\/2015\/07\/logoucat.gif","contentUrl":"https:\/\/www.ucat.edu.ve\/web\/wp-content\/uploads\/2015\/07\/logoucat.gif","width":219,"height":155,"caption":"Universidad Cat\u00f3lica Del T\u00e1chira UCAT"},"image":{"@id":"https:\/\/www.ucat.edu.ve\/web\/#\/schema\/logo\/image\/"}},{"@type":"WebSite","@id":"https:\/\/www.ucat.edu.ve\/web\/#website","url":"https:\/\/www.ucat.edu.ve\/web\/","name":"Universidad Cat\u00f3lica del T\u00e1chira","description":"","publisher":{"@id":"https:\/\/www.ucat.edu.ve\/web\/#organization"},"potentialAction":[{"@type":"SearchAction","target":{"@type":"EntryPoint","urlTemplate":"https:\/\/www.ucat.edu.ve\/web\/?s={search_term_string}"},"query-input":"required name=search_term_string"}],"inLanguage":"es-ES"},{"@type":"ImageObject","inLanguage":"es-ES","@id":"https:\/\/www.ucat.edu.ve\/web\/estudiantes-ucatense-participaron-de-jornada-previa-al-encuentro-iberoamericano-de-jovenes-ignacianos\/#primaryimage","url":"https:\/\/www.ucat.edu.ve\/web\/wp-content\/uploads\/2021\/07\/Banner_Noti_Estudiantes-ucatense-participaron-de-jornada-previa-al-Encuentro-Iberoamericano-de-Jovenes-Ignacianos.png","contentUrl":"https:\/\/www.ucat.edu.ve\/web\/wp-content\/uploads\/2021\/07\/Banner_Noti_Estudiantes-ucatense-participaron-de-jornada-previa-al-Encuentro-Iberoamericano-de-Jovenes-Ignacianos.png","width":953,"height":529},{"@type":"WebPage","@id":"https:\/\/www.ucat.edu.ve\/web\/estudiantes-ucatense-participaron-de-jornada-previa-al-encuentro-iberoamericano-de-jovenes-ignacianos\/#webpage","url":"https:\/\/www.ucat.edu.ve\/web\/estudiantes-ucatense-participaron-de-jornada-previa-al-encuentro-iberoamericano-de-jovenes-ignacianos\/","name":"Estudiantes ucatense participaron de jornada previa al Encuentro Iberoamericano de J\u00f3venes Ignacianos - Universidad Cat\u00f3lica del T\u00e1chira","isPartOf":{"@id":"https:\/\/www.ucat.edu.ve\/web\/#website"},"primaryImageOfPage":{"@id":"https:\/\/www.ucat.edu.ve\/web\/estudiantes-ucatense-participaron-de-jornada-previa-al-encuentro-iberoamericano-de-jovenes-ignacianos\/#primaryimage"},"datePublished":"2021-07-07T22:01:38+00:00","dateModified":"2021-07-07T22:01:38+00:00","breadcrumb":{"@id":"https:\/\/www.ucat.edu.ve\/web\/estudiantes-ucatense-participaron-de-jornada-previa-al-encuentro-iberoamericano-de-jovenes-ignacianos\/#breadcrumb"},"inLanguage":"es-ES","potentialAction":[{"@type":"ReadAction","target":["https:\/\/www.ucat.edu.ve\/web\/estudiantes-ucatense-participaron-de-jornada-previa-al-encuentro-iberoamericano-de-jovenes-ignacianos\/"]}]},{"@type":"BreadcrumbList","@id":"https:\/\/www.ucat.edu.ve\/web\/estudiantes-ucatense-participaron-de-jornada-previa-al-encuentro-iberoamericano-de-jovenes-ignacianos\/#breadcrumb","itemListElement":[{"@type":"ListItem","position":1,"name":"Home","item":"https:\/\/www.ucat.edu.ve\/web\/"},{"@type":"ListItem","position":2,"name":"Estudiantes ucatense participaron de jornada previa al Encuentro Iberoamericano de J\u00f3venes Ignacianos"}]},{"@type":"Article","@id":"https:\/\/www.ucat.edu.ve\/web\/estudiantes-ucatense-participaron-de-jornada-previa-al-encuentro-iberoamericano-de-jovenes-ignacianos\/#article","isPartOf":{"@id":"https:\/\/www.ucat.edu.ve\/web\/estudiantes-ucatense-participaron-de-jornada-previa-al-encuentro-iberoamericano-de-jovenes-ignacianos\/#webpage"},"author":{"name":"Secretaria General","@id":"https:\/\/www.ucat.edu.ve\/web\/#\/schema\/person\/e90fe655adf97bd5c1dbc608855d16cf"},"headline":"Estudiantes ucatense participaron de jornada previa al Encuentro Iberoamericano de J\u00f3venes Ignacianos","datePublished":"2021-07-07T22:01:38+00:00","dateModified":"2021-07-07T22:01:38+00:00","mainEntityOfPage":{"@id":"https:\/\/www.ucat.edu.ve\/web\/estudiantes-ucatense-participaron-de-jornada-previa-al-encuentro-iberoamericano-de-jovenes-ignacianos\/#webpage"},"wordCount":324,"publisher":{"@id":"https:\/\/www.ucat.edu.ve\/web\/#organization"},"image":{"@id":"https:\/\/www.ucat.edu.ve\/web\/estudiantes-ucatense-participaron-de-jornada-previa-al-encuentro-iberoamericano-de-jovenes-ignacianos\/#primaryimage"},"thumbnailUrl":"https:\/\/www.ucat.edu.ve\/web\/wp-content\/uploads\/2021\/07\/Banner_Noti_Estudiantes-ucatense-participaron-de-jornada-previa-al-Encuentro-Iberoamericano-de-Jovenes-Ignacianos.png","articleSection":["Noticias"],"inLanguage":"es-ES"},{"@type":"Person","@id":"https:\/\/www.ucat.edu.ve\/web\/#\/schema\/person\/e90fe655adf97bd5c1dbc608855d16cf","name":"Secretaria General","url":"https:\/\/www.ucat.edu.ve\/web\/author\/secgeucat\/"}]}},"_links":{"self":[{"href":"https:\/\/www.ucat.edu.ve\/web\/wp-json\/wp\/v2\/posts\/7599"}],"collection":[{"href":"https:\/\/www.ucat.edu.ve\/web\/wp-json\/wp\/v2\/posts"}],"about":[{"href":"https:\/\/www.ucat.edu.ve\/web\/wp-json\/wp\/v2\/types\/post"}],"author":[{"embeddable":true,"href":"https:\/\/www.ucat.edu.ve\/web\/wp-json\/wp\/v2\/users\/23"}],"replies":[{"embeddable":true,"href":"https:\/\/www.ucat.edu.ve\/web\/wp-json\/wp\/v2\/comments?post=7599"}],"version-history":[{"count":1,"href":"https:\/\/www.ucat.edu.ve\/web\/wp-json\/wp\/v2\/posts\/7599\/revisions"}],"predecessor-version":[{"id":7601,"href":"https:\/\/www.ucat.edu.ve\/web\/wp-json\/wp\/v2\/posts\/7599\/revisions\/7601"}],"wp:featuredmedia":[{"embeddable":true,"href":"https:\/\/www.ucat.edu.ve\/web\/wp-json\/wp\/v2\/media\/7600"}],"wp:attachment":[{"href":"https:\/\/www.ucat.edu.ve\/web\/wp-json\/wp\/v2\/media?parent=7599"}],"wp:term":[{"taxonomy":"category","embeddable":true,"href":"https:\/\/www.ucat.edu.ve\/web\/wp-json\/wp\/v2\/categories?post=7599"},{"taxonomy":"post_tag","embeddable":true,"href":"https:\/\/www.ucat.edu.ve\/web\/wp-json\/wp\/v2\/tags?post=7599"}],"curies":[{"name":"wp","href":"https:\/\/api.w.org\/{rel}","templated":true}]}}