 {"id":7602,"date":"2021-07-08T19:20:03","date_gmt":"2021-07-08T19:20:03","guid":{"rendered":"http:\/\/www.ucat.edu.ve\/web\/?p=7602"},"modified":"2021-07-08T19:20:03","modified_gmt":"2021-07-08T19:20:03","slug":"xxvi-foro-mundial-de-la-asociacion-internacional-de-escuelas-de-negocios-jesuitas","status":"publish","type":"post","link":"https:\/\/www.ucat.edu.ve\/web\/xxvi-foro-mundial-de-la-asociacion-internacional-de-escuelas-de-negocios-jesuitas\/","title":{"rendered":"XXVI Foro mundial de la Asociaci\u00f3n Internacional de Escuelas de Negocios Jesuitas"},"content":{"rendered":"<p style=\"text-align: center;\"><img loading=\"lazy\" class=\"alignnone size-medium wp-image-7603\" src=\"http:\/\/www.ucat.edu.ve\/web\/wp-content\/uploads\/2021\/07\/Banner_Noti_XXVI-Foro-mundial-de-la-Asociacion-Internacional-de-Escuelas-de-Negocios-Jesuitas-521x289.png\" alt=\"\" width=\"521\" height=\"289\" srcset=\"https:\/\/www.ucat.edu.ve\/web\/wp-content\/uploads\/2021\/07\/Banner_Noti_XXVI-Foro-mundial-de-la-Asociacion-Internacional-de-Escuelas-de-Negocios-Jesuitas-521x289.png 521w, https:\/\/www.ucat.edu.ve\/web\/wp-content\/uploads\/2021\/07\/Banner_Noti_XXVI-Foro-mundial-de-la-Asociacion-Internacional-de-Escuelas-de-Negocios-Jesuitas.png 953w\" sizes=\"(max-width: 521px) 100vw, 521px\" \/><\/p>\n<p style=\"font-weight: 400; text-align: justify;\">Del 20 al 22 de julio se llevar\u00e1 a cabo el XXVI Foro Mundial de la Asociaci\u00f3n Internacional de Escuelas de Negocios Jesuitas (IAJBS), iluminados por la reflexi\u00f3n del \u201cfuturo de los estudios empresariales en la educaci\u00f3n jesuita: sirviendo al mundo con una educaci\u00f3n empresarial inspirada\u201d.<\/p>\n<p style=\"font-weight: 400; text-align: justify;\">La Universidad Cat\u00f3lica del T\u00e1chira extiende la invitaci\u00f3n a participar a los estudiantes y profesores de su Facultad de Ciencias Econ\u00f3micas y Sociales, y, a todos los miembros de su comunidad, interesados en profundizar sobre este tema.<\/p>\n<p style=\"font-weight: 400; text-align: justify;\">El Foro contar\u00e1 con la participaci\u00f3n del P. Dr. Michael Garanzini, Secretario de Educaci\u00f3n Superior de la Compa\u00f1\u00eda de Jes\u00fas, quien compartir\u00e1 una propuesta renovada para la orientaci\u00f3n global de las escuelas de negocios. Y, Chris Lowney, principal divulgador de la perspectiva de Liderazgo empresarial ignaciano, enriquecer\u00e1 la discusi\u00f3n como conferencista en el segundo d\u00eda de trabajo.<\/p>\n<p style=\"font-weight: 400; text-align: justify;\">Los interesados en participar deben hacer su registro online a trav\u00e9s del siguiente enlace:\u00a0<a href=\"https:\/\/www.ignited.global\/conferences\/26th-annual-iajbs-world-forum-and-cjbe22nd-annual-meeting\/iajbs-2021-conference\" data-saferedirecturl=\"https:\/\/www.google.com\/url?q=https:\/\/www.ignited.global\/conferences\/26th-annual-iajbs-world-forum-and-cjbe22nd-annual-meeting\/iajbs-2021-conference&amp;source=gmail&amp;ust=1625857778391000&amp;usg=AFQjCNHPwDMvQmyJSw4a4RiHB5R4ZqilXQ\">https:\/\/www.ignited.global\/conferences\/26th-annual-iajbs-world-forum-and-cjbe22nd-annual-meeting\/iajbs-2021-conference<\/a><\/p>\n<p style=\"font-weight: 400; text-align: justify;\">El programa del Foro tambi\u00e9n incluye tres paneles de discusi\u00f3n en torno al compromiso de los docentes con la propuesta de la IAJBS para la gesti\u00f3n de las escuelas de negocios, as\u00ed como 50 ponencias, en espa\u00f1ol y en ingl\u00e9s, de investigadores provenientes de todas las regiones que conforman la Asociaci\u00f3n.<\/p>\n<p style=\"font-weight: 400; text-align: justify;\">El XXVI Foro Mundial de la Asociaci\u00f3n Internacional de Escuelas de Negocios Jesuitas es organizado por el Instituto Tecnol\u00f3gico y de Estudios Superiores de Occidente (ITESO), la Universidad Jesuita de Guadalajara en la Rep\u00fablica Mexicana.<\/p>\n<p style=\"font-weight: 400;\">(Prensa UCAT)<\/p>\n","protected":false},"excerpt":{"rendered":"<p>Del 20 al 22 de julio se llevar\u00e1 a cabo el XXVI Foro Mundial de la Asociaci\u00f3n Internacional de Escuelas de Negocios Jesuitas (IAJBS), iluminados por la reflexi\u00f3n del \u201cfuturo de los estudios empresariales en la educaci\u00f3n jesuita: sirviendo al mundo con una educaci\u00f3n empresarial inspirada\u201d. La Universidad Cat\u00f3lica del T\u00e1chira extiende la invitaci\u00f3n a<\/p>\n","protected":false},"author":23,"featured_media":7603,"comment_status":"closed","ping_status":"closed","sticky":false,"template":"","format":"standard","meta":[],"categories":[3],"tags":[],"yoast_head":"<!-- This site is optimized with the Yoast SEO plugin v19.2 - https:\/\/yoast.com\/wordpress\/plugins\/seo\/ -->\n<title>XXVI Foro mundial de la Asociaci\u00f3n Internacional de Escuelas de Negocios Jesuitas - Universidad Cat\u00f3lica del T\u00e1chira<\/title>\n<meta name=\"robots\" content=\"index, follow, max-snippet:-1, max-image-preview:large, max-video-preview:-1\" \/>\n<link rel=\"canonical\" href=\"https:\/\/www.ucat.edu.ve\/web\/xxvi-foro-mundial-de-la-asociacion-internacional-de-escuelas-de-negocios-jesuitas\/\" \/>\n<meta property=\"og:locale\" content=\"es_ES\" \/>\n<meta property=\"og:type\" content=\"article\" \/>\n<meta property=\"og:title\" content=\"XXVI Foro mundial de la Asociaci\u00f3n Internacional de Escuelas de Negocios Jesuitas - Universidad Cat\u00f3lica del T\u00e1chira\" \/>\n<meta property=\"og:description\" content=\"Del 20 al 22 de julio se llevar\u00e1 a cabo el XXVI Foro Mundial de la Asociaci\u00f3n Internacional de Escuelas de Negocios Jesuitas (IAJBS), iluminados por la reflexi\u00f3n del \u201cfuturo de los estudios empresariales en la educaci\u00f3n jesuita: sirviendo al mundo con una educaci\u00f3n empresarial inspirada\u201d. La Universidad Cat\u00f3lica del T\u00e1chira extiende la invitaci\u00f3n a\" \/>\n<meta property=\"og:url\" content=\"https:\/\/www.ucat.edu.ve\/web\/xxvi-foro-mundial-de-la-asociacion-internacional-de-escuelas-de-negocios-jesuitas\/\" \/>\n<meta property=\"og:site_name\" content=\"Universidad Cat\u00f3lica del T\u00e1chira\" \/>\n<meta property=\"article:publisher\" content=\"https:\/\/www.facebook.com\/notiucat\/\" \/>\n<meta property=\"article:published_time\" content=\"2021-07-08T19:20:03+00:00\" \/>\n<meta property=\"og:image\" content=\"https:\/\/www.ucat.edu.ve\/web\/wp-content\/uploads\/2021\/07\/Banner_Noti_XXVI-Foro-mundial-de-la-Asociacion-Internacional-de-Escuelas-de-Negocios-Jesuitas.png\" \/>\n\t<meta property=\"og:image:width\" content=\"953\" \/>\n\t<meta property=\"og:image:height\" content=\"529\" \/>\n\t<meta property=\"og:image:type\" content=\"image\/png\" \/>\n<meta name=\"author\" content=\"Secretaria General\" \/>\n<meta name=\"twitter:card\" content=\"summary_large_image\" \/>\n<meta name=\"twitter:creator\" content=\"@notiucat\" \/>\n<meta name=\"twitter:site\" content=\"@notiucat\" \/>\n<meta name=\"twitter:label1\" content=\"Written by\" \/>\n\t<meta name=\"twitter:data1\" content=\"Secretaria General\" \/>\n\t<meta name=\"twitter:label2\" content=\"Est. reading time\" \/>\n\t<meta name=\"twitter:data2\" content=\"2 minutos\" \/>\n<script type=\"application\/ld+json\" class=\"yoast-schema-graph\">{\"@context\":\"https:\/\/schema.org\",\"@graph\":[{\"@type\":\"Organization\",\"@id\":\"https:\/\/www.ucat.edu.ve\/web\/#organization\",\"name\":\"Universidad Cat\u00f3lica Del T\u00e1chira UCAT\",\"url\":\"https:\/\/www.ucat.edu.ve\/web\/\",\"sameAs\":[\"https:\/\/www.instagram.com\/notiucat\/\",\"https:\/\/www.youtube.com\/channel\/UCwEbYSB1R9fzlII-8dcxuYA?view_as=subscriber\",\"https:\/\/www.facebook.com\/notiucat\/\",\"https:\/\/twitter.com\/notiucat\"],\"logo\":{\"@type\":\"ImageObject\",\"inLanguage\":\"es-ES\",\"@id\":\"https:\/\/www.ucat.edu.ve\/web\/#\/schema\/logo\/image\/\",\"url\":\"https:\/\/www.ucat.edu.ve\/web\/wp-content\/uploads\/2015\/07\/logoucat.gif\",\"contentUrl\":\"https:\/\/www.ucat.edu.ve\/web\/wp-content\/uploads\/2015\/07\/logoucat.gif\",\"width\":219,\"height\":155,\"caption\":\"Universidad Cat\u00f3lica Del T\u00e1chira UCAT\"},\"image\":{\"@id\":\"https:\/\/www.ucat.edu.ve\/web\/#\/schema\/logo\/image\/\"}},{\"@type\":\"WebSite\",\"@id\":\"https:\/\/www.ucat.edu.ve\/web\/#website\",\"url\":\"https:\/\/www.ucat.edu.ve\/web\/\",\"name\":\"Universidad Cat\u00f3lica del T\u00e1chira\",\"description\":\"\",\"publisher\":{\"@id\":\"https:\/\/www.ucat.edu.ve\/web\/#organization\"},\"potentialAction\":[{\"@type\":\"SearchAction\",\"target\":{\"@type\":\"EntryPoint\",\"urlTemplate\":\"https:\/\/www.ucat.edu.ve\/web\/?s={search_term_string}\"},\"query-input\":\"required name=search_term_string\"}],\"inLanguage\":\"es-ES\"},{\"@type\":\"ImageObject\",\"inLanguage\":\"es-ES\",\"@id\":\"https:\/\/www.ucat.edu.ve\/web\/xxvi-foro-mundial-de-la-asociacion-internacional-de-escuelas-de-negocios-jesuitas\/#primaryimage\",\"url\":\"https:\/\/www.ucat.edu.ve\/web\/wp-content\/uploads\/2021\/07\/Banner_Noti_XXVI-Foro-mundial-de-la-Asociacion-Internacional-de-Escuelas-de-Negocios-Jesuitas.png\",\"contentUrl\":\"https:\/\/www.ucat.edu.ve\/web\/wp-content\/uploads\/2021\/07\/Banner_Noti_XXVI-Foro-mundial-de-la-Asociacion-Internacional-de-Escuelas-de-Negocios-Jesuitas.png\",\"width\":953,\"height\":529},{\"@type\":\"WebPage\",\"@id\":\"https:\/\/www.ucat.edu.ve\/web\/xxvi-foro-mundial-de-la-asociacion-internacional-de-escuelas-de-negocios-jesuitas\/#webpage\",\"url\":\"https:\/\/www.ucat.edu.ve\/web\/xxvi-foro-mundial-de-la-asociacion-internacional-de-escuelas-de-negocios-jesuitas\/\",\"name\":\"XXVI Foro mundial de la Asociaci\u00f3n Internacional de Escuelas de Negocios Jesuitas - Universidad Cat\u00f3lica del T\u00e1chira\",\"isPartOf\":{\"@id\":\"https:\/\/www.ucat.edu.ve\/web\/#website\"},\"primaryImageOfPage\":{\"@id\":\"https:\/\/www.ucat.edu.ve\/web\/xxvi-foro-mundial-de-la-asociacion-internacional-de-escuelas-de-negocios-jesuitas\/#primaryimage\"},\"datePublished\":\"2021-07-08T19:20:03+00:00\",\"dateModified\":\"2021-07-08T19:20:03+00:00\",\"breadcrumb\":{\"@id\":\"https:\/\/www.ucat.edu.ve\/web\/xxvi-foro-mundial-de-la-asociacion-internacional-de-escuelas-de-negocios-jesuitas\/#breadcrumb\"},\"inLanguage\":\"es-ES\",\"potentialAction\":[{\"@type\":\"ReadAction\",\"target\":[\"https:\/\/www.ucat.edu.ve\/web\/xxvi-foro-mundial-de-la-asociacion-internacional-de-escuelas-de-negocios-jesuitas\/\"]}]},{\"@type\":\"BreadcrumbList\",\"@id\":\"https:\/\/www.ucat.edu.ve\/web\/xxvi-foro-mundial-de-la-asociacion-internacional-de-escuelas-de-negocios-jesuitas\/#breadcrumb\",\"itemListElement\":[{\"@type\":\"ListItem\",\"position\":1,\"name\":\"Home\",\"item\":\"https:\/\/www.ucat.edu.ve\/web\/\"},{\"@type\":\"ListItem\",\"position\":2,\"name\":\"XXVI Foro mundial de la Asociaci\u00f3n Internacional de Escuelas de Negocios Jesuitas\"}]},{\"@type\":\"Article\",\"@id\":\"https:\/\/www.ucat.edu.ve\/web\/xxvi-foro-mundial-de-la-asociacion-internacional-de-escuelas-de-negocios-jesuitas\/#article\",\"isPartOf\":{\"@id\":\"https:\/\/www.ucat.edu.ve\/web\/xxvi-foro-mundial-de-la-asociacion-internacional-de-escuelas-de-negocios-jesuitas\/#webpage\"},\"author\":{\"name\":\"Secretaria General\",\"@id\":\"https:\/\/www.ucat.edu.ve\/web\/#\/schema\/person\/e90fe655adf97bd5c1dbc608855d16cf\"},\"headline\":\"XXVI Foro mundial de la Asociaci\u00f3n Internacional de Escuelas de Negocios Jesuitas\",\"datePublished\":\"2021-07-08T19:20:03+00:00\",\"dateModified\":\"2021-07-08T19:20:03+00:00\",\"mainEntityOfPage\":{\"@id\":\"https:\/\/www.ucat.edu.ve\/web\/xxvi-foro-mundial-de-la-asociacion-internacional-de-escuelas-de-negocios-jesuitas\/#webpage\"},\"wordCount\":286,\"publisher\":{\"@id\":\"https:\/\/www.ucat.edu.ve\/web\/#organization\"},\"image\":{\"@id\":\"https:\/\/www.ucat.edu.ve\/web\/xxvi-foro-mundial-de-la-asociacion-internacional-de-escuelas-de-negocios-jesuitas\/#primaryimage\"},\"thumbnailUrl\":\"https:\/\/www.ucat.edu.ve\/web\/wp-content\/uploads\/2021\/07\/Banner_Noti_XXVI-Foro-mundial-de-la-Asociacion-Internacional-de-Escuelas-de-Negocios-Jesuitas.png\",\"articleSection\":[\"Noticias\"],\"inLanguage\":\"es-ES\"},{\"@type\":\"Person\",\"@id\":\"https:\/\/www.ucat.edu.ve\/web\/#\/schema\/person\/e90fe655adf97bd5c1dbc608855d16cf\",\"name\":\"Secretaria General\",\"url\":\"https:\/\/www.ucat.edu.ve\/web\/author\/secgeucat\/\"}]}<\/script>\n<!-- \/ Yoast SEO plugin. -->","yoast_head_json":{"title":"XXVI Foro mundial de la Asociaci\u00f3n Internacional de Escuelas de Negocios Jesuitas - Universidad Cat\u00f3lica del T\u00e1chira","robots":{"index":"index","follow":"follow","max-snippet":"max-snippet:-1","max-image-preview":"max-image-preview:large","max-video-preview":"max-video-preview:-1"},"canonical":"https:\/\/www.ucat.edu.ve\/web\/xxvi-foro-mundial-de-la-asociacion-internacional-de-escuelas-de-negocios-jesuitas\/","og_locale":"es_ES","og_type":"article","og_title":"XXVI Foro mundial de la Asociaci\u00f3n Internacional de Escuelas de Negocios Jesuitas - Universidad Cat\u00f3lica del T\u00e1chira","og_description":"Del 20 al 22 de julio se llevar\u00e1 a cabo el XXVI Foro Mundial de la Asociaci\u00f3n Internacional de Escuelas de Negocios Jesuitas (IAJBS), iluminados por la reflexi\u00f3n del \u201cfuturo de los estudios empresariales en la educaci\u00f3n jesuita: sirviendo al mundo con una educaci\u00f3n empresarial inspirada\u201d. La Universidad Cat\u00f3lica del T\u00e1chira extiende la invitaci\u00f3n a","og_url":"https:\/\/www.ucat.edu.ve\/web\/xxvi-foro-mundial-de-la-asociacion-internacional-de-escuelas-de-negocios-jesuitas\/","og_site_name":"Universidad Cat\u00f3lica del T\u00e1chira","article_publisher":"https:\/\/www.facebook.com\/notiucat\/","article_published_time":"2021-07-08T19:20:03+00:00","og_image":[{"width":953,"height":529,"url":"https:\/\/www.ucat.edu.ve\/web\/wp-content\/uploads\/2021\/07\/Banner_Noti_XXVI-Foro-mundial-de-la-Asociacion-Internacional-de-Escuelas-de-Negocios-Jesuitas.png","type":"image\/png"}],"author":"Secretaria General","twitter_card":"summary_large_image","twitter_creator":"@notiucat","twitter_site":"@notiucat","twitter_misc":{"Written by":"Secretaria General","Est. reading time":"2 minutos"},"schema":{"@context":"https:\/\/schema.org","@graph":[{"@type":"Organization","@id":"https:\/\/www.ucat.edu.ve\/web\/#organization","name":"Universidad Cat\u00f3lica Del T\u00e1chira UCAT","url":"https:\/\/www.ucat.edu.ve\/web\/","sameAs":["https:\/\/www.instagram.com\/notiucat\/","https:\/\/www.youtube.com\/channel\/UCwEbYSB1R9fzlII-8dcxuYA?view_as=subscriber","https:\/\/www.facebook.com\/notiucat\/","https:\/\/twitter.com\/notiucat"],"logo":{"@type":"ImageObject","inLanguage":"es-ES","@id":"https:\/\/www.ucat.edu.ve\/web\/#\/schema\/logo\/image\/","url":"https:\/\/www.ucat.edu.ve\/web\/wp-content\/uploads\/2015\/07\/logoucat.gif","contentUrl":"https:\/\/www.ucat.edu.ve\/web\/wp-content\/uploads\/2015\/07\/logoucat.gif","width":219,"height":155,"caption":"Universidad Cat\u00f3lica Del T\u00e1chira UCAT"},"image":{"@id":"https:\/\/www.ucat.edu.ve\/web\/#\/schema\/logo\/image\/"}},{"@type":"WebSite","@id":"https:\/\/www.ucat.edu.ve\/web\/#website","url":"https:\/\/www.ucat.edu.ve\/web\/","name":"Universidad Cat\u00f3lica del T\u00e1chira","description":"","publisher":{"@id":"https:\/\/www.ucat.edu.ve\/web\/#organization"},"potentialAction":[{"@type":"SearchAction","target":{"@type":"EntryPoint","urlTemplate":"https:\/\/www.ucat.edu.ve\/web\/?s={search_term_string}"},"query-input":"required name=search_term_string"}],"inLanguage":"es-ES"},{"@type":"ImageObject","inLanguage":"es-ES","@id":"https:\/\/www.ucat.edu.ve\/web\/xxvi-foro-mundial-de-la-asociacion-internacional-de-escuelas-de-negocios-jesuitas\/#primaryimage","url":"https:\/\/www.ucat.edu.ve\/web\/wp-content\/uploads\/2021\/07\/Banner_Noti_XXVI-Foro-mundial-de-la-Asociacion-Internacional-de-Escuelas-de-Negocios-Jesuitas.png","contentUrl":"https:\/\/www.ucat.edu.ve\/web\/wp-content\/uploads\/2021\/07\/Banner_Noti_XXVI-Foro-mundial-de-la-Asociacion-Internacional-de-Escuelas-de-Negocios-Jesuitas.png","width":953,"height":529},{"@type":"WebPage","@id":"https:\/\/www.ucat.edu.ve\/web\/xxvi-foro-mundial-de-la-asociacion-internacional-de-escuelas-de-negocios-jesuitas\/#webpage","url":"https:\/\/www.ucat.edu.ve\/web\/xxvi-foro-mundial-de-la-asociacion-internacional-de-escuelas-de-negocios-jesuitas\/","name":"XXVI Foro mundial de la Asociaci\u00f3n Internacional de Escuelas de Negocios Jesuitas - Universidad Cat\u00f3lica del T\u00e1chira","isPartOf":{"@id":"https:\/\/www.ucat.edu.ve\/web\/#website"},"primaryImageOfPage":{"@id":"https:\/\/www.ucat.edu.ve\/web\/xxvi-foro-mundial-de-la-asociacion-internacional-de-escuelas-de-negocios-jesuitas\/#primaryimage"},"datePublished":"2021-07-08T19:20:03+00:00","dateModified":"2021-07-08T19:20:03+00:00","breadcrumb":{"@id":"https:\/\/www.ucat.edu.ve\/web\/xxvi-foro-mundial-de-la-asociacion-internacional-de-escuelas-de-negocios-jesuitas\/#breadcrumb"},"inLanguage":"es-ES","potentialAction":[{"@type":"ReadAction","target":["https:\/\/www.ucat.edu.ve\/web\/xxvi-foro-mundial-de-la-asociacion-internacional-de-escuelas-de-negocios-jesuitas\/"]}]},{"@type":"BreadcrumbList","@id":"https:\/\/www.ucat.edu.ve\/web\/xxvi-foro-mundial-de-la-asociacion-internacional-de-escuelas-de-negocios-jesuitas\/#breadcrumb","itemListElement":[{"@type":"ListItem","position":1,"name":"Home","item":"https:\/\/www.ucat.edu.ve\/web\/"},{"@type":"ListItem","position":2,"name":"XXVI Foro mundial de la Asociaci\u00f3n Internacional de Escuelas de Negocios Jesuitas"}]},{"@type":"Article","@id":"https:\/\/www.ucat.edu.ve\/web\/xxvi-foro-mundial-de-la-asociacion-internacional-de-escuelas-de-negocios-jesuitas\/#article","isPartOf":{"@id":"https:\/\/www.ucat.edu.ve\/web\/xxvi-foro-mundial-de-la-asociacion-internacional-de-escuelas-de-negocios-jesuitas\/#webpage"},"author":{"name":"Secretaria General","@id":"https:\/\/www.ucat.edu.ve\/web\/#\/schema\/person\/e90fe655adf97bd5c1dbc608855d16cf"},"headline":"XXVI Foro mundial de la Asociaci\u00f3n Internacional de Escuelas de Negocios Jesuitas","datePublished":"2021-07-08T19:20:03+00:00","dateModified":"2021-07-08T19:20:03+00:00","mainEntityOfPage":{"@id":"https:\/\/www.ucat.edu.ve\/web\/xxvi-foro-mundial-de-la-asociacion-internacional-de-escuelas-de-negocios-jesuitas\/#webpage"},"wordCount":286,"publisher":{"@id":"https:\/\/www.ucat.edu.ve\/web\/#organization"},"image":{"@id":"https:\/\/www.ucat.edu.ve\/web\/xxvi-foro-mundial-de-la-asociacion-internacional-de-escuelas-de-negocios-jesuitas\/#primaryimage"},"thumbnailUrl":"https:\/\/www.ucat.edu.ve\/web\/wp-content\/uploads\/2021\/07\/Banner_Noti_XXVI-Foro-mundial-de-la-Asociacion-Internacional-de-Escuelas-de-Negocios-Jesuitas.png","articleSection":["Noticias"],"inLanguage":"es-ES"},{"@type":"Person","@id":"https:\/\/www.ucat.edu.ve\/web\/#\/schema\/person\/e90fe655adf97bd5c1dbc608855d16cf","name":"Secretaria General","url":"https:\/\/www.ucat.edu.ve\/web\/author\/secgeucat\/"}]}},"_links":{"self":[{"href":"https:\/\/www.ucat.edu.ve\/web\/wp-json\/wp\/v2\/posts\/7602"}],"collection":[{"href":"https:\/\/www.ucat.edu.ve\/web\/wp-json\/wp\/v2\/posts"}],"about":[{"href":"https:\/\/www.ucat.edu.ve\/web\/wp-json\/wp\/v2\/types\/post"}],"author":[{"embeddable":true,"href":"https:\/\/www.ucat.edu.ve\/web\/wp-json\/wp\/v2\/users\/23"}],"replies":[{"embeddable":true,"href":"https:\/\/www.ucat.edu.ve\/web\/wp-json\/wp\/v2\/comments?post=7602"}],"version-history":[{"count":1,"href":"https:\/\/www.ucat.edu.ve\/web\/wp-json\/wp\/v2\/posts\/7602\/revisions"}],"predecessor-version":[{"id":7604,"href":"https:\/\/www.ucat.edu.ve\/web\/wp-json\/wp\/v2\/posts\/7602\/revisions\/7604"}],"wp:featuredmedia":[{"embeddable":true,"href":"https:\/\/www.ucat.edu.ve\/web\/wp-json\/wp\/v2\/media\/7603"}],"wp:attachment":[{"href":"https:\/\/www.ucat.edu.ve\/web\/wp-json\/wp\/v2\/media?parent=7602"}],"wp:term":[{"taxonomy":"category","embeddable":true,"href":"https:\/\/www.ucat.edu.ve\/web\/wp-json\/wp\/v2\/categories?post=7602"},{"taxonomy":"post_tag","embeddable":true,"href":"https:\/\/www.ucat.edu.ve\/web\/wp-json\/wp\/v2\/tags?post=7602"}],"curies":[{"name":"wp","href":"https:\/\/api.w.org\/{rel}","templated":true}]}}