 {"id":7605,"date":"2021-07-10T15:49:48","date_gmt":"2021-07-10T15:49:48","guid":{"rendered":"http:\/\/www.ucat.edu.ve\/web\/?p=7605"},"modified":"2021-07-10T15:49:48","modified_gmt":"2021-07-10T15:49:48","slug":"egresado-de-la-ucat-es-el-nuevo-decano-de-la-facultad-de-derecho-de-la-universidad-de-buckingham","status":"publish","type":"post","link":"https:\/\/www.ucat.edu.ve\/web\/egresado-de-la-ucat-es-el-nuevo-decano-de-la-facultad-de-derecho-de-la-universidad-de-buckingham\/","title":{"rendered":"Egresado de la UCAT es el nuevo Decano de la Facultad de Derecho de la Universidad de Buckingham"},"content":{"rendered":"<p style=\"text-align: center;\"><img loading=\"lazy\" class=\"alignnone size-medium wp-image-7606\" src=\"http:\/\/www.ucat.edu.ve\/web\/wp-content\/uploads\/2021\/07\/Banner_Noti_Egresado-521x289.jpg\" alt=\"\" width=\"521\" height=\"289\" srcset=\"https:\/\/www.ucat.edu.ve\/web\/wp-content\/uploads\/2021\/07\/Banner_Noti_Egresado-521x289.jpg 521w, https:\/\/www.ucat.edu.ve\/web\/wp-content\/uploads\/2021\/07\/Banner_Noti_Egresado.jpg 953w\" sizes=\"(max-width: 521px) 100vw, 521px\" \/><\/p>\n<p style=\"font-weight: 400; text-align: justify;\">La Universidad Cat\u00f3lica del T\u00e1chira se llena de j\u00fabilo por el \u00e9xito de uno de sus profesionales egresados, el doctor Adolfo Paolini Pisani, quien es el nuevo Decano de la Facultad de Derecho de la\u00a0Universidad de Buckingham, en Inglaterra, Reino Unido.<\/p>\n<p style=\"font-weight: 400; text-align: justify;\">Adolfo Paolini realiz\u00f3 sus estudios de pregrado como Abogado en la Facultad de Ciencias Jur\u00eddicas y Pol\u00edticas de la UCAT, siendo profesor de ella en el \u00e1rea de Derecho Mercantil y, como tantos otros egresados de la familia ucatense, actualmente su profesionalismo es reconocido por instituciones nacionales e internacionales.<\/p>\n<p style=\"font-weight: 400; text-align: justify;\">\u201cLa pandemia y el posterior bloqueo nos obligaron a proponer ideas alternativas. Estamos decididos a mejorar nuestros programas en el \u00e1mbito nacional e internacional y, en el futuro, ofreceremos cursos combinados y en l\u00ednea incluso despu\u00e9s de la pandemia\u201d, dijo el profesor Adolfo Paolini a un medio local en el Reino Unido.<\/p>\n<p style=\"font-weight: 400; text-align: justify;\">&#8220;La ley no ha escapado a los efectos de esta nueva era digital. Los bufetes de abogados esperan que los graduados tengan una comprensi\u00f3n b\u00e1sica de conceptos como\u00a0inteligencia artificial,\u00a0blockchain,\u00a0riesgo cibern\u00e9tico\u00a0y\u00a0responsabilidades&#8221;, indic\u00f3 Paolini Pisani.<\/p>\n<p style=\"font-weight: 400; text-align: justify;\">El Decano, egresado de la Universidad Cat\u00f3lica del T\u00e1chira, resalt\u00f3 que el mundo vive una transformaci\u00f3n digital sustentada en avances tecnol\u00f3gicos que afectan todos los aspectos de la vida.<\/p>\n<p style=\"font-weight: 400;\">(Prensa UCAT)<\/p>\n","protected":false},"excerpt":{"rendered":"<p>La Universidad Cat\u00f3lica del T\u00e1chira se llena de j\u00fabilo por el \u00e9xito de uno de sus profesionales egresados, el doctor Adolfo Paolini Pisani, quien es el nuevo Decano de la Facultad de Derecho de la\u00a0Universidad de Buckingham, en Inglaterra, Reino Unido. Adolfo Paolini realiz\u00f3 sus estudios de pregrado como Abogado en la Facultad de Ciencias<\/p>\n","protected":false},"author":23,"featured_media":7606,"comment_status":"closed","ping_status":"closed","sticky":false,"template":"","format":"standard","meta":[],"categories":[3],"tags":[],"yoast_head":"<!-- This site is optimized with the Yoast SEO plugin v19.2 - https:\/\/yoast.com\/wordpress\/plugins\/seo\/ -->\n<title>Egresado de la UCAT es el nuevo Decano de la Facultad de Derecho de la Universidad de Buckingham - Universidad Cat\u00f3lica del T\u00e1chira<\/title>\n<meta name=\"robots\" content=\"index, follow, max-snippet:-1, max-image-preview:large, max-video-preview:-1\" \/>\n<link rel=\"canonical\" href=\"https:\/\/www.ucat.edu.ve\/web\/egresado-de-la-ucat-es-el-nuevo-decano-de-la-facultad-de-derecho-de-la-universidad-de-buckingham\/\" \/>\n<meta property=\"og:locale\" content=\"es_ES\" \/>\n<meta property=\"og:type\" content=\"article\" \/>\n<meta property=\"og:title\" content=\"Egresado de la UCAT es el nuevo Decano de la Facultad de Derecho de la Universidad de Buckingham - Universidad Cat\u00f3lica del T\u00e1chira\" \/>\n<meta property=\"og:description\" content=\"La Universidad Cat\u00f3lica del T\u00e1chira se llena de j\u00fabilo por el \u00e9xito de uno de sus profesionales egresados, el doctor Adolfo Paolini Pisani, quien es el nuevo Decano de la Facultad de Derecho de la\u00a0Universidad de Buckingham, en Inglaterra, Reino Unido. Adolfo Paolini realiz\u00f3 sus estudios de pregrado como Abogado en la Facultad de Ciencias\" \/>\n<meta property=\"og:url\" content=\"https:\/\/www.ucat.edu.ve\/web\/egresado-de-la-ucat-es-el-nuevo-decano-de-la-facultad-de-derecho-de-la-universidad-de-buckingham\/\" \/>\n<meta property=\"og:site_name\" content=\"Universidad Cat\u00f3lica del T\u00e1chira\" \/>\n<meta property=\"article:publisher\" content=\"https:\/\/www.facebook.com\/notiucat\/\" \/>\n<meta property=\"article:published_time\" content=\"2021-07-10T15:49:48+00:00\" \/>\n<meta property=\"og:image\" content=\"https:\/\/www.ucat.edu.ve\/web\/wp-content\/uploads\/2021\/07\/Banner_Noti_Egresado.jpg\" \/>\n\t<meta property=\"og:image:width\" content=\"953\" \/>\n\t<meta property=\"og:image:height\" content=\"529\" \/>\n\t<meta property=\"og:image:type\" content=\"image\/jpeg\" \/>\n<meta name=\"author\" content=\"Secretaria General\" \/>\n<meta name=\"twitter:card\" content=\"summary_large_image\" \/>\n<meta name=\"twitter:creator\" content=\"@notiucat\" \/>\n<meta name=\"twitter:site\" content=\"@notiucat\" \/>\n<meta name=\"twitter:label1\" content=\"Written by\" \/>\n\t<meta name=\"twitter:data1\" content=\"Secretaria General\" \/>\n\t<meta name=\"twitter:label2\" content=\"Est. reading time\" \/>\n\t<meta name=\"twitter:data2\" content=\"2 minutos\" \/>\n<script type=\"application\/ld+json\" class=\"yoast-schema-graph\">{\"@context\":\"https:\/\/schema.org\",\"@graph\":[{\"@type\":\"Organization\",\"@id\":\"https:\/\/www.ucat.edu.ve\/web\/#organization\",\"name\":\"Universidad Cat\u00f3lica Del T\u00e1chira UCAT\",\"url\":\"https:\/\/www.ucat.edu.ve\/web\/\",\"sameAs\":[\"https:\/\/www.instagram.com\/notiucat\/\",\"https:\/\/www.youtube.com\/channel\/UCwEbYSB1R9fzlII-8dcxuYA?view_as=subscriber\",\"https:\/\/www.facebook.com\/notiucat\/\",\"https:\/\/twitter.com\/notiucat\"],\"logo\":{\"@type\":\"ImageObject\",\"inLanguage\":\"es-ES\",\"@id\":\"https:\/\/www.ucat.edu.ve\/web\/#\/schema\/logo\/image\/\",\"url\":\"https:\/\/www.ucat.edu.ve\/web\/wp-content\/uploads\/2015\/07\/logoucat.gif\",\"contentUrl\":\"https:\/\/www.ucat.edu.ve\/web\/wp-content\/uploads\/2015\/07\/logoucat.gif\",\"width\":219,\"height\":155,\"caption\":\"Universidad Cat\u00f3lica Del T\u00e1chira UCAT\"},\"image\":{\"@id\":\"https:\/\/www.ucat.edu.ve\/web\/#\/schema\/logo\/image\/\"}},{\"@type\":\"WebSite\",\"@id\":\"https:\/\/www.ucat.edu.ve\/web\/#website\",\"url\":\"https:\/\/www.ucat.edu.ve\/web\/\",\"name\":\"Universidad Cat\u00f3lica del T\u00e1chira\",\"description\":\"\",\"publisher\":{\"@id\":\"https:\/\/www.ucat.edu.ve\/web\/#organization\"},\"potentialAction\":[{\"@type\":\"SearchAction\",\"target\":{\"@type\":\"EntryPoint\",\"urlTemplate\":\"https:\/\/www.ucat.edu.ve\/web\/?s={search_term_string}\"},\"query-input\":\"required name=search_term_string\"}],\"inLanguage\":\"es-ES\"},{\"@type\":\"ImageObject\",\"inLanguage\":\"es-ES\",\"@id\":\"https:\/\/www.ucat.edu.ve\/web\/egresado-de-la-ucat-es-el-nuevo-decano-de-la-facultad-de-derecho-de-la-universidad-de-buckingham\/#primaryimage\",\"url\":\"https:\/\/www.ucat.edu.ve\/web\/wp-content\/uploads\/2021\/07\/Banner_Noti_Egresado.jpg\",\"contentUrl\":\"https:\/\/www.ucat.edu.ve\/web\/wp-content\/uploads\/2021\/07\/Banner_Noti_Egresado.jpg\",\"width\":953,\"height\":529},{\"@type\":\"WebPage\",\"@id\":\"https:\/\/www.ucat.edu.ve\/web\/egresado-de-la-ucat-es-el-nuevo-decano-de-la-facultad-de-derecho-de-la-universidad-de-buckingham\/#webpage\",\"url\":\"https:\/\/www.ucat.edu.ve\/web\/egresado-de-la-ucat-es-el-nuevo-decano-de-la-facultad-de-derecho-de-la-universidad-de-buckingham\/\",\"name\":\"Egresado de la UCAT es el nuevo Decano de la Facultad de Derecho de la Universidad de Buckingham - Universidad Cat\u00f3lica del T\u00e1chira\",\"isPartOf\":{\"@id\":\"https:\/\/www.ucat.edu.ve\/web\/#website\"},\"primaryImageOfPage\":{\"@id\":\"https:\/\/www.ucat.edu.ve\/web\/egresado-de-la-ucat-es-el-nuevo-decano-de-la-facultad-de-derecho-de-la-universidad-de-buckingham\/#primaryimage\"},\"datePublished\":\"2021-07-10T15:49:48+00:00\",\"dateModified\":\"2021-07-10T15:49:48+00:00\",\"breadcrumb\":{\"@id\":\"https:\/\/www.ucat.edu.ve\/web\/egresado-de-la-ucat-es-el-nuevo-decano-de-la-facultad-de-derecho-de-la-universidad-de-buckingham\/#breadcrumb\"},\"inLanguage\":\"es-ES\",\"potentialAction\":[{\"@type\":\"ReadAction\",\"target\":[\"https:\/\/www.ucat.edu.ve\/web\/egresado-de-la-ucat-es-el-nuevo-decano-de-la-facultad-de-derecho-de-la-universidad-de-buckingham\/\"]}]},{\"@type\":\"BreadcrumbList\",\"@id\":\"https:\/\/www.ucat.edu.ve\/web\/egresado-de-la-ucat-es-el-nuevo-decano-de-la-facultad-de-derecho-de-la-universidad-de-buckingham\/#breadcrumb\",\"itemListElement\":[{\"@type\":\"ListItem\",\"position\":1,\"name\":\"Home\",\"item\":\"https:\/\/www.ucat.edu.ve\/web\/\"},{\"@type\":\"ListItem\",\"position\":2,\"name\":\"Egresado de la UCAT es el nuevo Decano de la Facultad de Derecho de la Universidad de Buckingham\"}]},{\"@type\":\"Article\",\"@id\":\"https:\/\/www.ucat.edu.ve\/web\/egresado-de-la-ucat-es-el-nuevo-decano-de-la-facultad-de-derecho-de-la-universidad-de-buckingham\/#article\",\"isPartOf\":{\"@id\":\"https:\/\/www.ucat.edu.ve\/web\/egresado-de-la-ucat-es-el-nuevo-decano-de-la-facultad-de-derecho-de-la-universidad-de-buckingham\/#webpage\"},\"author\":{\"name\":\"Secretaria General\",\"@id\":\"https:\/\/www.ucat.edu.ve\/web\/#\/schema\/person\/e90fe655adf97bd5c1dbc608855d16cf\"},\"headline\":\"Egresado de la UCAT es el nuevo Decano de la Facultad de Derecho de la Universidad de Buckingham\",\"datePublished\":\"2021-07-10T15:49:48+00:00\",\"dateModified\":\"2021-07-10T15:49:48+00:00\",\"mainEntityOfPage\":{\"@id\":\"https:\/\/www.ucat.edu.ve\/web\/egresado-de-la-ucat-es-el-nuevo-decano-de-la-facultad-de-derecho-de-la-universidad-de-buckingham\/#webpage\"},\"wordCount\":244,\"publisher\":{\"@id\":\"https:\/\/www.ucat.edu.ve\/web\/#organization\"},\"image\":{\"@id\":\"https:\/\/www.ucat.edu.ve\/web\/egresado-de-la-ucat-es-el-nuevo-decano-de-la-facultad-de-derecho-de-la-universidad-de-buckingham\/#primaryimage\"},\"thumbnailUrl\":\"https:\/\/www.ucat.edu.ve\/web\/wp-content\/uploads\/2021\/07\/Banner_Noti_Egresado.jpg\",\"articleSection\":[\"Noticias\"],\"inLanguage\":\"es-ES\"},{\"@type\":\"Person\",\"@id\":\"https:\/\/www.ucat.edu.ve\/web\/#\/schema\/person\/e90fe655adf97bd5c1dbc608855d16cf\",\"name\":\"Secretaria General\",\"url\":\"https:\/\/www.ucat.edu.ve\/web\/author\/secgeucat\/\"}]}<\/script>\n<!-- \/ Yoast SEO plugin. -->","yoast_head_json":{"title":"Egresado de la UCAT es el nuevo Decano de la Facultad de Derecho de la Universidad de Buckingham - Universidad Cat\u00f3lica del T\u00e1chira","robots":{"index":"index","follow":"follow","max-snippet":"max-snippet:-1","max-image-preview":"max-image-preview:large","max-video-preview":"max-video-preview:-1"},"canonical":"https:\/\/www.ucat.edu.ve\/web\/egresado-de-la-ucat-es-el-nuevo-decano-de-la-facultad-de-derecho-de-la-universidad-de-buckingham\/","og_locale":"es_ES","og_type":"article","og_title":"Egresado de la UCAT es el nuevo Decano de la Facultad de Derecho de la Universidad de Buckingham - Universidad Cat\u00f3lica del T\u00e1chira","og_description":"La Universidad Cat\u00f3lica del T\u00e1chira se llena de j\u00fabilo por el \u00e9xito de uno de sus profesionales egresados, el doctor Adolfo Paolini Pisani, quien es el nuevo Decano de la Facultad de Derecho de la\u00a0Universidad de Buckingham, en Inglaterra, Reino Unido. Adolfo Paolini realiz\u00f3 sus estudios de pregrado como Abogado en la Facultad de Ciencias","og_url":"https:\/\/www.ucat.edu.ve\/web\/egresado-de-la-ucat-es-el-nuevo-decano-de-la-facultad-de-derecho-de-la-universidad-de-buckingham\/","og_site_name":"Universidad Cat\u00f3lica del T\u00e1chira","article_publisher":"https:\/\/www.facebook.com\/notiucat\/","article_published_time":"2021-07-10T15:49:48+00:00","og_image":[{"width":953,"height":529,"url":"https:\/\/www.ucat.edu.ve\/web\/wp-content\/uploads\/2021\/07\/Banner_Noti_Egresado.jpg","type":"image\/jpeg"}],"author":"Secretaria General","twitter_card":"summary_large_image","twitter_creator":"@notiucat","twitter_site":"@notiucat","twitter_misc":{"Written by":"Secretaria General","Est. reading time":"2 minutos"},"schema":{"@context":"https:\/\/schema.org","@graph":[{"@type":"Organization","@id":"https:\/\/www.ucat.edu.ve\/web\/#organization","name":"Universidad Cat\u00f3lica Del T\u00e1chira UCAT","url":"https:\/\/www.ucat.edu.ve\/web\/","sameAs":["https:\/\/www.instagram.com\/notiucat\/","https:\/\/www.youtube.com\/channel\/UCwEbYSB1R9fzlII-8dcxuYA?view_as=subscriber","https:\/\/www.facebook.com\/notiucat\/","https:\/\/twitter.com\/notiucat"],"logo":{"@type":"ImageObject","inLanguage":"es-ES","@id":"https:\/\/www.ucat.edu.ve\/web\/#\/schema\/logo\/image\/","url":"https:\/\/www.ucat.edu.ve\/web\/wp-content\/uploads\/2015\/07\/logoucat.gif","contentUrl":"https:\/\/www.ucat.edu.ve\/web\/wp-content\/uploads\/2015\/07\/logoucat.gif","width":219,"height":155,"caption":"Universidad Cat\u00f3lica Del T\u00e1chira UCAT"},"image":{"@id":"https:\/\/www.ucat.edu.ve\/web\/#\/schema\/logo\/image\/"}},{"@type":"WebSite","@id":"https:\/\/www.ucat.edu.ve\/web\/#website","url":"https:\/\/www.ucat.edu.ve\/web\/","name":"Universidad Cat\u00f3lica del T\u00e1chira","description":"","publisher":{"@id":"https:\/\/www.ucat.edu.ve\/web\/#organization"},"potentialAction":[{"@type":"SearchAction","target":{"@type":"EntryPoint","urlTemplate":"https:\/\/www.ucat.edu.ve\/web\/?s={search_term_string}"},"query-input":"required name=search_term_string"}],"inLanguage":"es-ES"},{"@type":"ImageObject","inLanguage":"es-ES","@id":"https:\/\/www.ucat.edu.ve\/web\/egresado-de-la-ucat-es-el-nuevo-decano-de-la-facultad-de-derecho-de-la-universidad-de-buckingham\/#primaryimage","url":"https:\/\/www.ucat.edu.ve\/web\/wp-content\/uploads\/2021\/07\/Banner_Noti_Egresado.jpg","contentUrl":"https:\/\/www.ucat.edu.ve\/web\/wp-content\/uploads\/2021\/07\/Banner_Noti_Egresado.jpg","width":953,"height":529},{"@type":"WebPage","@id":"https:\/\/www.ucat.edu.ve\/web\/egresado-de-la-ucat-es-el-nuevo-decano-de-la-facultad-de-derecho-de-la-universidad-de-buckingham\/#webpage","url":"https:\/\/www.ucat.edu.ve\/web\/egresado-de-la-ucat-es-el-nuevo-decano-de-la-facultad-de-derecho-de-la-universidad-de-buckingham\/","name":"Egresado de la UCAT es el nuevo Decano de la Facultad de Derecho de la Universidad de Buckingham - Universidad Cat\u00f3lica del T\u00e1chira","isPartOf":{"@id":"https:\/\/www.ucat.edu.ve\/web\/#website"},"primaryImageOfPage":{"@id":"https:\/\/www.ucat.edu.ve\/web\/egresado-de-la-ucat-es-el-nuevo-decano-de-la-facultad-de-derecho-de-la-universidad-de-buckingham\/#primaryimage"},"datePublished":"2021-07-10T15:49:48+00:00","dateModified":"2021-07-10T15:49:48+00:00","breadcrumb":{"@id":"https:\/\/www.ucat.edu.ve\/web\/egresado-de-la-ucat-es-el-nuevo-decano-de-la-facultad-de-derecho-de-la-universidad-de-buckingham\/#breadcrumb"},"inLanguage":"es-ES","potentialAction":[{"@type":"ReadAction","target":["https:\/\/www.ucat.edu.ve\/web\/egresado-de-la-ucat-es-el-nuevo-decano-de-la-facultad-de-derecho-de-la-universidad-de-buckingham\/"]}]},{"@type":"BreadcrumbList","@id":"https:\/\/www.ucat.edu.ve\/web\/egresado-de-la-ucat-es-el-nuevo-decano-de-la-facultad-de-derecho-de-la-universidad-de-buckingham\/#breadcrumb","itemListElement":[{"@type":"ListItem","position":1,"name":"Home","item":"https:\/\/www.ucat.edu.ve\/web\/"},{"@type":"ListItem","position":2,"name":"Egresado de la UCAT es el nuevo Decano de la Facultad de Derecho de la Universidad de Buckingham"}]},{"@type":"Article","@id":"https:\/\/www.ucat.edu.ve\/web\/egresado-de-la-ucat-es-el-nuevo-decano-de-la-facultad-de-derecho-de-la-universidad-de-buckingham\/#article","isPartOf":{"@id":"https:\/\/www.ucat.edu.ve\/web\/egresado-de-la-ucat-es-el-nuevo-decano-de-la-facultad-de-derecho-de-la-universidad-de-buckingham\/#webpage"},"author":{"name":"Secretaria General","@id":"https:\/\/www.ucat.edu.ve\/web\/#\/schema\/person\/e90fe655adf97bd5c1dbc608855d16cf"},"headline":"Egresado de la UCAT es el nuevo Decano de la Facultad de Derecho de la Universidad de Buckingham","datePublished":"2021-07-10T15:49:48+00:00","dateModified":"2021-07-10T15:49:48+00:00","mainEntityOfPage":{"@id":"https:\/\/www.ucat.edu.ve\/web\/egresado-de-la-ucat-es-el-nuevo-decano-de-la-facultad-de-derecho-de-la-universidad-de-buckingham\/#webpage"},"wordCount":244,"publisher":{"@id":"https:\/\/www.ucat.edu.ve\/web\/#organization"},"image":{"@id":"https:\/\/www.ucat.edu.ve\/web\/egresado-de-la-ucat-es-el-nuevo-decano-de-la-facultad-de-derecho-de-la-universidad-de-buckingham\/#primaryimage"},"thumbnailUrl":"https:\/\/www.ucat.edu.ve\/web\/wp-content\/uploads\/2021\/07\/Banner_Noti_Egresado.jpg","articleSection":["Noticias"],"inLanguage":"es-ES"},{"@type":"Person","@id":"https:\/\/www.ucat.edu.ve\/web\/#\/schema\/person\/e90fe655adf97bd5c1dbc608855d16cf","name":"Secretaria General","url":"https:\/\/www.ucat.edu.ve\/web\/author\/secgeucat\/"}]}},"_links":{"self":[{"href":"https:\/\/www.ucat.edu.ve\/web\/wp-json\/wp\/v2\/posts\/7605"}],"collection":[{"href":"https:\/\/www.ucat.edu.ve\/web\/wp-json\/wp\/v2\/posts"}],"about":[{"href":"https:\/\/www.ucat.edu.ve\/web\/wp-json\/wp\/v2\/types\/post"}],"author":[{"embeddable":true,"href":"https:\/\/www.ucat.edu.ve\/web\/wp-json\/wp\/v2\/users\/23"}],"replies":[{"embeddable":true,"href":"https:\/\/www.ucat.edu.ve\/web\/wp-json\/wp\/v2\/comments?post=7605"}],"version-history":[{"count":1,"href":"https:\/\/www.ucat.edu.ve\/web\/wp-json\/wp\/v2\/posts\/7605\/revisions"}],"predecessor-version":[{"id":7607,"href":"https:\/\/www.ucat.edu.ve\/web\/wp-json\/wp\/v2\/posts\/7605\/revisions\/7607"}],"wp:featuredmedia":[{"embeddable":true,"href":"https:\/\/www.ucat.edu.ve\/web\/wp-json\/wp\/v2\/media\/7606"}],"wp:attachment":[{"href":"https:\/\/www.ucat.edu.ve\/web\/wp-json\/wp\/v2\/media?parent=7605"}],"wp:term":[{"taxonomy":"category","embeddable":true,"href":"https:\/\/www.ucat.edu.ve\/web\/wp-json\/wp\/v2\/categories?post=7605"},{"taxonomy":"post_tag","embeddable":true,"href":"https:\/\/www.ucat.edu.ve\/web\/wp-json\/wp\/v2\/tags?post=7605"}],"curies":[{"name":"wp","href":"https:\/\/api.w.org\/{rel}","templated":true}]}}