 {"id":7665,"date":"2021-07-27T22:57:53","date_gmt":"2021-07-27T22:57:53","guid":{"rendered":"http:\/\/www.ucat.edu.ve\/web\/?p=7665"},"modified":"2021-07-27T22:57:53","modified_gmt":"2021-07-27T22:57:53","slug":"finalizada-experiencia-piloto-del-programa-de-formacion-ciudadana-construccion-de-ciudadanos","status":"publish","type":"post","link":"https:\/\/www.ucat.edu.ve\/web\/finalizada-experiencia-piloto-del-programa-de-formacion-ciudadana-construccion-de-ciudadanos\/","title":{"rendered":"Finalizada experiencia piloto del Programa de Formaci\u00f3n Ciudadana \u201cConstrucci\u00f3n de Ciudadanos\u201d"},"content":{"rendered":"<p style=\"text-align: center;\"><img loading=\"lazy\" class=\"alignnone size-medium wp-image-7666\" src=\"http:\/\/www.ucat.edu.ve\/web\/wp-content\/uploads\/2021\/07\/Banner_Noti_Finalizada-experiencia-piloto-del-Programa-de-Formacion-Ciudadana-Construccion-de-Ciudadanos-521x289.jpg\" alt=\"\" width=\"521\" height=\"289\" srcset=\"https:\/\/www.ucat.edu.ve\/web\/wp-content\/uploads\/2021\/07\/Banner_Noti_Finalizada-experiencia-piloto-del-Programa-de-Formacion-Ciudadana-Construccion-de-Ciudadanos-521x289.jpg 521w, https:\/\/www.ucat.edu.ve\/web\/wp-content\/uploads\/2021\/07\/Banner_Noti_Finalizada-experiencia-piloto-del-Programa-de-Formacion-Ciudadana-Construccion-de-Ciudadanos.jpg 953w\" sizes=\"(max-width: 521px) 100vw, 521px\" \/><\/p>\n<p style=\"font-weight: 400; text-align: justify;\">El programa de formaci\u00f3n ciudadana de la Universidad Cat\u00f3lica del T\u00e1chira concluy\u00f3 el periodo formativo de su primera cohorte, una experiencia enriquecedora para el entorno social de la instituci\u00f3n.<\/p>\n<p style=\"font-weight: 400; text-align: justify;\">\u201cPara la Universidad Cat\u00f3lica del T\u00e1chira es un orgullo haber contado con la participaci\u00f3n de 40 personas que en esta cohorte piloto del Programa Construcci\u00f3n de Ciudadanos, egresaron, cumpliendo con todas las actividades exigidas\u201d, inform\u00f3 el abogado Yensy Meneses, Coordinador de Educaci\u00f3n Continua de la UCAT.<\/p>\n<p style=\"font-weight: 400; text-align: justify;\">Pese a las adversidades de la pandemia la UCAT logr\u00f3 culminar con \u00e9xito esta experiencia, \u201cgracias a la constancia y dedicaci\u00f3n de facilitadores, personal administrativo, y sobre todo de los participantes, quienes en un lapso de 13 semanas adquirieron conocimientos, herramientas y destrezas para ser buenos ciudadanos, sujetos humanizadores con visi\u00f3n en lo colectivo y en lo p\u00fablico\u201d.<\/p>\n<p style=\"font-weight: 400; text-align: justify;\">La formaci\u00f3n se efectu\u00f3 de manera multimodal, con el empleo de diversas plataformas digitales. El programa formativo\u00a0se efectu\u00f3 en una alianza UCAT &#8211; Di\u00f3cesis de San Crist\u00f3bal pensada como mecanismo humanizador.<\/p>\n<p style=\"font-weight: 400; text-align: justify;\">\u201cLa UCAT alienta a los egresados de este programa a ser multiplicadores de las ense\u00f1anzas adquiridas, y portavoces de las buenas pr\u00e1cticas ciudadanas en su familia, comunidad, parroquia, sector, municipio, estado y pa\u00eds\u201d, exhort\u00f3 Meneses.<\/p>\n<p style=\"font-weight: 400; text-align: justify;\">En los pr\u00f3ximos meses la UCAT har\u00e1 un llamado p\u00fablico para todas aquellas personas que deseen formar parte de la pr\u00f3xima experiencia de este programa de formaci\u00f3n que cuenta con 3 ejes tem\u00e1ticos desarrollados en 11 M\u00f3dulos. (Prensa UCAT)<\/p>\n","protected":false},"excerpt":{"rendered":"<p>El programa de formaci\u00f3n ciudadana de la Universidad Cat\u00f3lica del T\u00e1chira concluy\u00f3 el periodo formativo de su primera cohorte, una experiencia enriquecedora para el entorno social de la instituci\u00f3n. \u201cPara la Universidad Cat\u00f3lica del T\u00e1chira es un orgullo haber contado con la participaci\u00f3n de 40 personas que en esta cohorte piloto del Programa Construcci\u00f3n de<\/p>\n","protected":false},"author":23,"featured_media":7666,"comment_status":"closed","ping_status":"closed","sticky":false,"template":"","format":"standard","meta":[],"categories":[3],"tags":[],"yoast_head":"<!-- This site is optimized with the Yoast SEO plugin v19.2 - https:\/\/yoast.com\/wordpress\/plugins\/seo\/ -->\n<title>Finalizada experiencia piloto del Programa de Formaci\u00f3n Ciudadana \u201cConstrucci\u00f3n de Ciudadanos\u201d - Universidad Cat\u00f3lica del T\u00e1chira<\/title>\n<meta name=\"robots\" content=\"index, follow, max-snippet:-1, max-image-preview:large, max-video-preview:-1\" \/>\n<link rel=\"canonical\" href=\"https:\/\/www.ucat.edu.ve\/web\/finalizada-experiencia-piloto-del-programa-de-formacion-ciudadana-construccion-de-ciudadanos\/\" \/>\n<meta property=\"og:locale\" content=\"es_ES\" \/>\n<meta property=\"og:type\" content=\"article\" \/>\n<meta property=\"og:title\" content=\"Finalizada experiencia piloto del Programa de Formaci\u00f3n Ciudadana \u201cConstrucci\u00f3n de Ciudadanos\u201d - Universidad Cat\u00f3lica del T\u00e1chira\" \/>\n<meta property=\"og:description\" content=\"El programa de formaci\u00f3n ciudadana de la Universidad Cat\u00f3lica del T\u00e1chira concluy\u00f3 el periodo formativo de su primera cohorte, una experiencia enriquecedora para el entorno social de la instituci\u00f3n. \u201cPara la Universidad Cat\u00f3lica del T\u00e1chira es un orgullo haber contado con la participaci\u00f3n de 40 personas que en esta cohorte piloto del Programa Construcci\u00f3n de\" \/>\n<meta property=\"og:url\" content=\"https:\/\/www.ucat.edu.ve\/web\/finalizada-experiencia-piloto-del-programa-de-formacion-ciudadana-construccion-de-ciudadanos\/\" \/>\n<meta property=\"og:site_name\" content=\"Universidad Cat\u00f3lica del T\u00e1chira\" \/>\n<meta property=\"article:publisher\" content=\"https:\/\/www.facebook.com\/notiucat\/\" \/>\n<meta property=\"article:published_time\" content=\"2021-07-27T22:57:53+00:00\" \/>\n<meta property=\"og:image\" content=\"https:\/\/www.ucat.edu.ve\/web\/wp-content\/uploads\/2021\/07\/Banner_Noti_Finalizada-experiencia-piloto-del-Programa-de-Formacion-Ciudadana-Construccion-de-Ciudadanos.jpg\" \/>\n\t<meta property=\"og:image:width\" content=\"953\" \/>\n\t<meta property=\"og:image:height\" content=\"529\" \/>\n\t<meta property=\"og:image:type\" content=\"image\/jpeg\" \/>\n<meta name=\"author\" content=\"Secretaria General\" \/>\n<meta name=\"twitter:card\" content=\"summary_large_image\" \/>\n<meta name=\"twitter:creator\" content=\"@notiucat\" \/>\n<meta name=\"twitter:site\" content=\"@notiucat\" \/>\n<meta name=\"twitter:label1\" content=\"Written by\" \/>\n\t<meta name=\"twitter:data1\" content=\"Secretaria General\" \/>\n\t<meta name=\"twitter:label2\" content=\"Est. reading time\" \/>\n\t<meta name=\"twitter:data2\" content=\"2 minutos\" \/>\n<script type=\"application\/ld+json\" class=\"yoast-schema-graph\">{\"@context\":\"https:\/\/schema.org\",\"@graph\":[{\"@type\":\"Organization\",\"@id\":\"https:\/\/www.ucat.edu.ve\/web\/#organization\",\"name\":\"Universidad Cat\u00f3lica Del T\u00e1chira UCAT\",\"url\":\"https:\/\/www.ucat.edu.ve\/web\/\",\"sameAs\":[\"https:\/\/www.instagram.com\/notiucat\/\",\"https:\/\/www.youtube.com\/channel\/UCwEbYSB1R9fzlII-8dcxuYA?view_as=subscriber\",\"https:\/\/www.facebook.com\/notiucat\/\",\"https:\/\/twitter.com\/notiucat\"],\"logo\":{\"@type\":\"ImageObject\",\"inLanguage\":\"es-ES\",\"@id\":\"https:\/\/www.ucat.edu.ve\/web\/#\/schema\/logo\/image\/\",\"url\":\"https:\/\/www.ucat.edu.ve\/web\/wp-content\/uploads\/2015\/07\/logoucat.gif\",\"contentUrl\":\"https:\/\/www.ucat.edu.ve\/web\/wp-content\/uploads\/2015\/07\/logoucat.gif\",\"width\":219,\"height\":155,\"caption\":\"Universidad Cat\u00f3lica Del T\u00e1chira UCAT\"},\"image\":{\"@id\":\"https:\/\/www.ucat.edu.ve\/web\/#\/schema\/logo\/image\/\"}},{\"@type\":\"WebSite\",\"@id\":\"https:\/\/www.ucat.edu.ve\/web\/#website\",\"url\":\"https:\/\/www.ucat.edu.ve\/web\/\",\"name\":\"Universidad Cat\u00f3lica del T\u00e1chira\",\"description\":\"\",\"publisher\":{\"@id\":\"https:\/\/www.ucat.edu.ve\/web\/#organization\"},\"potentialAction\":[{\"@type\":\"SearchAction\",\"target\":{\"@type\":\"EntryPoint\",\"urlTemplate\":\"https:\/\/www.ucat.edu.ve\/web\/?s={search_term_string}\"},\"query-input\":\"required name=search_term_string\"}],\"inLanguage\":\"es-ES\"},{\"@type\":\"ImageObject\",\"inLanguage\":\"es-ES\",\"@id\":\"https:\/\/www.ucat.edu.ve\/web\/finalizada-experiencia-piloto-del-programa-de-formacion-ciudadana-construccion-de-ciudadanos\/#primaryimage\",\"url\":\"https:\/\/www.ucat.edu.ve\/web\/wp-content\/uploads\/2021\/07\/Banner_Noti_Finalizada-experiencia-piloto-del-Programa-de-Formacion-Ciudadana-Construccion-de-Ciudadanos.jpg\",\"contentUrl\":\"https:\/\/www.ucat.edu.ve\/web\/wp-content\/uploads\/2021\/07\/Banner_Noti_Finalizada-experiencia-piloto-del-Programa-de-Formacion-Ciudadana-Construccion-de-Ciudadanos.jpg\",\"width\":953,\"height\":529},{\"@type\":\"WebPage\",\"@id\":\"https:\/\/www.ucat.edu.ve\/web\/finalizada-experiencia-piloto-del-programa-de-formacion-ciudadana-construccion-de-ciudadanos\/#webpage\",\"url\":\"https:\/\/www.ucat.edu.ve\/web\/finalizada-experiencia-piloto-del-programa-de-formacion-ciudadana-construccion-de-ciudadanos\/\",\"name\":\"Finalizada experiencia piloto del Programa de Formaci\u00f3n Ciudadana \u201cConstrucci\u00f3n de Ciudadanos\u201d - Universidad Cat\u00f3lica del T\u00e1chira\",\"isPartOf\":{\"@id\":\"https:\/\/www.ucat.edu.ve\/web\/#website\"},\"primaryImageOfPage\":{\"@id\":\"https:\/\/www.ucat.edu.ve\/web\/finalizada-experiencia-piloto-del-programa-de-formacion-ciudadana-construccion-de-ciudadanos\/#primaryimage\"},\"datePublished\":\"2021-07-27T22:57:53+00:00\",\"dateModified\":\"2021-07-27T22:57:53+00:00\",\"breadcrumb\":{\"@id\":\"https:\/\/www.ucat.edu.ve\/web\/finalizada-experiencia-piloto-del-programa-de-formacion-ciudadana-construccion-de-ciudadanos\/#breadcrumb\"},\"inLanguage\":\"es-ES\",\"potentialAction\":[{\"@type\":\"ReadAction\",\"target\":[\"https:\/\/www.ucat.edu.ve\/web\/finalizada-experiencia-piloto-del-programa-de-formacion-ciudadana-construccion-de-ciudadanos\/\"]}]},{\"@type\":\"BreadcrumbList\",\"@id\":\"https:\/\/www.ucat.edu.ve\/web\/finalizada-experiencia-piloto-del-programa-de-formacion-ciudadana-construccion-de-ciudadanos\/#breadcrumb\",\"itemListElement\":[{\"@type\":\"ListItem\",\"position\":1,\"name\":\"Home\",\"item\":\"https:\/\/www.ucat.edu.ve\/web\/\"},{\"@type\":\"ListItem\",\"position\":2,\"name\":\"Finalizada experiencia piloto del Programa de Formaci\u00f3n Ciudadana \u201cConstrucci\u00f3n de Ciudadanos\u201d\"}]},{\"@type\":\"Article\",\"@id\":\"https:\/\/www.ucat.edu.ve\/web\/finalizada-experiencia-piloto-del-programa-de-formacion-ciudadana-construccion-de-ciudadanos\/#article\",\"isPartOf\":{\"@id\":\"https:\/\/www.ucat.edu.ve\/web\/finalizada-experiencia-piloto-del-programa-de-formacion-ciudadana-construccion-de-ciudadanos\/#webpage\"},\"author\":{\"name\":\"Secretaria General\",\"@id\":\"https:\/\/www.ucat.edu.ve\/web\/#\/schema\/person\/e90fe655adf97bd5c1dbc608855d16cf\"},\"headline\":\"Finalizada experiencia piloto del Programa de Formaci\u00f3n Ciudadana \u201cConstrucci\u00f3n de Ciudadanos\u201d\",\"datePublished\":\"2021-07-27T22:57:53+00:00\",\"dateModified\":\"2021-07-27T22:57:53+00:00\",\"mainEntityOfPage\":{\"@id\":\"https:\/\/www.ucat.edu.ve\/web\/finalizada-experiencia-piloto-del-programa-de-formacion-ciudadana-construccion-de-ciudadanos\/#webpage\"},\"wordCount\":272,\"publisher\":{\"@id\":\"https:\/\/www.ucat.edu.ve\/web\/#organization\"},\"image\":{\"@id\":\"https:\/\/www.ucat.edu.ve\/web\/finalizada-experiencia-piloto-del-programa-de-formacion-ciudadana-construccion-de-ciudadanos\/#primaryimage\"},\"thumbnailUrl\":\"https:\/\/www.ucat.edu.ve\/web\/wp-content\/uploads\/2021\/07\/Banner_Noti_Finalizada-experiencia-piloto-del-Programa-de-Formacion-Ciudadana-Construccion-de-Ciudadanos.jpg\",\"articleSection\":[\"Noticias\"],\"inLanguage\":\"es-ES\"},{\"@type\":\"Person\",\"@id\":\"https:\/\/www.ucat.edu.ve\/web\/#\/schema\/person\/e90fe655adf97bd5c1dbc608855d16cf\",\"name\":\"Secretaria General\",\"url\":\"https:\/\/www.ucat.edu.ve\/web\/author\/secgeucat\/\"}]}<\/script>\n<!-- \/ Yoast SEO plugin. -->","yoast_head_json":{"title":"Finalizada experiencia piloto del Programa de Formaci\u00f3n Ciudadana \u201cConstrucci\u00f3n de Ciudadanos\u201d - Universidad Cat\u00f3lica del T\u00e1chira","robots":{"index":"index","follow":"follow","max-snippet":"max-snippet:-1","max-image-preview":"max-image-preview:large","max-video-preview":"max-video-preview:-1"},"canonical":"https:\/\/www.ucat.edu.ve\/web\/finalizada-experiencia-piloto-del-programa-de-formacion-ciudadana-construccion-de-ciudadanos\/","og_locale":"es_ES","og_type":"article","og_title":"Finalizada experiencia piloto del Programa de Formaci\u00f3n Ciudadana \u201cConstrucci\u00f3n de Ciudadanos\u201d - Universidad Cat\u00f3lica del T\u00e1chira","og_description":"El programa de formaci\u00f3n ciudadana de la Universidad Cat\u00f3lica del T\u00e1chira concluy\u00f3 el periodo formativo de su primera cohorte, una experiencia enriquecedora para el entorno social de la instituci\u00f3n. \u201cPara la Universidad Cat\u00f3lica del T\u00e1chira es un orgullo haber contado con la participaci\u00f3n de 40 personas que en esta cohorte piloto del Programa Construcci\u00f3n de","og_url":"https:\/\/www.ucat.edu.ve\/web\/finalizada-experiencia-piloto-del-programa-de-formacion-ciudadana-construccion-de-ciudadanos\/","og_site_name":"Universidad Cat\u00f3lica del T\u00e1chira","article_publisher":"https:\/\/www.facebook.com\/notiucat\/","article_published_time":"2021-07-27T22:57:53+00:00","og_image":[{"width":953,"height":529,"url":"https:\/\/www.ucat.edu.ve\/web\/wp-content\/uploads\/2021\/07\/Banner_Noti_Finalizada-experiencia-piloto-del-Programa-de-Formacion-Ciudadana-Construccion-de-Ciudadanos.jpg","type":"image\/jpeg"}],"author":"Secretaria General","twitter_card":"summary_large_image","twitter_creator":"@notiucat","twitter_site":"@notiucat","twitter_misc":{"Written by":"Secretaria General","Est. reading time":"2 minutos"},"schema":{"@context":"https:\/\/schema.org","@graph":[{"@type":"Organization","@id":"https:\/\/www.ucat.edu.ve\/web\/#organization","name":"Universidad Cat\u00f3lica Del T\u00e1chira UCAT","url":"https:\/\/www.ucat.edu.ve\/web\/","sameAs":["https:\/\/www.instagram.com\/notiucat\/","https:\/\/www.youtube.com\/channel\/UCwEbYSB1R9fzlII-8dcxuYA?view_as=subscriber","https:\/\/www.facebook.com\/notiucat\/","https:\/\/twitter.com\/notiucat"],"logo":{"@type":"ImageObject","inLanguage":"es-ES","@id":"https:\/\/www.ucat.edu.ve\/web\/#\/schema\/logo\/image\/","url":"https:\/\/www.ucat.edu.ve\/web\/wp-content\/uploads\/2015\/07\/logoucat.gif","contentUrl":"https:\/\/www.ucat.edu.ve\/web\/wp-content\/uploads\/2015\/07\/logoucat.gif","width":219,"height":155,"caption":"Universidad Cat\u00f3lica Del T\u00e1chira UCAT"},"image":{"@id":"https:\/\/www.ucat.edu.ve\/web\/#\/schema\/logo\/image\/"}},{"@type":"WebSite","@id":"https:\/\/www.ucat.edu.ve\/web\/#website","url":"https:\/\/www.ucat.edu.ve\/web\/","name":"Universidad Cat\u00f3lica del T\u00e1chira","description":"","publisher":{"@id":"https:\/\/www.ucat.edu.ve\/web\/#organization"},"potentialAction":[{"@type":"SearchAction","target":{"@type":"EntryPoint","urlTemplate":"https:\/\/www.ucat.edu.ve\/web\/?s={search_term_string}"},"query-input":"required name=search_term_string"}],"inLanguage":"es-ES"},{"@type":"ImageObject","inLanguage":"es-ES","@id":"https:\/\/www.ucat.edu.ve\/web\/finalizada-experiencia-piloto-del-programa-de-formacion-ciudadana-construccion-de-ciudadanos\/#primaryimage","url":"https:\/\/www.ucat.edu.ve\/web\/wp-content\/uploads\/2021\/07\/Banner_Noti_Finalizada-experiencia-piloto-del-Programa-de-Formacion-Ciudadana-Construccion-de-Ciudadanos.jpg","contentUrl":"https:\/\/www.ucat.edu.ve\/web\/wp-content\/uploads\/2021\/07\/Banner_Noti_Finalizada-experiencia-piloto-del-Programa-de-Formacion-Ciudadana-Construccion-de-Ciudadanos.jpg","width":953,"height":529},{"@type":"WebPage","@id":"https:\/\/www.ucat.edu.ve\/web\/finalizada-experiencia-piloto-del-programa-de-formacion-ciudadana-construccion-de-ciudadanos\/#webpage","url":"https:\/\/www.ucat.edu.ve\/web\/finalizada-experiencia-piloto-del-programa-de-formacion-ciudadana-construccion-de-ciudadanos\/","name":"Finalizada experiencia piloto del Programa de Formaci\u00f3n Ciudadana \u201cConstrucci\u00f3n de Ciudadanos\u201d - Universidad Cat\u00f3lica del T\u00e1chira","isPartOf":{"@id":"https:\/\/www.ucat.edu.ve\/web\/#website"},"primaryImageOfPage":{"@id":"https:\/\/www.ucat.edu.ve\/web\/finalizada-experiencia-piloto-del-programa-de-formacion-ciudadana-construccion-de-ciudadanos\/#primaryimage"},"datePublished":"2021-07-27T22:57:53+00:00","dateModified":"2021-07-27T22:57:53+00:00","breadcrumb":{"@id":"https:\/\/www.ucat.edu.ve\/web\/finalizada-experiencia-piloto-del-programa-de-formacion-ciudadana-construccion-de-ciudadanos\/#breadcrumb"},"inLanguage":"es-ES","potentialAction":[{"@type":"ReadAction","target":["https:\/\/www.ucat.edu.ve\/web\/finalizada-experiencia-piloto-del-programa-de-formacion-ciudadana-construccion-de-ciudadanos\/"]}]},{"@type":"BreadcrumbList","@id":"https:\/\/www.ucat.edu.ve\/web\/finalizada-experiencia-piloto-del-programa-de-formacion-ciudadana-construccion-de-ciudadanos\/#breadcrumb","itemListElement":[{"@type":"ListItem","position":1,"name":"Home","item":"https:\/\/www.ucat.edu.ve\/web\/"},{"@type":"ListItem","position":2,"name":"Finalizada experiencia piloto del Programa de Formaci\u00f3n Ciudadana \u201cConstrucci\u00f3n de Ciudadanos\u201d"}]},{"@type":"Article","@id":"https:\/\/www.ucat.edu.ve\/web\/finalizada-experiencia-piloto-del-programa-de-formacion-ciudadana-construccion-de-ciudadanos\/#article","isPartOf":{"@id":"https:\/\/www.ucat.edu.ve\/web\/finalizada-experiencia-piloto-del-programa-de-formacion-ciudadana-construccion-de-ciudadanos\/#webpage"},"author":{"name":"Secretaria General","@id":"https:\/\/www.ucat.edu.ve\/web\/#\/schema\/person\/e90fe655adf97bd5c1dbc608855d16cf"},"headline":"Finalizada experiencia piloto del Programa de Formaci\u00f3n Ciudadana \u201cConstrucci\u00f3n de Ciudadanos\u201d","datePublished":"2021-07-27T22:57:53+00:00","dateModified":"2021-07-27T22:57:53+00:00","mainEntityOfPage":{"@id":"https:\/\/www.ucat.edu.ve\/web\/finalizada-experiencia-piloto-del-programa-de-formacion-ciudadana-construccion-de-ciudadanos\/#webpage"},"wordCount":272,"publisher":{"@id":"https:\/\/www.ucat.edu.ve\/web\/#organization"},"image":{"@id":"https:\/\/www.ucat.edu.ve\/web\/finalizada-experiencia-piloto-del-programa-de-formacion-ciudadana-construccion-de-ciudadanos\/#primaryimage"},"thumbnailUrl":"https:\/\/www.ucat.edu.ve\/web\/wp-content\/uploads\/2021\/07\/Banner_Noti_Finalizada-experiencia-piloto-del-Programa-de-Formacion-Ciudadana-Construccion-de-Ciudadanos.jpg","articleSection":["Noticias"],"inLanguage":"es-ES"},{"@type":"Person","@id":"https:\/\/www.ucat.edu.ve\/web\/#\/schema\/person\/e90fe655adf97bd5c1dbc608855d16cf","name":"Secretaria General","url":"https:\/\/www.ucat.edu.ve\/web\/author\/secgeucat\/"}]}},"_links":{"self":[{"href":"https:\/\/www.ucat.edu.ve\/web\/wp-json\/wp\/v2\/posts\/7665"}],"collection":[{"href":"https:\/\/www.ucat.edu.ve\/web\/wp-json\/wp\/v2\/posts"}],"about":[{"href":"https:\/\/www.ucat.edu.ve\/web\/wp-json\/wp\/v2\/types\/post"}],"author":[{"embeddable":true,"href":"https:\/\/www.ucat.edu.ve\/web\/wp-json\/wp\/v2\/users\/23"}],"replies":[{"embeddable":true,"href":"https:\/\/www.ucat.edu.ve\/web\/wp-json\/wp\/v2\/comments?post=7665"}],"version-history":[{"count":1,"href":"https:\/\/www.ucat.edu.ve\/web\/wp-json\/wp\/v2\/posts\/7665\/revisions"}],"predecessor-version":[{"id":7667,"href":"https:\/\/www.ucat.edu.ve\/web\/wp-json\/wp\/v2\/posts\/7665\/revisions\/7667"}],"wp:featuredmedia":[{"embeddable":true,"href":"https:\/\/www.ucat.edu.ve\/web\/wp-json\/wp\/v2\/media\/7666"}],"wp:attachment":[{"href":"https:\/\/www.ucat.edu.ve\/web\/wp-json\/wp\/v2\/media?parent=7665"}],"wp:term":[{"taxonomy":"category","embeddable":true,"href":"https:\/\/www.ucat.edu.ve\/web\/wp-json\/wp\/v2\/categories?post=7665"},{"taxonomy":"post_tag","embeddable":true,"href":"https:\/\/www.ucat.edu.ve\/web\/wp-json\/wp\/v2\/tags?post=7665"}],"curies":[{"name":"wp","href":"https:\/\/api.w.org\/{rel}","templated":true}]}}