 {"id":7669,"date":"2021-07-30T12:47:08","date_gmt":"2021-07-30T12:47:08","guid":{"rendered":"http:\/\/www.ucat.edu.ve\/web\/?p=7669"},"modified":"2021-07-30T13:07:38","modified_gmt":"2021-07-30T13:07:38","slug":"mensaje-de-fin-de-ano-academico-2020-2021","status":"publish","type":"post","link":"https:\/\/www.ucat.edu.ve\/web\/mensaje-de-fin-de-ano-academico-2020-2021\/","title":{"rendered":"Mensaje de Fin de A\u00f1o Acad\u00e9mico 2020-2021"},"content":{"rendered":"<p style=\"text-align: center\"><img loading=\"lazy\" class=\"alignnone size-medium wp-image-7670\" src=\"http:\/\/www.ucat.edu.ve\/web\/wp-content\/uploads\/2021\/07\/Banner_Noti_30-521x289.jpg\" alt=\"\" width=\"521\" height=\"289\" srcset=\"https:\/\/www.ucat.edu.ve\/web\/wp-content\/uploads\/2021\/07\/Banner_Noti_30-521x289.jpg 521w, https:\/\/www.ucat.edu.ve\/web\/wp-content\/uploads\/2021\/07\/Banner_Noti_30.jpg 953w\" sizes=\"(max-width: 521px) 100vw, 521px\" \/><\/p>\n<p style=\"text-align: center\"><strong>\u00a1GRACIAS!<\/strong><\/p>\n<p>Tal vez este sea uno de los t\u00e9rminos m\u00e1s usados por toda la humanidad, y al mismo tiempo uno de los que encierra mayor significado. Las letras que lo componen se quedan cortas al momento de enaltecer el trabajo y esfuerzo com\u00fan que nos ha permitido culminar con \u00e9xito este a\u00f1o acad\u00e9mico 2020-2021.<\/p>\n<p>Todos han sido protagonistas desde sus diferentes roles, y la participaci\u00f3n de cada uno ha sido indispensable. Desde aquel con mayor responsabilidad hasta quien pueda considerarse con una responsabilidad menor, ha hecho posible este logro. Un logro que nos lleva a repetir con orgullo: \u201cla Universidad Cat\u00f3lica no se detiene, y tu futuro tampoco\u201d.<\/p>\n<p><strong>A todos nuestros docentes:<\/strong> gracias por seguir siendo constructores del futuro de nuestra sociedad. Gracias por forjar con sus conocimientos y habilidades a tantos j\u00f3venes que nos vienen confiados. Por haber multiplicado esfuerzos y horas de trabajo a lo largo de este a\u00f1o; por haberse adaptado a las nuevas tecnolog\u00edas para transmitir el saber. No ha sido sencillo, pero la dedicaci\u00f3n y el esfuerzo de todos nos han permitido lograrlo.<\/p>\n<p><strong>A cada uno de nuestros estudiantes:<\/strong> gracias por creer y apostar a nuestra Universidad. Por seguir formando parte de este sue\u00f1o, que, a pesar de las dificultades, camina siempre a un mejor porvenir. Ustedes exaltan nuestro presente y son la esperanza de nuestro futuro. S\u00ed, un futuro que exige tes\u00f3n y esfuerzo, un compromiso que todos tienen por delante, y que, cada d\u00eda, asumimos con esperanza.<\/p>\n<p><strong>A los miembros del personal directivo acad\u00e9mico, administrativo, empleados y operarios:<\/strong> gracias por todo el trabajo realizado, por la dedicaci\u00f3n y el sentido de pertenencia que le han distinguido durante este tiempo. Su labor ha sido esencial, y el esfuerzo de cada uno ha permitido la operatividad de la Universidad. Gracias por la paciencia y la constancia, por el tes\u00f3n que nos ha permitido llegar hasta este momento. El compromiso es ahora mayor, cada uno est\u00e1 llamado a seguir aportando su esfuerzo para continuar ofreciendo un servicio de calidad. Unamos voluntades y apostemos por seguir mostrando a la Universidad Cat\u00f3lica como la pionera de la Educaci\u00f3n Universitaria en nuestra regi\u00f3n.<\/p>\n<p>Cada uno ha sido un engranaje importante en este proceso. Gracias por creer y contribuir. La responsabilidad es grande, pero los frutos, vistos en cada rostro de los que conforman esta gran familia UCATENSE, son una clara demostraci\u00f3n que vale la pena seguir adelante. \u00c1nimo, que la sociedad, nuestras familias, y esta Universidad espera de cada uno de nosotros la mejor versi\u00f3n que podemos dar de cada uno.<\/p>\n<p>Que el Santo Cristo de La Grita y Nuestra Se\u00f1ora de la Consolaci\u00f3n de T\u00e1riba, Patronos del T\u00e1chira, contin\u00faen acompa\u00f1\u00e1ndonos en la senda del servicio fraterno, la excelencia acad\u00e9mica y el progreso del pa\u00eds.<\/p>\n<p>San Crist\u00f3bal, 30 de julio de 2021, en la v\u00edspera de la Fiesta de\u00a0San Ignacio de Loyola, D\u00eda del Egresado Ucatense.<\/p>\n<p style=\"text-align: right\"><em>El Consejo Rectoral.<\/em><\/p>\n","protected":false},"excerpt":{"rendered":"<p>\u00a1GRACIAS! Tal vez este sea uno de los t\u00e9rminos m\u00e1s usados por toda la humanidad, y al mismo tiempo uno de los que encierra mayor significado. Las letras que lo componen se quedan cortas al momento de enaltecer el trabajo y esfuerzo com\u00fan que nos ha permitido culminar con \u00e9xito este a\u00f1o acad\u00e9mico 2020-2021. Todos<\/p>\n","protected":false},"author":23,"featured_media":7670,"comment_status":"closed","ping_status":"closed","sticky":false,"template":"","format":"standard","meta":[],"categories":[3],"tags":[],"yoast_head":"<!-- This site is optimized with the Yoast SEO plugin v19.2 - https:\/\/yoast.com\/wordpress\/plugins\/seo\/ -->\n<title>Mensaje de Fin de A\u00f1o Acad\u00e9mico 2020-2021 - Universidad Cat\u00f3lica del T\u00e1chira<\/title>\n<meta name=\"robots\" content=\"index, follow, max-snippet:-1, max-image-preview:large, max-video-preview:-1\" \/>\n<link rel=\"canonical\" href=\"https:\/\/www.ucat.edu.ve\/web\/mensaje-de-fin-de-ano-academico-2020-2021\/\" \/>\n<meta property=\"og:locale\" content=\"es_ES\" \/>\n<meta property=\"og:type\" content=\"article\" \/>\n<meta property=\"og:title\" content=\"Mensaje de Fin de A\u00f1o Acad\u00e9mico 2020-2021 - Universidad Cat\u00f3lica del T\u00e1chira\" \/>\n<meta property=\"og:description\" content=\"\u00a1GRACIAS! Tal vez este sea uno de los t\u00e9rminos m\u00e1s usados por toda la humanidad, y al mismo tiempo uno de los que encierra mayor significado. Las letras que lo componen se quedan cortas al momento de enaltecer el trabajo y esfuerzo com\u00fan que nos ha permitido culminar con \u00e9xito este a\u00f1o acad\u00e9mico 2020-2021. Todos\" \/>\n<meta property=\"og:url\" content=\"https:\/\/www.ucat.edu.ve\/web\/mensaje-de-fin-de-ano-academico-2020-2021\/\" \/>\n<meta property=\"og:site_name\" content=\"Universidad Cat\u00f3lica del T\u00e1chira\" \/>\n<meta property=\"article:publisher\" content=\"https:\/\/www.facebook.com\/notiucat\/\" \/>\n<meta property=\"article:published_time\" content=\"2021-07-30T12:47:08+00:00\" \/>\n<meta property=\"article:modified_time\" content=\"2021-07-30T13:07:38+00:00\" \/>\n<meta property=\"og:image\" content=\"https:\/\/www.ucat.edu.ve\/web\/wp-content\/uploads\/2021\/07\/Banner_Noti_30.jpg\" \/>\n\t<meta property=\"og:image:width\" content=\"953\" \/>\n\t<meta property=\"og:image:height\" content=\"529\" \/>\n\t<meta property=\"og:image:type\" content=\"image\/jpeg\" \/>\n<meta name=\"author\" content=\"Secretaria General\" \/>\n<meta name=\"twitter:card\" content=\"summary_large_image\" \/>\n<meta name=\"twitter:creator\" content=\"@notiucat\" \/>\n<meta name=\"twitter:site\" content=\"@notiucat\" \/>\n<meta name=\"twitter:label1\" content=\"Written by\" \/>\n\t<meta name=\"twitter:data1\" content=\"Secretaria General\" \/>\n\t<meta name=\"twitter:label2\" content=\"Est. reading time\" \/>\n\t<meta name=\"twitter:data2\" content=\"3 minutos\" \/>\n<script type=\"application\/ld+json\" class=\"yoast-schema-graph\">{\"@context\":\"https:\/\/schema.org\",\"@graph\":[{\"@type\":\"Organization\",\"@id\":\"https:\/\/www.ucat.edu.ve\/web\/#organization\",\"name\":\"Universidad Cat\u00f3lica Del T\u00e1chira UCAT\",\"url\":\"https:\/\/www.ucat.edu.ve\/web\/\",\"sameAs\":[\"https:\/\/www.instagram.com\/notiucat\/\",\"https:\/\/www.youtube.com\/channel\/UCwEbYSB1R9fzlII-8dcxuYA?view_as=subscriber\",\"https:\/\/www.facebook.com\/notiucat\/\",\"https:\/\/twitter.com\/notiucat\"],\"logo\":{\"@type\":\"ImageObject\",\"inLanguage\":\"es-ES\",\"@id\":\"https:\/\/www.ucat.edu.ve\/web\/#\/schema\/logo\/image\/\",\"url\":\"https:\/\/www.ucat.edu.ve\/web\/wp-content\/uploads\/2015\/07\/logoucat.gif\",\"contentUrl\":\"https:\/\/www.ucat.edu.ve\/web\/wp-content\/uploads\/2015\/07\/logoucat.gif\",\"width\":219,\"height\":155,\"caption\":\"Universidad Cat\u00f3lica Del T\u00e1chira UCAT\"},\"image\":{\"@id\":\"https:\/\/www.ucat.edu.ve\/web\/#\/schema\/logo\/image\/\"}},{\"@type\":\"WebSite\",\"@id\":\"https:\/\/www.ucat.edu.ve\/web\/#website\",\"url\":\"https:\/\/www.ucat.edu.ve\/web\/\",\"name\":\"Universidad Cat\u00f3lica del T\u00e1chira\",\"description\":\"\",\"publisher\":{\"@id\":\"https:\/\/www.ucat.edu.ve\/web\/#organization\"},\"potentialAction\":[{\"@type\":\"SearchAction\",\"target\":{\"@type\":\"EntryPoint\",\"urlTemplate\":\"https:\/\/www.ucat.edu.ve\/web\/?s={search_term_string}\"},\"query-input\":\"required name=search_term_string\"}],\"inLanguage\":\"es-ES\"},{\"@type\":\"ImageObject\",\"inLanguage\":\"es-ES\",\"@id\":\"https:\/\/www.ucat.edu.ve\/web\/mensaje-de-fin-de-ano-academico-2020-2021\/#primaryimage\",\"url\":\"https:\/\/www.ucat.edu.ve\/web\/wp-content\/uploads\/2021\/07\/Banner_Noti_30.jpg\",\"contentUrl\":\"https:\/\/www.ucat.edu.ve\/web\/wp-content\/uploads\/2021\/07\/Banner_Noti_30.jpg\",\"width\":953,\"height\":529},{\"@type\":\"WebPage\",\"@id\":\"https:\/\/www.ucat.edu.ve\/web\/mensaje-de-fin-de-ano-academico-2020-2021\/#webpage\",\"url\":\"https:\/\/www.ucat.edu.ve\/web\/mensaje-de-fin-de-ano-academico-2020-2021\/\",\"name\":\"Mensaje de Fin de A\u00f1o Acad\u00e9mico 2020-2021 - Universidad Cat\u00f3lica del T\u00e1chira\",\"isPartOf\":{\"@id\":\"https:\/\/www.ucat.edu.ve\/web\/#website\"},\"primaryImageOfPage\":{\"@id\":\"https:\/\/www.ucat.edu.ve\/web\/mensaje-de-fin-de-ano-academico-2020-2021\/#primaryimage\"},\"datePublished\":\"2021-07-30T12:47:08+00:00\",\"dateModified\":\"2021-07-30T13:07:38+00:00\",\"breadcrumb\":{\"@id\":\"https:\/\/www.ucat.edu.ve\/web\/mensaje-de-fin-de-ano-academico-2020-2021\/#breadcrumb\"},\"inLanguage\":\"es-ES\",\"potentialAction\":[{\"@type\":\"ReadAction\",\"target\":[\"https:\/\/www.ucat.edu.ve\/web\/mensaje-de-fin-de-ano-academico-2020-2021\/\"]}]},{\"@type\":\"BreadcrumbList\",\"@id\":\"https:\/\/www.ucat.edu.ve\/web\/mensaje-de-fin-de-ano-academico-2020-2021\/#breadcrumb\",\"itemListElement\":[{\"@type\":\"ListItem\",\"position\":1,\"name\":\"Home\",\"item\":\"https:\/\/www.ucat.edu.ve\/web\/\"},{\"@type\":\"ListItem\",\"position\":2,\"name\":\"Mensaje de Fin de A\u00f1o Acad\u00e9mico 2020-2021\"}]},{\"@type\":\"Article\",\"@id\":\"https:\/\/www.ucat.edu.ve\/web\/mensaje-de-fin-de-ano-academico-2020-2021\/#article\",\"isPartOf\":{\"@id\":\"https:\/\/www.ucat.edu.ve\/web\/mensaje-de-fin-de-ano-academico-2020-2021\/#webpage\"},\"author\":{\"name\":\"Secretaria General\",\"@id\":\"https:\/\/www.ucat.edu.ve\/web\/#\/schema\/person\/e90fe655adf97bd5c1dbc608855d16cf\"},\"headline\":\"Mensaje de Fin de A\u00f1o Acad\u00e9mico 2020-2021\",\"datePublished\":\"2021-07-30T12:47:08+00:00\",\"dateModified\":\"2021-07-30T13:07:38+00:00\",\"mainEntityOfPage\":{\"@id\":\"https:\/\/www.ucat.edu.ve\/web\/mensaje-de-fin-de-ano-academico-2020-2021\/#webpage\"},\"wordCount\":521,\"publisher\":{\"@id\":\"https:\/\/www.ucat.edu.ve\/web\/#organization\"},\"image\":{\"@id\":\"https:\/\/www.ucat.edu.ve\/web\/mensaje-de-fin-de-ano-academico-2020-2021\/#primaryimage\"},\"thumbnailUrl\":\"https:\/\/www.ucat.edu.ve\/web\/wp-content\/uploads\/2021\/07\/Banner_Noti_30.jpg\",\"articleSection\":[\"Noticias\"],\"inLanguage\":\"es-ES\"},{\"@type\":\"Person\",\"@id\":\"https:\/\/www.ucat.edu.ve\/web\/#\/schema\/person\/e90fe655adf97bd5c1dbc608855d16cf\",\"name\":\"Secretaria General\",\"url\":\"https:\/\/www.ucat.edu.ve\/web\/author\/secgeucat\/\"}]}<\/script>\n<!-- \/ Yoast SEO plugin. -->","yoast_head_json":{"title":"Mensaje de Fin de A\u00f1o Acad\u00e9mico 2020-2021 - Universidad Cat\u00f3lica del T\u00e1chira","robots":{"index":"index","follow":"follow","max-snippet":"max-snippet:-1","max-image-preview":"max-image-preview:large","max-video-preview":"max-video-preview:-1"},"canonical":"https:\/\/www.ucat.edu.ve\/web\/mensaje-de-fin-de-ano-academico-2020-2021\/","og_locale":"es_ES","og_type":"article","og_title":"Mensaje de Fin de A\u00f1o Acad\u00e9mico 2020-2021 - Universidad Cat\u00f3lica del T\u00e1chira","og_description":"\u00a1GRACIAS! Tal vez este sea uno de los t\u00e9rminos m\u00e1s usados por toda la humanidad, y al mismo tiempo uno de los que encierra mayor significado. Las letras que lo componen se quedan cortas al momento de enaltecer el trabajo y esfuerzo com\u00fan que nos ha permitido culminar con \u00e9xito este a\u00f1o acad\u00e9mico 2020-2021. Todos","og_url":"https:\/\/www.ucat.edu.ve\/web\/mensaje-de-fin-de-ano-academico-2020-2021\/","og_site_name":"Universidad Cat\u00f3lica del T\u00e1chira","article_publisher":"https:\/\/www.facebook.com\/notiucat\/","article_published_time":"2021-07-30T12:47:08+00:00","article_modified_time":"2021-07-30T13:07:38+00:00","og_image":[{"width":953,"height":529,"url":"https:\/\/www.ucat.edu.ve\/web\/wp-content\/uploads\/2021\/07\/Banner_Noti_30.jpg","type":"image\/jpeg"}],"author":"Secretaria General","twitter_card":"summary_large_image","twitter_creator":"@notiucat","twitter_site":"@notiucat","twitter_misc":{"Written by":"Secretaria General","Est. reading time":"3 minutos"},"schema":{"@context":"https:\/\/schema.org","@graph":[{"@type":"Organization","@id":"https:\/\/www.ucat.edu.ve\/web\/#organization","name":"Universidad Cat\u00f3lica Del T\u00e1chira UCAT","url":"https:\/\/www.ucat.edu.ve\/web\/","sameAs":["https:\/\/www.instagram.com\/notiucat\/","https:\/\/www.youtube.com\/channel\/UCwEbYSB1R9fzlII-8dcxuYA?view_as=subscriber","https:\/\/www.facebook.com\/notiucat\/","https:\/\/twitter.com\/notiucat"],"logo":{"@type":"ImageObject","inLanguage":"es-ES","@id":"https:\/\/www.ucat.edu.ve\/web\/#\/schema\/logo\/image\/","url":"https:\/\/www.ucat.edu.ve\/web\/wp-content\/uploads\/2015\/07\/logoucat.gif","contentUrl":"https:\/\/www.ucat.edu.ve\/web\/wp-content\/uploads\/2015\/07\/logoucat.gif","width":219,"height":155,"caption":"Universidad Cat\u00f3lica Del T\u00e1chira UCAT"},"image":{"@id":"https:\/\/www.ucat.edu.ve\/web\/#\/schema\/logo\/image\/"}},{"@type":"WebSite","@id":"https:\/\/www.ucat.edu.ve\/web\/#website","url":"https:\/\/www.ucat.edu.ve\/web\/","name":"Universidad Cat\u00f3lica del T\u00e1chira","description":"","publisher":{"@id":"https:\/\/www.ucat.edu.ve\/web\/#organization"},"potentialAction":[{"@type":"SearchAction","target":{"@type":"EntryPoint","urlTemplate":"https:\/\/www.ucat.edu.ve\/web\/?s={search_term_string}"},"query-input":"required name=search_term_string"}],"inLanguage":"es-ES"},{"@type":"ImageObject","inLanguage":"es-ES","@id":"https:\/\/www.ucat.edu.ve\/web\/mensaje-de-fin-de-ano-academico-2020-2021\/#primaryimage","url":"https:\/\/www.ucat.edu.ve\/web\/wp-content\/uploads\/2021\/07\/Banner_Noti_30.jpg","contentUrl":"https:\/\/www.ucat.edu.ve\/web\/wp-content\/uploads\/2021\/07\/Banner_Noti_30.jpg","width":953,"height":529},{"@type":"WebPage","@id":"https:\/\/www.ucat.edu.ve\/web\/mensaje-de-fin-de-ano-academico-2020-2021\/#webpage","url":"https:\/\/www.ucat.edu.ve\/web\/mensaje-de-fin-de-ano-academico-2020-2021\/","name":"Mensaje de Fin de A\u00f1o Acad\u00e9mico 2020-2021 - Universidad Cat\u00f3lica del T\u00e1chira","isPartOf":{"@id":"https:\/\/www.ucat.edu.ve\/web\/#website"},"primaryImageOfPage":{"@id":"https:\/\/www.ucat.edu.ve\/web\/mensaje-de-fin-de-ano-academico-2020-2021\/#primaryimage"},"datePublished":"2021-07-30T12:47:08+00:00","dateModified":"2021-07-30T13:07:38+00:00","breadcrumb":{"@id":"https:\/\/www.ucat.edu.ve\/web\/mensaje-de-fin-de-ano-academico-2020-2021\/#breadcrumb"},"inLanguage":"es-ES","potentialAction":[{"@type":"ReadAction","target":["https:\/\/www.ucat.edu.ve\/web\/mensaje-de-fin-de-ano-academico-2020-2021\/"]}]},{"@type":"BreadcrumbList","@id":"https:\/\/www.ucat.edu.ve\/web\/mensaje-de-fin-de-ano-academico-2020-2021\/#breadcrumb","itemListElement":[{"@type":"ListItem","position":1,"name":"Home","item":"https:\/\/www.ucat.edu.ve\/web\/"},{"@type":"ListItem","position":2,"name":"Mensaje de Fin de A\u00f1o Acad\u00e9mico 2020-2021"}]},{"@type":"Article","@id":"https:\/\/www.ucat.edu.ve\/web\/mensaje-de-fin-de-ano-academico-2020-2021\/#article","isPartOf":{"@id":"https:\/\/www.ucat.edu.ve\/web\/mensaje-de-fin-de-ano-academico-2020-2021\/#webpage"},"author":{"name":"Secretaria General","@id":"https:\/\/www.ucat.edu.ve\/web\/#\/schema\/person\/e90fe655adf97bd5c1dbc608855d16cf"},"headline":"Mensaje de Fin de A\u00f1o Acad\u00e9mico 2020-2021","datePublished":"2021-07-30T12:47:08+00:00","dateModified":"2021-07-30T13:07:38+00:00","mainEntityOfPage":{"@id":"https:\/\/www.ucat.edu.ve\/web\/mensaje-de-fin-de-ano-academico-2020-2021\/#webpage"},"wordCount":521,"publisher":{"@id":"https:\/\/www.ucat.edu.ve\/web\/#organization"},"image":{"@id":"https:\/\/www.ucat.edu.ve\/web\/mensaje-de-fin-de-ano-academico-2020-2021\/#primaryimage"},"thumbnailUrl":"https:\/\/www.ucat.edu.ve\/web\/wp-content\/uploads\/2021\/07\/Banner_Noti_30.jpg","articleSection":["Noticias"],"inLanguage":"es-ES"},{"@type":"Person","@id":"https:\/\/www.ucat.edu.ve\/web\/#\/schema\/person\/e90fe655adf97bd5c1dbc608855d16cf","name":"Secretaria General","url":"https:\/\/www.ucat.edu.ve\/web\/author\/secgeucat\/"}]}},"_links":{"self":[{"href":"https:\/\/www.ucat.edu.ve\/web\/wp-json\/wp\/v2\/posts\/7669"}],"collection":[{"href":"https:\/\/www.ucat.edu.ve\/web\/wp-json\/wp\/v2\/posts"}],"about":[{"href":"https:\/\/www.ucat.edu.ve\/web\/wp-json\/wp\/v2\/types\/post"}],"author":[{"embeddable":true,"href":"https:\/\/www.ucat.edu.ve\/web\/wp-json\/wp\/v2\/users\/23"}],"replies":[{"embeddable":true,"href":"https:\/\/www.ucat.edu.ve\/web\/wp-json\/wp\/v2\/comments?post=7669"}],"version-history":[{"count":3,"href":"https:\/\/www.ucat.edu.ve\/web\/wp-json\/wp\/v2\/posts\/7669\/revisions"}],"predecessor-version":[{"id":7688,"href":"https:\/\/www.ucat.edu.ve\/web\/wp-json\/wp\/v2\/posts\/7669\/revisions\/7688"}],"wp:featuredmedia":[{"embeddable":true,"href":"https:\/\/www.ucat.edu.ve\/web\/wp-json\/wp\/v2\/media\/7670"}],"wp:attachment":[{"href":"https:\/\/www.ucat.edu.ve\/web\/wp-json\/wp\/v2\/media?parent=7669"}],"wp:term":[{"taxonomy":"category","embeddable":true,"href":"https:\/\/www.ucat.edu.ve\/web\/wp-json\/wp\/v2\/categories?post=7669"},{"taxonomy":"post_tag","embeddable":true,"href":"https:\/\/www.ucat.edu.ve\/web\/wp-json\/wp\/v2\/tags?post=7669"}],"curies":[{"name":"wp","href":"https:\/\/api.w.org\/{rel}","templated":true}]}}