 {"id":8027,"date":"2021-10-07T22:23:41","date_gmt":"2021-10-07T22:23:41","guid":{"rendered":"https:\/\/www.ucat.edu.ve\/web\/?p=8027"},"modified":"2021-10-07T22:40:40","modified_gmt":"2021-10-07T22:40:40","slug":"la-ucat-se-encuentra-en-los-ultimos-preparativos-para-iniciar-el-a-a-2021-2022","status":"publish","type":"post","link":"https:\/\/www.ucat.edu.ve\/web\/la-ucat-se-encuentra-en-los-ultimos-preparativos-para-iniciar-el-a-a-2021-2022\/","title":{"rendered":"La UCAT se encuentra en los \u00faltimos preparativos para iniciar el A.A 2021-2022"},"content":{"rendered":"<p style=\"text-align: center\"><img loading=\"lazy\" class=\"alignnone size-medium wp-image-8028\" src=\"https:\/\/www.ucat.edu.ve\/web\/wp-content\/uploads\/2021\/10\/Banner_Noti_La-UCAT-se-encuentra-en-los-ultimos-preparativos-para-iniciar-el-A.A-2021-2021-521x289.jpg\" alt=\"\" width=\"521\" height=\"289\" srcset=\"https:\/\/www.ucat.edu.ve\/web\/wp-content\/uploads\/2021\/10\/Banner_Noti_La-UCAT-se-encuentra-en-los-ultimos-preparativos-para-iniciar-el-A.A-2021-2021-521x289.jpg 521w, https:\/\/www.ucat.edu.ve\/web\/wp-content\/uploads\/2021\/10\/Banner_Noti_La-UCAT-se-encuentra-en-los-ultimos-preparativos-para-iniciar-el-A.A-2021-2021.jpg 953w\" sizes=\"(max-width: 521px) 100vw, 521px\" \/><\/p>\n<p style=\"text-align: justify\">La UCAT se encuentra en los \u00faltimos preparativos para iniciar el A.A 2021-2022, para ello durante los d\u00edas martes y jueves de la presente semana, se llevaron a cabo encuentros con los docentes de la Facultad de Ciencias Econ\u00f3micas y Sociales, y de la Facultad de Ciencias Jur\u00eddicas y Pol\u00edticas.<\/p>\n<p style=\"text-align: justify\">Dichos encuentros fueron presididos por el Sr. Rector P. Javier Yonekura quien enfatiz\u00f3 la relevancia de la actividad docente llevada a cabo en este tiempo de pandemia; tambi\u00e9n, el Rector dej\u00f3 claro a los profesores de las distintas facultades la importancia de la flexibilidad para con el estudiantado ucatense.<\/p>\n<p style=\"text-align: justify\">El Padre Ricardo Casanova, Vicerrector Acad\u00e9mico, agradeci\u00f3 a los profesores de la universidad por su vocaci\u00f3n y dedicaci\u00f3n en estos tiempos nada f\u00e1ciles por el que toc\u00f3 transitar en este \u00faltimo a\u00f1o y medio. Por su parte, las autoridades decanales de las facultades presentaron la planificaci\u00f3n acad\u00e9mica para este nuevo a\u00f1o, en el cual, los ex\u00e1menes parciales se realizar\u00e1n de manera presencial y las actividades evaluativas acumulativas a trav\u00e9s de las distintas plataformas virtuales.<\/p>\n<p style=\"text-align: justify\">En esta reuni\u00f3n se aprovech\u00f3 de llevar a cabo por la Coordinaci\u00f3n de Educaci\u00f3n Virtual una breve inducci\u00f3n al Sistema de Aula Virtual Moodle UCAT, que fue actualizada en este receso acad\u00e9mico, presentando un ambiente virtual m\u00e1s intuitivo, completo y amigable para el docente, y para el alumno.<\/p>\n<p style=\"text-align: justify\">Es preciso aclarar que las actividades acad\u00e9micas iniciar\u00e1n de manera virtual el d\u00eda 11 de octubre y el d\u00eda 25 de octubre comenzar\u00e1 la semana de encuentros presenciales. La certeza ser\u00e1 un principio importante en este sistema de ense\u00f1anza-aprendizaje multimodal, ya que, en las semanas de flexibilizaci\u00f3n se llevar\u00e1n a cabo los encuentros presenciales.<\/p>\n<p style=\"text-align: justify\">La UCAT no se detiene ni tu futuro tampoco.<\/p>\n","protected":false},"excerpt":{"rendered":"<p>La UCAT se encuentra en los \u00faltimos preparativos para iniciar el A.A 2021-2022, para ello durante los d\u00edas martes y jueves de la presente semana, se llevaron a cabo encuentros con los docentes de la Facultad de Ciencias Econ\u00f3micas y Sociales, y de la Facultad de Ciencias Jur\u00eddicas y Pol\u00edticas. Dichos encuentros fueron presididos por<\/p>\n","protected":false},"author":23,"featured_media":8028,"comment_status":"closed","ping_status":"closed","sticky":false,"template":"","format":"standard","meta":[],"categories":[3],"tags":[],"yoast_head":"<!-- This site is optimized with the Yoast SEO plugin v19.2 - https:\/\/yoast.com\/wordpress\/plugins\/seo\/ -->\n<title>La UCAT se encuentra en los \u00faltimos preparativos para iniciar el A.A 2021-2022 - Universidad Cat\u00f3lica del T\u00e1chira<\/title>\n<meta name=\"robots\" content=\"index, follow, max-snippet:-1, max-image-preview:large, max-video-preview:-1\" \/>\n<link rel=\"canonical\" href=\"https:\/\/www.ucat.edu.ve\/web\/la-ucat-se-encuentra-en-los-ultimos-preparativos-para-iniciar-el-a-a-2021-2022\/\" \/>\n<meta property=\"og:locale\" content=\"es_ES\" \/>\n<meta property=\"og:type\" content=\"article\" \/>\n<meta property=\"og:title\" content=\"La UCAT se encuentra en los \u00faltimos preparativos para iniciar el A.A 2021-2022 - Universidad Cat\u00f3lica del T\u00e1chira\" \/>\n<meta property=\"og:description\" content=\"La UCAT se encuentra en los \u00faltimos preparativos para iniciar el A.A 2021-2022, para ello durante los d\u00edas martes y jueves de la presente semana, se llevaron a cabo encuentros con los docentes de la Facultad de Ciencias Econ\u00f3micas y Sociales, y de la Facultad de Ciencias Jur\u00eddicas y Pol\u00edticas. Dichos encuentros fueron presididos por\" \/>\n<meta property=\"og:url\" content=\"https:\/\/www.ucat.edu.ve\/web\/la-ucat-se-encuentra-en-los-ultimos-preparativos-para-iniciar-el-a-a-2021-2022\/\" \/>\n<meta property=\"og:site_name\" content=\"Universidad Cat\u00f3lica del T\u00e1chira\" \/>\n<meta property=\"article:publisher\" content=\"https:\/\/www.facebook.com\/notiucat\/\" \/>\n<meta property=\"article:published_time\" content=\"2021-10-07T22:23:41+00:00\" \/>\n<meta property=\"article:modified_time\" content=\"2021-10-07T22:40:40+00:00\" \/>\n<meta property=\"og:image\" content=\"https:\/\/www.ucat.edu.ve\/web\/wp-content\/uploads\/2021\/10\/Banner_Noti_La-UCAT-se-encuentra-en-los-ultimos-preparativos-para-iniciar-el-A.A-2021-2021.jpg\" \/>\n\t<meta property=\"og:image:width\" content=\"953\" \/>\n\t<meta property=\"og:image:height\" content=\"529\" \/>\n\t<meta property=\"og:image:type\" content=\"image\/jpeg\" \/>\n<meta name=\"author\" content=\"Secretaria General\" \/>\n<meta name=\"twitter:card\" content=\"summary_large_image\" \/>\n<meta name=\"twitter:creator\" content=\"@notiucat\" \/>\n<meta name=\"twitter:site\" content=\"@notiucat\" \/>\n<meta name=\"twitter:label1\" content=\"Written by\" \/>\n\t<meta name=\"twitter:data1\" content=\"Secretaria General\" \/>\n\t<meta name=\"twitter:label2\" content=\"Est. reading time\" \/>\n\t<meta name=\"twitter:data2\" content=\"2 minutos\" \/>\n<script type=\"application\/ld+json\" class=\"yoast-schema-graph\">{\"@context\":\"https:\/\/schema.org\",\"@graph\":[{\"@type\":\"Organization\",\"@id\":\"https:\/\/www.ucat.edu.ve\/web\/#organization\",\"name\":\"Universidad Cat\u00f3lica Del T\u00e1chira UCAT\",\"url\":\"https:\/\/www.ucat.edu.ve\/web\/\",\"sameAs\":[\"https:\/\/www.instagram.com\/notiucat\/\",\"https:\/\/www.youtube.com\/channel\/UCwEbYSB1R9fzlII-8dcxuYA?view_as=subscriber\",\"https:\/\/www.facebook.com\/notiucat\/\",\"https:\/\/twitter.com\/notiucat\"],\"logo\":{\"@type\":\"ImageObject\",\"inLanguage\":\"es-ES\",\"@id\":\"https:\/\/www.ucat.edu.ve\/web\/#\/schema\/logo\/image\/\",\"url\":\"https:\/\/www.ucat.edu.ve\/web\/wp-content\/uploads\/2015\/07\/logoucat.gif\",\"contentUrl\":\"https:\/\/www.ucat.edu.ve\/web\/wp-content\/uploads\/2015\/07\/logoucat.gif\",\"width\":219,\"height\":155,\"caption\":\"Universidad Cat\u00f3lica Del T\u00e1chira UCAT\"},\"image\":{\"@id\":\"https:\/\/www.ucat.edu.ve\/web\/#\/schema\/logo\/image\/\"}},{\"@type\":\"WebSite\",\"@id\":\"https:\/\/www.ucat.edu.ve\/web\/#website\",\"url\":\"https:\/\/www.ucat.edu.ve\/web\/\",\"name\":\"Universidad Cat\u00f3lica del T\u00e1chira\",\"description\":\"\",\"publisher\":{\"@id\":\"https:\/\/www.ucat.edu.ve\/web\/#organization\"},\"potentialAction\":[{\"@type\":\"SearchAction\",\"target\":{\"@type\":\"EntryPoint\",\"urlTemplate\":\"https:\/\/www.ucat.edu.ve\/web\/?s={search_term_string}\"},\"query-input\":\"required name=search_term_string\"}],\"inLanguage\":\"es-ES\"},{\"@type\":\"ImageObject\",\"inLanguage\":\"es-ES\",\"@id\":\"https:\/\/www.ucat.edu.ve\/web\/la-ucat-se-encuentra-en-los-ultimos-preparativos-para-iniciar-el-a-a-2021-2022\/#primaryimage\",\"url\":\"https:\/\/www.ucat.edu.ve\/web\/wp-content\/uploads\/2021\/10\/Banner_Noti_La-UCAT-se-encuentra-en-los-ultimos-preparativos-para-iniciar-el-A.A-2021-2021.jpg\",\"contentUrl\":\"https:\/\/www.ucat.edu.ve\/web\/wp-content\/uploads\/2021\/10\/Banner_Noti_La-UCAT-se-encuentra-en-los-ultimos-preparativos-para-iniciar-el-A.A-2021-2021.jpg\",\"width\":953,\"height\":529},{\"@type\":\"WebPage\",\"@id\":\"https:\/\/www.ucat.edu.ve\/web\/la-ucat-se-encuentra-en-los-ultimos-preparativos-para-iniciar-el-a-a-2021-2022\/#webpage\",\"url\":\"https:\/\/www.ucat.edu.ve\/web\/la-ucat-se-encuentra-en-los-ultimos-preparativos-para-iniciar-el-a-a-2021-2022\/\",\"name\":\"La UCAT se encuentra en los \u00faltimos preparativos para iniciar el A.A 2021-2022 - Universidad Cat\u00f3lica del T\u00e1chira\",\"isPartOf\":{\"@id\":\"https:\/\/www.ucat.edu.ve\/web\/#website\"},\"primaryImageOfPage\":{\"@id\":\"https:\/\/www.ucat.edu.ve\/web\/la-ucat-se-encuentra-en-los-ultimos-preparativos-para-iniciar-el-a-a-2021-2022\/#primaryimage\"},\"datePublished\":\"2021-10-07T22:23:41+00:00\",\"dateModified\":\"2021-10-07T22:40:40+00:00\",\"breadcrumb\":{\"@id\":\"https:\/\/www.ucat.edu.ve\/web\/la-ucat-se-encuentra-en-los-ultimos-preparativos-para-iniciar-el-a-a-2021-2022\/#breadcrumb\"},\"inLanguage\":\"es-ES\",\"potentialAction\":[{\"@type\":\"ReadAction\",\"target\":[\"https:\/\/www.ucat.edu.ve\/web\/la-ucat-se-encuentra-en-los-ultimos-preparativos-para-iniciar-el-a-a-2021-2022\/\"]}]},{\"@type\":\"BreadcrumbList\",\"@id\":\"https:\/\/www.ucat.edu.ve\/web\/la-ucat-se-encuentra-en-los-ultimos-preparativos-para-iniciar-el-a-a-2021-2022\/#breadcrumb\",\"itemListElement\":[{\"@type\":\"ListItem\",\"position\":1,\"name\":\"Home\",\"item\":\"https:\/\/www.ucat.edu.ve\/web\/\"},{\"@type\":\"ListItem\",\"position\":2,\"name\":\"La UCAT se encuentra en los \u00faltimos preparativos para iniciar el A.A 2021-2022\"}]},{\"@type\":\"Article\",\"@id\":\"https:\/\/www.ucat.edu.ve\/web\/la-ucat-se-encuentra-en-los-ultimos-preparativos-para-iniciar-el-a-a-2021-2022\/#article\",\"isPartOf\":{\"@id\":\"https:\/\/www.ucat.edu.ve\/web\/la-ucat-se-encuentra-en-los-ultimos-preparativos-para-iniciar-el-a-a-2021-2022\/#webpage\"},\"author\":{\"name\":\"Secretaria General\",\"@id\":\"https:\/\/www.ucat.edu.ve\/web\/#\/schema\/person\/e90fe655adf97bd5c1dbc608855d16cf\"},\"headline\":\"La UCAT se encuentra en los \u00faltimos preparativos para iniciar el A.A 2021-2022\",\"datePublished\":\"2021-10-07T22:23:41+00:00\",\"dateModified\":\"2021-10-07T22:40:40+00:00\",\"mainEntityOfPage\":{\"@id\":\"https:\/\/www.ucat.edu.ve\/web\/la-ucat-se-encuentra-en-los-ultimos-preparativos-para-iniciar-el-a-a-2021-2022\/#webpage\"},\"wordCount\":326,\"publisher\":{\"@id\":\"https:\/\/www.ucat.edu.ve\/web\/#organization\"},\"image\":{\"@id\":\"https:\/\/www.ucat.edu.ve\/web\/la-ucat-se-encuentra-en-los-ultimos-preparativos-para-iniciar-el-a-a-2021-2022\/#primaryimage\"},\"thumbnailUrl\":\"https:\/\/www.ucat.edu.ve\/web\/wp-content\/uploads\/2021\/10\/Banner_Noti_La-UCAT-se-encuentra-en-los-ultimos-preparativos-para-iniciar-el-A.A-2021-2021.jpg\",\"articleSection\":[\"Noticias\"],\"inLanguage\":\"es-ES\"},{\"@type\":\"Person\",\"@id\":\"https:\/\/www.ucat.edu.ve\/web\/#\/schema\/person\/e90fe655adf97bd5c1dbc608855d16cf\",\"name\":\"Secretaria General\",\"url\":\"https:\/\/www.ucat.edu.ve\/web\/author\/secgeucat\/\"}]}<\/script>\n<!-- \/ Yoast SEO plugin. -->","yoast_head_json":{"title":"La UCAT se encuentra en los \u00faltimos preparativos para iniciar el A.A 2021-2022 - Universidad Cat\u00f3lica del T\u00e1chira","robots":{"index":"index","follow":"follow","max-snippet":"max-snippet:-1","max-image-preview":"max-image-preview:large","max-video-preview":"max-video-preview:-1"},"canonical":"https:\/\/www.ucat.edu.ve\/web\/la-ucat-se-encuentra-en-los-ultimos-preparativos-para-iniciar-el-a-a-2021-2022\/","og_locale":"es_ES","og_type":"article","og_title":"La UCAT se encuentra en los \u00faltimos preparativos para iniciar el A.A 2021-2022 - Universidad Cat\u00f3lica del T\u00e1chira","og_description":"La UCAT se encuentra en los \u00faltimos preparativos para iniciar el A.A 2021-2022, para ello durante los d\u00edas martes y jueves de la presente semana, se llevaron a cabo encuentros con los docentes de la Facultad de Ciencias Econ\u00f3micas y Sociales, y de la Facultad de Ciencias Jur\u00eddicas y Pol\u00edticas. Dichos encuentros fueron presididos por","og_url":"https:\/\/www.ucat.edu.ve\/web\/la-ucat-se-encuentra-en-los-ultimos-preparativos-para-iniciar-el-a-a-2021-2022\/","og_site_name":"Universidad Cat\u00f3lica del T\u00e1chira","article_publisher":"https:\/\/www.facebook.com\/notiucat\/","article_published_time":"2021-10-07T22:23:41+00:00","article_modified_time":"2021-10-07T22:40:40+00:00","og_image":[{"width":953,"height":529,"url":"https:\/\/www.ucat.edu.ve\/web\/wp-content\/uploads\/2021\/10\/Banner_Noti_La-UCAT-se-encuentra-en-los-ultimos-preparativos-para-iniciar-el-A.A-2021-2021.jpg","type":"image\/jpeg"}],"author":"Secretaria General","twitter_card":"summary_large_image","twitter_creator":"@notiucat","twitter_site":"@notiucat","twitter_misc":{"Written by":"Secretaria General","Est. reading time":"2 minutos"},"schema":{"@context":"https:\/\/schema.org","@graph":[{"@type":"Organization","@id":"https:\/\/www.ucat.edu.ve\/web\/#organization","name":"Universidad Cat\u00f3lica Del T\u00e1chira UCAT","url":"https:\/\/www.ucat.edu.ve\/web\/","sameAs":["https:\/\/www.instagram.com\/notiucat\/","https:\/\/www.youtube.com\/channel\/UCwEbYSB1R9fzlII-8dcxuYA?view_as=subscriber","https:\/\/www.facebook.com\/notiucat\/","https:\/\/twitter.com\/notiucat"],"logo":{"@type":"ImageObject","inLanguage":"es-ES","@id":"https:\/\/www.ucat.edu.ve\/web\/#\/schema\/logo\/image\/","url":"https:\/\/www.ucat.edu.ve\/web\/wp-content\/uploads\/2015\/07\/logoucat.gif","contentUrl":"https:\/\/www.ucat.edu.ve\/web\/wp-content\/uploads\/2015\/07\/logoucat.gif","width":219,"height":155,"caption":"Universidad Cat\u00f3lica Del T\u00e1chira UCAT"},"image":{"@id":"https:\/\/www.ucat.edu.ve\/web\/#\/schema\/logo\/image\/"}},{"@type":"WebSite","@id":"https:\/\/www.ucat.edu.ve\/web\/#website","url":"https:\/\/www.ucat.edu.ve\/web\/","name":"Universidad Cat\u00f3lica del T\u00e1chira","description":"","publisher":{"@id":"https:\/\/www.ucat.edu.ve\/web\/#organization"},"potentialAction":[{"@type":"SearchAction","target":{"@type":"EntryPoint","urlTemplate":"https:\/\/www.ucat.edu.ve\/web\/?s={search_term_string}"},"query-input":"required name=search_term_string"}],"inLanguage":"es-ES"},{"@type":"ImageObject","inLanguage":"es-ES","@id":"https:\/\/www.ucat.edu.ve\/web\/la-ucat-se-encuentra-en-los-ultimos-preparativos-para-iniciar-el-a-a-2021-2022\/#primaryimage","url":"https:\/\/www.ucat.edu.ve\/web\/wp-content\/uploads\/2021\/10\/Banner_Noti_La-UCAT-se-encuentra-en-los-ultimos-preparativos-para-iniciar-el-A.A-2021-2021.jpg","contentUrl":"https:\/\/www.ucat.edu.ve\/web\/wp-content\/uploads\/2021\/10\/Banner_Noti_La-UCAT-se-encuentra-en-los-ultimos-preparativos-para-iniciar-el-A.A-2021-2021.jpg","width":953,"height":529},{"@type":"WebPage","@id":"https:\/\/www.ucat.edu.ve\/web\/la-ucat-se-encuentra-en-los-ultimos-preparativos-para-iniciar-el-a-a-2021-2022\/#webpage","url":"https:\/\/www.ucat.edu.ve\/web\/la-ucat-se-encuentra-en-los-ultimos-preparativos-para-iniciar-el-a-a-2021-2022\/","name":"La UCAT se encuentra en los \u00faltimos preparativos para iniciar el A.A 2021-2022 - Universidad Cat\u00f3lica del T\u00e1chira","isPartOf":{"@id":"https:\/\/www.ucat.edu.ve\/web\/#website"},"primaryImageOfPage":{"@id":"https:\/\/www.ucat.edu.ve\/web\/la-ucat-se-encuentra-en-los-ultimos-preparativos-para-iniciar-el-a-a-2021-2022\/#primaryimage"},"datePublished":"2021-10-07T22:23:41+00:00","dateModified":"2021-10-07T22:40:40+00:00","breadcrumb":{"@id":"https:\/\/www.ucat.edu.ve\/web\/la-ucat-se-encuentra-en-los-ultimos-preparativos-para-iniciar-el-a-a-2021-2022\/#breadcrumb"},"inLanguage":"es-ES","potentialAction":[{"@type":"ReadAction","target":["https:\/\/www.ucat.edu.ve\/web\/la-ucat-se-encuentra-en-los-ultimos-preparativos-para-iniciar-el-a-a-2021-2022\/"]}]},{"@type":"BreadcrumbList","@id":"https:\/\/www.ucat.edu.ve\/web\/la-ucat-se-encuentra-en-los-ultimos-preparativos-para-iniciar-el-a-a-2021-2022\/#breadcrumb","itemListElement":[{"@type":"ListItem","position":1,"name":"Home","item":"https:\/\/www.ucat.edu.ve\/web\/"},{"@type":"ListItem","position":2,"name":"La UCAT se encuentra en los \u00faltimos preparativos para iniciar el A.A 2021-2022"}]},{"@type":"Article","@id":"https:\/\/www.ucat.edu.ve\/web\/la-ucat-se-encuentra-en-los-ultimos-preparativos-para-iniciar-el-a-a-2021-2022\/#article","isPartOf":{"@id":"https:\/\/www.ucat.edu.ve\/web\/la-ucat-se-encuentra-en-los-ultimos-preparativos-para-iniciar-el-a-a-2021-2022\/#webpage"},"author":{"name":"Secretaria General","@id":"https:\/\/www.ucat.edu.ve\/web\/#\/schema\/person\/e90fe655adf97bd5c1dbc608855d16cf"},"headline":"La UCAT se encuentra en los \u00faltimos preparativos para iniciar el A.A 2021-2022","datePublished":"2021-10-07T22:23:41+00:00","dateModified":"2021-10-07T22:40:40+00:00","mainEntityOfPage":{"@id":"https:\/\/www.ucat.edu.ve\/web\/la-ucat-se-encuentra-en-los-ultimos-preparativos-para-iniciar-el-a-a-2021-2022\/#webpage"},"wordCount":326,"publisher":{"@id":"https:\/\/www.ucat.edu.ve\/web\/#organization"},"image":{"@id":"https:\/\/www.ucat.edu.ve\/web\/la-ucat-se-encuentra-en-los-ultimos-preparativos-para-iniciar-el-a-a-2021-2022\/#primaryimage"},"thumbnailUrl":"https:\/\/www.ucat.edu.ve\/web\/wp-content\/uploads\/2021\/10\/Banner_Noti_La-UCAT-se-encuentra-en-los-ultimos-preparativos-para-iniciar-el-A.A-2021-2021.jpg","articleSection":["Noticias"],"inLanguage":"es-ES"},{"@type":"Person","@id":"https:\/\/www.ucat.edu.ve\/web\/#\/schema\/person\/e90fe655adf97bd5c1dbc608855d16cf","name":"Secretaria General","url":"https:\/\/www.ucat.edu.ve\/web\/author\/secgeucat\/"}]}},"_links":{"self":[{"href":"https:\/\/www.ucat.edu.ve\/web\/wp-json\/wp\/v2\/posts\/8027"}],"collection":[{"href":"https:\/\/www.ucat.edu.ve\/web\/wp-json\/wp\/v2\/posts"}],"about":[{"href":"https:\/\/www.ucat.edu.ve\/web\/wp-json\/wp\/v2\/types\/post"}],"author":[{"embeddable":true,"href":"https:\/\/www.ucat.edu.ve\/web\/wp-json\/wp\/v2\/users\/23"}],"replies":[{"embeddable":true,"href":"https:\/\/www.ucat.edu.ve\/web\/wp-json\/wp\/v2\/comments?post=8027"}],"version-history":[{"count":3,"href":"https:\/\/www.ucat.edu.ve\/web\/wp-json\/wp\/v2\/posts\/8027\/revisions"}],"predecessor-version":[{"id":8031,"href":"https:\/\/www.ucat.edu.ve\/web\/wp-json\/wp\/v2\/posts\/8027\/revisions\/8031"}],"wp:featuredmedia":[{"embeddable":true,"href":"https:\/\/www.ucat.edu.ve\/web\/wp-json\/wp\/v2\/media\/8028"}],"wp:attachment":[{"href":"https:\/\/www.ucat.edu.ve\/web\/wp-json\/wp\/v2\/media?parent=8027"}],"wp:term":[{"taxonomy":"category","embeddable":true,"href":"https:\/\/www.ucat.edu.ve\/web\/wp-json\/wp\/v2\/categories?post=8027"},{"taxonomy":"post_tag","embeddable":true,"href":"https:\/\/www.ucat.edu.ve\/web\/wp-json\/wp\/v2\/tags?post=8027"}],"curies":[{"name":"wp","href":"https:\/\/api.w.org\/{rel}","templated":true}]}}