 {"id":8226,"date":"2021-11-10T18:39:30","date_gmt":"2021-11-10T18:39:30","guid":{"rendered":"https:\/\/www.ucat.edu.ve\/web\/?p=8226"},"modified":"2021-11-10T18:40:47","modified_gmt":"2021-11-10T18:40:47","slug":"autoridades-de-la-ucat-realizaron-encuentros-con-delegados-de-curso-del-ano-academico-2021-2022","status":"publish","type":"post","link":"https:\/\/www.ucat.edu.ve\/web\/autoridades-de-la-ucat-realizaron-encuentros-con-delegados-de-curso-del-ano-academico-2021-2022\/","title":{"rendered":"Autoridades de la UCAT realizaron encuentros con delegados de curso del a\u00f1o acad\u00e9mico 2021-2022"},"content":{"rendered":"<p style=\"text-align: center\"><img loading=\"lazy\" class=\"alignnone size-medium wp-image-8227\" src=\"https:\/\/www.ucat.edu.ve\/web\/wp-content\/uploads\/2021\/11\/Noticia-UCAT_Autoridades-de-la-UCAT-realizaron-encuentros-con-delegados-de-curso-del-ano-academico-2021-2022-521x322.jpg\" alt=\"\" width=\"521\" height=\"322\" srcset=\"https:\/\/www.ucat.edu.ve\/web\/wp-content\/uploads\/2021\/11\/Noticia-UCAT_Autoridades-de-la-UCAT-realizaron-encuentros-con-delegados-de-curso-del-ano-academico-2021-2022-521x322.jpg 521w, https:\/\/www.ucat.edu.ve\/web\/wp-content\/uploads\/2021\/11\/Noticia-UCAT_Autoridades-de-la-UCAT-realizaron-encuentros-con-delegados-de-curso-del-ano-academico-2021-2022-340x210.jpg 340w, https:\/\/www.ucat.edu.ve\/web\/wp-content\/uploads\/2021\/11\/Noticia-UCAT_Autoridades-de-la-UCAT-realizaron-encuentros-con-delegados-de-curso-del-ano-academico-2021-2022.jpg 1086w\" sizes=\"(max-width: 521px) 100vw, 521px\" \/><\/p>\n<p style=\"text-align: justify\">Este 09 de noviembre, se llev\u00f3 a cabo varios encuentros acad\u00e9micos entre las autoridades universitarias y los delegados de todas las secciones de los diversos a\u00f1os, de las Facultades de Ciencias Jur\u00eddicas y Pol\u00edticas, y, de Ciencias Econ\u00f3micas y Sociales de la Universidad Cat\u00f3lica del T\u00e1chira (UCAT)<\/p>\n<p style=\"text-align: justify\">\u00a0Con la finalidad de realizar una revisi\u00f3n de los encuentros acad\u00e9micos presenciales que se vienen realizando y, las clases por las plataformas virtuales, adem\u00e1s de profundizar las actitudes propias de un delegado universitario.<\/p>\n<p style=\"text-align: justify\">As\u00ed lo manifest\u00f3 el Presb\u00edtero Ricardo Casanova, Vicerrector Acad\u00e9mico de la UCAT, en el que expuso a los estudiantes las actitudes de un buen delegado, acotando las caracter\u00edsticas que le deben distinguir \u201cla responsabilidad, actitud de servicio y escucha, la funci\u00f3n de ser siempre un agente mediador que tiende puentes y no levanta muros, su capacidad de di\u00e1logo que logra propiciar la uni\u00f3n y el trabajo de todos los miembros de la comunidad Universitaria, asumiendo siempre un protagonismo invaluable\u201d, resalt\u00f3 el Vicerrector Acad\u00e9mico.<\/p>\n<p style=\"text-align: justify\">As\u00ed mismo, en este encuentro las autoridades universitarias indicaron los esfuerzos que la Universidad ha hecho durante este tiempo, entre lo que se destaca diversas inversiones en equipos tecnol\u00f3gicos, planta el\u00e9ctrica, y la contrataci\u00f3n de nuevos proveedores de internet, tambi\u00e9n se precis\u00f3 lo concerniente a las cuotas mensuales y las modalidades de pago de la matr\u00edcula de pregrado.<\/p>\n<p style=\"text-align: justify\">Finalmente, luego de escuchar con atenci\u00f3n a todos los delegados, se pudo dar respuesta a las dudas expresadas, se formularon propuestas que contribuyan al desenvolvimiento de la comunidad y el correcto desarrollo del a\u00f1o acad\u00e9mico 2021-2022.<\/p>\n\n\t\t<style type=\"text\/css\">\n\t\t\t#gallery-1 {\n\t\t\t\tmargin: auto;\n\t\t\t}\n\t\t\t#gallery-1 .gallery-item {\n\t\t\t\tfloat: left;\n\t\t\t\tmargin-top: 10px;\n\t\t\t\ttext-align: center;\n\t\t\t\twidth: 33%;\n\t\t\t}\n\t\t\t#gallery-1 img {\n\t\t\t\tborder: 2px solid #cfcfcf;\n\t\t\t}\n\t\t\t#gallery-1 .gallery-caption {\n\t\t\t\tmargin-left: 0;\n\t\t\t}\n\t\t\t\/* see gallery_shortcode() in wp-includes\/media.php *\/\n\t\t<\/style>\n\t\t<div id='gallery-1' class='gallery galleryid-8226 gallery-columns-3 gallery-size-medium'><dl class='gallery-item'>\n\t\t\t<dt class='gallery-icon landscape'>\n\t\t\t\t<a href='https:\/\/www.ucat.edu.ve\/web\/wp-content\/uploads\/2021\/11\/1.jpeg'><img width=\"429\" height=\"322\" src=\"https:\/\/www.ucat.edu.ve\/web\/wp-content\/uploads\/2021\/11\/1-429x322.jpeg\" class=\"attachment-medium size-medium\" alt=\"\" loading=\"lazy\" srcset=\"https:\/\/www.ucat.edu.ve\/web\/wp-content\/uploads\/2021\/11\/1-429x322.jpeg 429w, https:\/\/www.ucat.edu.ve\/web\/wp-content\/uploads\/2021\/11\/1.jpeg 800w\" sizes=\"(max-width: 429px) 100vw, 429px\" \/><\/a>\n\t\t\t<\/dt><\/dl><dl class='gallery-item'>\n\t\t\t<dt class='gallery-icon landscape'>\n\t\t\t\t<a href='https:\/\/www.ucat.edu.ve\/web\/wp-content\/uploads\/2021\/11\/2.jpeg'><img width=\"429\" height=\"322\" src=\"https:\/\/www.ucat.edu.ve\/web\/wp-content\/uploads\/2021\/11\/2-429x322.jpeg\" class=\"attachment-medium size-medium\" alt=\"\" loading=\"lazy\" srcset=\"https:\/\/www.ucat.edu.ve\/web\/wp-content\/uploads\/2021\/11\/2-429x322.jpeg 429w, https:\/\/www.ucat.edu.ve\/web\/wp-content\/uploads\/2021\/11\/2.jpeg 800w\" sizes=\"(max-width: 429px) 100vw, 429px\" \/><\/a>\n\t\t\t<\/dt><\/dl><dl class='gallery-item'>\n\t\t\t<dt class='gallery-icon landscape'>\n\t\t\t\t<a href='https:\/\/www.ucat.edu.ve\/web\/wp-content\/uploads\/2021\/11\/3.jpeg'><img width=\"429\" height=\"322\" src=\"https:\/\/www.ucat.edu.ve\/web\/wp-content\/uploads\/2021\/11\/3-429x322.jpeg\" class=\"attachment-medium size-medium\" alt=\"\" loading=\"lazy\" srcset=\"https:\/\/www.ucat.edu.ve\/web\/wp-content\/uploads\/2021\/11\/3-429x322.jpeg 429w, https:\/\/www.ucat.edu.ve\/web\/wp-content\/uploads\/2021\/11\/3.jpeg 800w\" sizes=\"(max-width: 429px) 100vw, 429px\" \/><\/a>\n\t\t\t<\/dt><\/dl><br style=\"clear: both\" \/><dl class='gallery-item'>\n\t\t\t<dt class='gallery-icon landscape'>\n\t\t\t\t<a href='https:\/\/www.ucat.edu.ve\/web\/wp-content\/uploads\/2021\/11\/4.jpeg'><img width=\"429\" height=\"322\" src=\"https:\/\/www.ucat.edu.ve\/web\/wp-content\/uploads\/2021\/11\/4-429x322.jpeg\" class=\"attachment-medium size-medium\" alt=\"\" loading=\"lazy\" srcset=\"https:\/\/www.ucat.edu.ve\/web\/wp-content\/uploads\/2021\/11\/4-429x322.jpeg 429w, https:\/\/www.ucat.edu.ve\/web\/wp-content\/uploads\/2021\/11\/4.jpeg 800w\" sizes=\"(max-width: 429px) 100vw, 429px\" \/><\/a>\n\t\t\t<\/dt><\/dl><dl class='gallery-item'>\n\t\t\t<dt class='gallery-icon landscape'>\n\t\t\t\t<a href='https:\/\/www.ucat.edu.ve\/web\/wp-content\/uploads\/2021\/11\/5.jpeg'><img width=\"429\" height=\"322\" src=\"https:\/\/www.ucat.edu.ve\/web\/wp-content\/uploads\/2021\/11\/5-429x322.jpeg\" class=\"attachment-medium size-medium\" alt=\"\" loading=\"lazy\" srcset=\"https:\/\/www.ucat.edu.ve\/web\/wp-content\/uploads\/2021\/11\/5-429x322.jpeg 429w, https:\/\/www.ucat.edu.ve\/web\/wp-content\/uploads\/2021\/11\/5.jpeg 800w\" sizes=\"(max-width: 429px) 100vw, 429px\" \/><\/a>\n\t\t\t<\/dt><\/dl><dl class='gallery-item'>\n\t\t\t<dt class='gallery-icon landscape'>\n\t\t\t\t<a href='https:\/\/www.ucat.edu.ve\/web\/wp-content\/uploads\/2021\/11\/6.jpeg'><img width=\"429\" height=\"322\" src=\"https:\/\/www.ucat.edu.ve\/web\/wp-content\/uploads\/2021\/11\/6-429x322.jpeg\" class=\"attachment-medium size-medium\" alt=\"\" loading=\"lazy\" srcset=\"https:\/\/www.ucat.edu.ve\/web\/wp-content\/uploads\/2021\/11\/6-429x322.jpeg 429w, https:\/\/www.ucat.edu.ve\/web\/wp-content\/uploads\/2021\/11\/6.jpeg 800w\" sizes=\"(max-width: 429px) 100vw, 429px\" \/><\/a>\n\t\t\t<\/dt><\/dl><br style=\"clear: both\" \/><dl class='gallery-item'>\n\t\t\t<dt class='gallery-icon landscape'>\n\t\t\t\t<a href='https:\/\/www.ucat.edu.ve\/web\/wp-content\/uploads\/2021\/11\/7.jpeg'><img width=\"429\" height=\"322\" src=\"https:\/\/www.ucat.edu.ve\/web\/wp-content\/uploads\/2021\/11\/7-429x322.jpeg\" class=\"attachment-medium size-medium\" alt=\"\" loading=\"lazy\" srcset=\"https:\/\/www.ucat.edu.ve\/web\/wp-content\/uploads\/2021\/11\/7-429x322.jpeg 429w, https:\/\/www.ucat.edu.ve\/web\/wp-content\/uploads\/2021\/11\/7.jpeg 1280w\" sizes=\"(max-width: 429px) 100vw, 429px\" \/><\/a>\n\t\t\t<\/dt><\/dl>\n\t\t\t<br style='clear: both' \/>\n\t\t<\/div>\n\n<p>(<strong>PrensaUCAT<\/strong>).<\/p>\n","protected":false},"excerpt":{"rendered":"<p>Este 09 de noviembre, se llev\u00f3 a cabo varios encuentros acad\u00e9micos entre las autoridades universitarias y los delegados de todas las secciones de los diversos a\u00f1os, de las Facultades de Ciencias Jur\u00eddicas y Pol\u00edticas, y, de Ciencias Econ\u00f3micas y Sociales de la Universidad Cat\u00f3lica del T\u00e1chira (UCAT) \u00a0Con la finalidad de realizar una revisi\u00f3n de<\/p>\n","protected":false},"author":23,"featured_media":8227,"comment_status":"closed","ping_status":"closed","sticky":false,"template":"","format":"standard","meta":[],"categories":[3],"tags":[],"yoast_head":"<!-- This site is optimized with the Yoast SEO plugin v19.2 - https:\/\/yoast.com\/wordpress\/plugins\/seo\/ -->\n<title>Autoridades de la UCAT realizaron encuentros con delegados de curso del a\u00f1o acad\u00e9mico 2021-2022 - Universidad Cat\u00f3lica del T\u00e1chira<\/title>\n<meta name=\"robots\" content=\"index, follow, max-snippet:-1, max-image-preview:large, max-video-preview:-1\" \/>\n<link rel=\"canonical\" href=\"https:\/\/www.ucat.edu.ve\/web\/autoridades-de-la-ucat-realizaron-encuentros-con-delegados-de-curso-del-ano-academico-2021-2022\/\" \/>\n<meta property=\"og:locale\" content=\"es_ES\" \/>\n<meta property=\"og:type\" content=\"article\" \/>\n<meta property=\"og:title\" content=\"Autoridades de la UCAT realizaron encuentros con delegados de curso del a\u00f1o acad\u00e9mico 2021-2022 - Universidad Cat\u00f3lica del T\u00e1chira\" \/>\n<meta property=\"og:description\" content=\"Este 09 de noviembre, se llev\u00f3 a cabo varios encuentros acad\u00e9micos entre las autoridades universitarias y los delegados de todas las secciones de los diversos a\u00f1os, de las Facultades de Ciencias Jur\u00eddicas y Pol\u00edticas, y, de Ciencias Econ\u00f3micas y Sociales de la Universidad Cat\u00f3lica del T\u00e1chira (UCAT) \u00a0Con la finalidad de realizar una revisi\u00f3n de\" \/>\n<meta property=\"og:url\" content=\"https:\/\/www.ucat.edu.ve\/web\/autoridades-de-la-ucat-realizaron-encuentros-con-delegados-de-curso-del-ano-academico-2021-2022\/\" \/>\n<meta property=\"og:site_name\" content=\"Universidad Cat\u00f3lica del T\u00e1chira\" \/>\n<meta property=\"article:publisher\" content=\"https:\/\/www.facebook.com\/notiucat\/\" \/>\n<meta property=\"article:published_time\" content=\"2021-11-10T18:39:30+00:00\" \/>\n<meta property=\"article:modified_time\" content=\"2021-11-10T18:40:47+00:00\" \/>\n<meta property=\"og:image\" content=\"https:\/\/www.ucat.edu.ve\/web\/wp-content\/uploads\/2021\/11\/Noticia-UCAT_Autoridades-de-la-UCAT-realizaron-encuentros-con-delegados-de-curso-del-ano-academico-2021-2022.jpg\" \/>\n\t<meta property=\"og:image:width\" content=\"1086\" \/>\n\t<meta property=\"og:image:height\" content=\"671\" \/>\n\t<meta property=\"og:image:type\" content=\"image\/jpeg\" \/>\n<meta name=\"author\" content=\"Secretaria General\" \/>\n<meta name=\"twitter:card\" content=\"summary_large_image\" \/>\n<meta name=\"twitter:creator\" content=\"@notiucat\" \/>\n<meta name=\"twitter:site\" content=\"@notiucat\" \/>\n<meta name=\"twitter:label1\" content=\"Written by\" \/>\n\t<meta name=\"twitter:data1\" content=\"Secretaria General\" \/>\n\t<meta name=\"twitter:label2\" content=\"Est. reading time\" \/>\n\t<meta name=\"twitter:data2\" content=\"2 minutos\" \/>\n<script type=\"application\/ld+json\" class=\"yoast-schema-graph\">{\"@context\":\"https:\/\/schema.org\",\"@graph\":[{\"@type\":\"Organization\",\"@id\":\"https:\/\/www.ucat.edu.ve\/web\/#organization\",\"name\":\"Universidad Cat\u00f3lica Del T\u00e1chira UCAT\",\"url\":\"https:\/\/www.ucat.edu.ve\/web\/\",\"sameAs\":[\"https:\/\/www.instagram.com\/notiucat\/\",\"https:\/\/www.youtube.com\/channel\/UCwEbYSB1R9fzlII-8dcxuYA?view_as=subscriber\",\"https:\/\/www.facebook.com\/notiucat\/\",\"https:\/\/twitter.com\/notiucat\"],\"logo\":{\"@type\":\"ImageObject\",\"inLanguage\":\"es-ES\",\"@id\":\"https:\/\/www.ucat.edu.ve\/web\/#\/schema\/logo\/image\/\",\"url\":\"https:\/\/www.ucat.edu.ve\/web\/wp-content\/uploads\/2015\/07\/logoucat.gif\",\"contentUrl\":\"https:\/\/www.ucat.edu.ve\/web\/wp-content\/uploads\/2015\/07\/logoucat.gif\",\"width\":219,\"height\":155,\"caption\":\"Universidad Cat\u00f3lica Del T\u00e1chira UCAT\"},\"image\":{\"@id\":\"https:\/\/www.ucat.edu.ve\/web\/#\/schema\/logo\/image\/\"}},{\"@type\":\"WebSite\",\"@id\":\"https:\/\/www.ucat.edu.ve\/web\/#website\",\"url\":\"https:\/\/www.ucat.edu.ve\/web\/\",\"name\":\"Universidad Cat\u00f3lica del T\u00e1chira\",\"description\":\"\",\"publisher\":{\"@id\":\"https:\/\/www.ucat.edu.ve\/web\/#organization\"},\"potentialAction\":[{\"@type\":\"SearchAction\",\"target\":{\"@type\":\"EntryPoint\",\"urlTemplate\":\"https:\/\/www.ucat.edu.ve\/web\/?s={search_term_string}\"},\"query-input\":\"required name=search_term_string\"}],\"inLanguage\":\"es-ES\"},{\"@type\":\"ImageObject\",\"inLanguage\":\"es-ES\",\"@id\":\"https:\/\/www.ucat.edu.ve\/web\/autoridades-de-la-ucat-realizaron-encuentros-con-delegados-de-curso-del-ano-academico-2021-2022\/#primaryimage\",\"url\":\"https:\/\/www.ucat.edu.ve\/web\/wp-content\/uploads\/2021\/11\/Noticia-UCAT_Autoridades-de-la-UCAT-realizaron-encuentros-con-delegados-de-curso-del-ano-academico-2021-2022.jpg\",\"contentUrl\":\"https:\/\/www.ucat.edu.ve\/web\/wp-content\/uploads\/2021\/11\/Noticia-UCAT_Autoridades-de-la-UCAT-realizaron-encuentros-con-delegados-de-curso-del-ano-academico-2021-2022.jpg\",\"width\":1086,\"height\":671},{\"@type\":\"WebPage\",\"@id\":\"https:\/\/www.ucat.edu.ve\/web\/autoridades-de-la-ucat-realizaron-encuentros-con-delegados-de-curso-del-ano-academico-2021-2022\/#webpage\",\"url\":\"https:\/\/www.ucat.edu.ve\/web\/autoridades-de-la-ucat-realizaron-encuentros-con-delegados-de-curso-del-ano-academico-2021-2022\/\",\"name\":\"Autoridades de la UCAT realizaron encuentros con delegados de curso del a\u00f1o acad\u00e9mico 2021-2022 - Universidad Cat\u00f3lica del T\u00e1chira\",\"isPartOf\":{\"@id\":\"https:\/\/www.ucat.edu.ve\/web\/#website\"},\"primaryImageOfPage\":{\"@id\":\"https:\/\/www.ucat.edu.ve\/web\/autoridades-de-la-ucat-realizaron-encuentros-con-delegados-de-curso-del-ano-academico-2021-2022\/#primaryimage\"},\"datePublished\":\"2021-11-10T18:39:30+00:00\",\"dateModified\":\"2021-11-10T18:40:47+00:00\",\"breadcrumb\":{\"@id\":\"https:\/\/www.ucat.edu.ve\/web\/autoridades-de-la-ucat-realizaron-encuentros-con-delegados-de-curso-del-ano-academico-2021-2022\/#breadcrumb\"},\"inLanguage\":\"es-ES\",\"potentialAction\":[{\"@type\":\"ReadAction\",\"target\":[\"https:\/\/www.ucat.edu.ve\/web\/autoridades-de-la-ucat-realizaron-encuentros-con-delegados-de-curso-del-ano-academico-2021-2022\/\"]}]},{\"@type\":\"BreadcrumbList\",\"@id\":\"https:\/\/www.ucat.edu.ve\/web\/autoridades-de-la-ucat-realizaron-encuentros-con-delegados-de-curso-del-ano-academico-2021-2022\/#breadcrumb\",\"itemListElement\":[{\"@type\":\"ListItem\",\"position\":1,\"name\":\"Home\",\"item\":\"https:\/\/www.ucat.edu.ve\/web\/\"},{\"@type\":\"ListItem\",\"position\":2,\"name\":\"Autoridades de la UCAT realizaron encuentros con delegados de curso del a\u00f1o acad\u00e9mico 2021-2022\"}]},{\"@type\":\"Article\",\"@id\":\"https:\/\/www.ucat.edu.ve\/web\/autoridades-de-la-ucat-realizaron-encuentros-con-delegados-de-curso-del-ano-academico-2021-2022\/#article\",\"isPartOf\":{\"@id\":\"https:\/\/www.ucat.edu.ve\/web\/autoridades-de-la-ucat-realizaron-encuentros-con-delegados-de-curso-del-ano-academico-2021-2022\/#webpage\"},\"author\":{\"name\":\"Secretaria General\",\"@id\":\"https:\/\/www.ucat.edu.ve\/web\/#\/schema\/person\/e90fe655adf97bd5c1dbc608855d16cf\"},\"headline\":\"Autoridades de la UCAT realizaron encuentros con delegados de curso del a\u00f1o acad\u00e9mico 2021-2022\",\"datePublished\":\"2021-11-10T18:39:30+00:00\",\"dateModified\":\"2021-11-10T18:40:47+00:00\",\"mainEntityOfPage\":{\"@id\":\"https:\/\/www.ucat.edu.ve\/web\/autoridades-de-la-ucat-realizaron-encuentros-con-delegados-de-curso-del-ano-academico-2021-2022\/#webpage\"},\"wordCount\":304,\"publisher\":{\"@id\":\"https:\/\/www.ucat.edu.ve\/web\/#organization\"},\"image\":{\"@id\":\"https:\/\/www.ucat.edu.ve\/web\/autoridades-de-la-ucat-realizaron-encuentros-con-delegados-de-curso-del-ano-academico-2021-2022\/#primaryimage\"},\"thumbnailUrl\":\"https:\/\/www.ucat.edu.ve\/web\/wp-content\/uploads\/2021\/11\/Noticia-UCAT_Autoridades-de-la-UCAT-realizaron-encuentros-con-delegados-de-curso-del-ano-academico-2021-2022.jpg\",\"articleSection\":[\"Noticias\"],\"inLanguage\":\"es-ES\"},{\"@type\":\"Person\",\"@id\":\"https:\/\/www.ucat.edu.ve\/web\/#\/schema\/person\/e90fe655adf97bd5c1dbc608855d16cf\",\"name\":\"Secretaria General\",\"url\":\"https:\/\/www.ucat.edu.ve\/web\/author\/secgeucat\/\"}]}<\/script>\n<!-- \/ Yoast SEO plugin. -->","yoast_head_json":{"title":"Autoridades de la UCAT realizaron encuentros con delegados de curso del a\u00f1o acad\u00e9mico 2021-2022 - Universidad Cat\u00f3lica del T\u00e1chira","robots":{"index":"index","follow":"follow","max-snippet":"max-snippet:-1","max-image-preview":"max-image-preview:large","max-video-preview":"max-video-preview:-1"},"canonical":"https:\/\/www.ucat.edu.ve\/web\/autoridades-de-la-ucat-realizaron-encuentros-con-delegados-de-curso-del-ano-academico-2021-2022\/","og_locale":"es_ES","og_type":"article","og_title":"Autoridades de la UCAT realizaron encuentros con delegados de curso del a\u00f1o acad\u00e9mico 2021-2022 - Universidad Cat\u00f3lica del T\u00e1chira","og_description":"Este 09 de noviembre, se llev\u00f3 a cabo varios encuentros acad\u00e9micos entre las autoridades universitarias y los delegados de todas las secciones de los diversos a\u00f1os, de las Facultades de Ciencias Jur\u00eddicas y Pol\u00edticas, y, de Ciencias Econ\u00f3micas y Sociales de la Universidad Cat\u00f3lica del T\u00e1chira (UCAT) \u00a0Con la finalidad de realizar una revisi\u00f3n de","og_url":"https:\/\/www.ucat.edu.ve\/web\/autoridades-de-la-ucat-realizaron-encuentros-con-delegados-de-curso-del-ano-academico-2021-2022\/","og_site_name":"Universidad Cat\u00f3lica del T\u00e1chira","article_publisher":"https:\/\/www.facebook.com\/notiucat\/","article_published_time":"2021-11-10T18:39:30+00:00","article_modified_time":"2021-11-10T18:40:47+00:00","og_image":[{"width":1086,"height":671,"url":"https:\/\/www.ucat.edu.ve\/web\/wp-content\/uploads\/2021\/11\/Noticia-UCAT_Autoridades-de-la-UCAT-realizaron-encuentros-con-delegados-de-curso-del-ano-academico-2021-2022.jpg","type":"image\/jpeg"}],"author":"Secretaria General","twitter_card":"summary_large_image","twitter_creator":"@notiucat","twitter_site":"@notiucat","twitter_misc":{"Written by":"Secretaria General","Est. reading time":"2 minutos"},"schema":{"@context":"https:\/\/schema.org","@graph":[{"@type":"Organization","@id":"https:\/\/www.ucat.edu.ve\/web\/#organization","name":"Universidad Cat\u00f3lica Del T\u00e1chira UCAT","url":"https:\/\/www.ucat.edu.ve\/web\/","sameAs":["https:\/\/www.instagram.com\/notiucat\/","https:\/\/www.youtube.com\/channel\/UCwEbYSB1R9fzlII-8dcxuYA?view_as=subscriber","https:\/\/www.facebook.com\/notiucat\/","https:\/\/twitter.com\/notiucat"],"logo":{"@type":"ImageObject","inLanguage":"es-ES","@id":"https:\/\/www.ucat.edu.ve\/web\/#\/schema\/logo\/image\/","url":"https:\/\/www.ucat.edu.ve\/web\/wp-content\/uploads\/2015\/07\/logoucat.gif","contentUrl":"https:\/\/www.ucat.edu.ve\/web\/wp-content\/uploads\/2015\/07\/logoucat.gif","width":219,"height":155,"caption":"Universidad Cat\u00f3lica Del T\u00e1chira UCAT"},"image":{"@id":"https:\/\/www.ucat.edu.ve\/web\/#\/schema\/logo\/image\/"}},{"@type":"WebSite","@id":"https:\/\/www.ucat.edu.ve\/web\/#website","url":"https:\/\/www.ucat.edu.ve\/web\/","name":"Universidad Cat\u00f3lica del T\u00e1chira","description":"","publisher":{"@id":"https:\/\/www.ucat.edu.ve\/web\/#organization"},"potentialAction":[{"@type":"SearchAction","target":{"@type":"EntryPoint","urlTemplate":"https:\/\/www.ucat.edu.ve\/web\/?s={search_term_string}"},"query-input":"required name=search_term_string"}],"inLanguage":"es-ES"},{"@type":"ImageObject","inLanguage":"es-ES","@id":"https:\/\/www.ucat.edu.ve\/web\/autoridades-de-la-ucat-realizaron-encuentros-con-delegados-de-curso-del-ano-academico-2021-2022\/#primaryimage","url":"https:\/\/www.ucat.edu.ve\/web\/wp-content\/uploads\/2021\/11\/Noticia-UCAT_Autoridades-de-la-UCAT-realizaron-encuentros-con-delegados-de-curso-del-ano-academico-2021-2022.jpg","contentUrl":"https:\/\/www.ucat.edu.ve\/web\/wp-content\/uploads\/2021\/11\/Noticia-UCAT_Autoridades-de-la-UCAT-realizaron-encuentros-con-delegados-de-curso-del-ano-academico-2021-2022.jpg","width":1086,"height":671},{"@type":"WebPage","@id":"https:\/\/www.ucat.edu.ve\/web\/autoridades-de-la-ucat-realizaron-encuentros-con-delegados-de-curso-del-ano-academico-2021-2022\/#webpage","url":"https:\/\/www.ucat.edu.ve\/web\/autoridades-de-la-ucat-realizaron-encuentros-con-delegados-de-curso-del-ano-academico-2021-2022\/","name":"Autoridades de la UCAT realizaron encuentros con delegados de curso del a\u00f1o acad\u00e9mico 2021-2022 - Universidad Cat\u00f3lica del T\u00e1chira","isPartOf":{"@id":"https:\/\/www.ucat.edu.ve\/web\/#website"},"primaryImageOfPage":{"@id":"https:\/\/www.ucat.edu.ve\/web\/autoridades-de-la-ucat-realizaron-encuentros-con-delegados-de-curso-del-ano-academico-2021-2022\/#primaryimage"},"datePublished":"2021-11-10T18:39:30+00:00","dateModified":"2021-11-10T18:40:47+00:00","breadcrumb":{"@id":"https:\/\/www.ucat.edu.ve\/web\/autoridades-de-la-ucat-realizaron-encuentros-con-delegados-de-curso-del-ano-academico-2021-2022\/#breadcrumb"},"inLanguage":"es-ES","potentialAction":[{"@type":"ReadAction","target":["https:\/\/www.ucat.edu.ve\/web\/autoridades-de-la-ucat-realizaron-encuentros-con-delegados-de-curso-del-ano-academico-2021-2022\/"]}]},{"@type":"BreadcrumbList","@id":"https:\/\/www.ucat.edu.ve\/web\/autoridades-de-la-ucat-realizaron-encuentros-con-delegados-de-curso-del-ano-academico-2021-2022\/#breadcrumb","itemListElement":[{"@type":"ListItem","position":1,"name":"Home","item":"https:\/\/www.ucat.edu.ve\/web\/"},{"@type":"ListItem","position":2,"name":"Autoridades de la UCAT realizaron encuentros con delegados de curso del a\u00f1o acad\u00e9mico 2021-2022"}]},{"@type":"Article","@id":"https:\/\/www.ucat.edu.ve\/web\/autoridades-de-la-ucat-realizaron-encuentros-con-delegados-de-curso-del-ano-academico-2021-2022\/#article","isPartOf":{"@id":"https:\/\/www.ucat.edu.ve\/web\/autoridades-de-la-ucat-realizaron-encuentros-con-delegados-de-curso-del-ano-academico-2021-2022\/#webpage"},"author":{"name":"Secretaria General","@id":"https:\/\/www.ucat.edu.ve\/web\/#\/schema\/person\/e90fe655adf97bd5c1dbc608855d16cf"},"headline":"Autoridades de la UCAT realizaron encuentros con delegados de curso del a\u00f1o acad\u00e9mico 2021-2022","datePublished":"2021-11-10T18:39:30+00:00","dateModified":"2021-11-10T18:40:47+00:00","mainEntityOfPage":{"@id":"https:\/\/www.ucat.edu.ve\/web\/autoridades-de-la-ucat-realizaron-encuentros-con-delegados-de-curso-del-ano-academico-2021-2022\/#webpage"},"wordCount":304,"publisher":{"@id":"https:\/\/www.ucat.edu.ve\/web\/#organization"},"image":{"@id":"https:\/\/www.ucat.edu.ve\/web\/autoridades-de-la-ucat-realizaron-encuentros-con-delegados-de-curso-del-ano-academico-2021-2022\/#primaryimage"},"thumbnailUrl":"https:\/\/www.ucat.edu.ve\/web\/wp-content\/uploads\/2021\/11\/Noticia-UCAT_Autoridades-de-la-UCAT-realizaron-encuentros-con-delegados-de-curso-del-ano-academico-2021-2022.jpg","articleSection":["Noticias"],"inLanguage":"es-ES"},{"@type":"Person","@id":"https:\/\/www.ucat.edu.ve\/web\/#\/schema\/person\/e90fe655adf97bd5c1dbc608855d16cf","name":"Secretaria General","url":"https:\/\/www.ucat.edu.ve\/web\/author\/secgeucat\/"}]}},"_links":{"self":[{"href":"https:\/\/www.ucat.edu.ve\/web\/wp-json\/wp\/v2\/posts\/8226"}],"collection":[{"href":"https:\/\/www.ucat.edu.ve\/web\/wp-json\/wp\/v2\/posts"}],"about":[{"href":"https:\/\/www.ucat.edu.ve\/web\/wp-json\/wp\/v2\/types\/post"}],"author":[{"embeddable":true,"href":"https:\/\/www.ucat.edu.ve\/web\/wp-json\/wp\/v2\/users\/23"}],"replies":[{"embeddable":true,"href":"https:\/\/www.ucat.edu.ve\/web\/wp-json\/wp\/v2\/comments?post=8226"}],"version-history":[{"count":2,"href":"https:\/\/www.ucat.edu.ve\/web\/wp-json\/wp\/v2\/posts\/8226\/revisions"}],"predecessor-version":[{"id":8237,"href":"https:\/\/www.ucat.edu.ve\/web\/wp-json\/wp\/v2\/posts\/8226\/revisions\/8237"}],"wp:featuredmedia":[{"embeddable":true,"href":"https:\/\/www.ucat.edu.ve\/web\/wp-json\/wp\/v2\/media\/8227"}],"wp:attachment":[{"href":"https:\/\/www.ucat.edu.ve\/web\/wp-json\/wp\/v2\/media?parent=8226"}],"wp:term":[{"taxonomy":"category","embeddable":true,"href":"https:\/\/www.ucat.edu.ve\/web\/wp-json\/wp\/v2\/categories?post=8226"},{"taxonomy":"post_tag","embeddable":true,"href":"https:\/\/www.ucat.edu.ve\/web\/wp-json\/wp\/v2\/tags?post=8226"}],"curies":[{"name":"wp","href":"https:\/\/api.w.org\/{rel}","templated":true}]}}