 {"id":8245,"date":"2021-11-16T18:12:23","date_gmt":"2021-11-16T18:12:23","guid":{"rendered":"https:\/\/www.ucat.edu.ve\/web\/?p=8245"},"modified":"2021-11-16T18:14:06","modified_gmt":"2021-11-16T18:14:06","slug":"convocatoria-a-elecciones-de-representantes-profesorales-y-estudiantiles-ante-los-organos-de-cogobierno-universitario","status":"publish","type":"post","link":"https:\/\/www.ucat.edu.ve\/web\/convocatoria-a-elecciones-de-representantes-profesorales-y-estudiantiles-ante-los-organos-de-cogobierno-universitario\/","title":{"rendered":"Convocatoria a Elecciones de Representantes Profesorales y Estudiantiles ante los \u00d3rganos de Cogobierno Universitario"},"content":{"rendered":"<p style=\"text-align: center\"><img loading=\"lazy\" class=\"alignnone size-medium wp-image-8246\" src=\"https:\/\/www.ucat.edu.ve\/web\/wp-content\/uploads\/2021\/11\/Noticia-UCAT_ELECCIONES-DE-REPRESENTANTES-PROFESORALES-Y-ESTUDIANTILES-ANTE-LOS-ORGANOS-DE-COGOBIERNO-UNIVERSITARIO-521x322.jpg\" alt=\"\" width=\"521\" height=\"322\" srcset=\"https:\/\/www.ucat.edu.ve\/web\/wp-content\/uploads\/2021\/11\/Noticia-UCAT_ELECCIONES-DE-REPRESENTANTES-PROFESORALES-Y-ESTUDIANTILES-ANTE-LOS-ORGANOS-DE-COGOBIERNO-UNIVERSITARIO-521x322.jpg 521w, https:\/\/www.ucat.edu.ve\/web\/wp-content\/uploads\/2021\/11\/Noticia-UCAT_ELECCIONES-DE-REPRESENTANTES-PROFESORALES-Y-ESTUDIANTILES-ANTE-LOS-ORGANOS-DE-COGOBIERNO-UNIVERSITARIO-340x210.jpg 340w, https:\/\/www.ucat.edu.ve\/web\/wp-content\/uploads\/2021\/11\/Noticia-UCAT_ELECCIONES-DE-REPRESENTANTES-PROFESORALES-Y-ESTUDIANTILES-ANTE-LOS-ORGANOS-DE-COGOBIERNO-UNIVERSITARIO.jpg 1086w\" sizes=\"(max-width: 521px) 100vw, 521px\" \/><\/p>\n<p style=\"text-align: left\"><strong>N\u00daMERO: CE\/C\/001-2021-2022<\/strong><\/p>\n<p style=\"text-align: left\"><strong>ASUNTO:<\/strong> Convocatoria a Elecciones de Representantes Profesorales y Estudiantiles ante los \u00d3rganos de Cogobierno Universitario.<\/p>\n<p style=\"text-align: left\"><strong>FECHA:<\/strong>\u00a0 12 de noviembre de 2021<\/p>\n<p style=\"text-align: justify\">La Comisi\u00f3n Electoral de la Universidad Cat\u00f3lica del T\u00e1chira, en ejercicio de la atribuci\u00f3n contenida en el numeral 3 del art\u00edculo 12\u00b0 del Reglamento Electoral de la Universidad Cat\u00f3lica del T\u00e1chira, decidi\u00f3 en su sesi\u00f3n ordinaria del d\u00eda 12 de noviembre de 2021, CONVOCAR A ELECCIONES DE REPRESENTANTES PROFESORALES Y ESTUDIANTILES ANTE LOS \u00d3RGANOS DE COGOBIERNO UNIVERSITARIO, de acuerdo al siguiente cronograma:<\/p>\n<p style=\"text-align: justify\"><div class=\"su-table font-size: 5px; font-weight: bold; background-repeat: repeat-x; color:#000; font-family: Arial; text-align: left; su-table-alternate\">\n<table style=\"height: 276px\" border=\"0\" width=\"62\" align=\"left\">\n<tbody>\n<tr>\n<td width=\"50\">\n<p align=\"center\"><strong>N\u00b0<\/strong><\/p>\n<\/td>\n<td width=\"200\">\n<p align=\"center\"><strong>Actividad<\/strong><\/p>\n<\/td>\n<td width=\"50\">\n<p style=\"text-align: center\" align=\"center\"><strong>Fecha<\/strong><\/p>\n<\/td>\n<\/tr>\n<tr>\n<td width=\"10\">\n<p align=\"center\">1<\/p>\n<\/td>\n<td width=\"40\">\n<p align=\"center\">Designaci\u00f3n de las Sub-Comisiones Electorales<\/p>\n<\/td>\n<td width=\"10\">\n<p align=\"center\">15 de noviembre de 2021<\/p>\n<\/td>\n<\/tr>\n<tr>\n<td width=\"10\">\n<p align=\"center\">2<\/p>\n<\/td>\n<td width=\"40\">\n<p align=\"center\">Juramentaci\u00f3n de las Sub-Comisiones Electorales<\/p>\n<\/td>\n<td width=\"10\">\n<p align=\"center\">16 de noviembre de 2021<\/p>\n<\/td>\n<\/tr>\n<tr>\n<td style=\"text-align: center\" width=\"10\">3<\/td>\n<td width=\"40\">\n<p align=\"center\">Formaci\u00f3n y Revisi\u00f3n de los Registros Electorales<\/p>\n<\/td>\n<td width=\"10\">\n<p style=\"text-align: center\" align=\"center\">22 y 23 de noviembre de 2021<\/p>\n<\/td>\n<\/tr>\n<tr>\n<td width=\"10\">\n<p style=\"text-align: center\" align=\"center\">4<\/p>\n<\/td>\n<td width=\"40\">\n<p align=\"center\">Publicaci\u00f3n de los Registros Electorales<\/p>\n<\/td>\n<td style=\"text-align: center\" width=\"10\">24 de noviembre de 2021<\/td>\n<\/tr>\n<tr>\n<td width=\"10\">\n<p style=\"text-align: center\" align=\"center\">5<\/p>\n<\/td>\n<td width=\"40\">\n<p align=\"center\">Reclamaciones e impugnaciones de los Registros Electorales<\/p>\n<\/td>\n<td width=\"10\">\n<p style=\"text-align: center\" align=\"center\">25 y 26 de noviembre de 2021<\/p>\n<\/td>\n<\/tr>\n<tr>\n<td width=\"10\">\n<p style=\"text-align: center\" align=\"center\">6<\/p>\n<\/td>\n<td width=\"40\">\n<p align=\"center\">Postulaciones<\/p>\n<\/td>\n<td width=\"10\">\n<p style=\"text-align: center\" align=\"center\">29 y 30 de noviembre y 01 de diciembre de 2021<\/p>\n<\/td>\n<\/tr>\n<tr>\n<td width=\"10\">\n<p style=\"text-align: center\" align=\"center\">7<\/p>\n<\/td>\n<td width=\"40\">\n<p align=\"center\">Publicaci\u00f3n de las listas de candidatos<\/p>\n<\/td>\n<td width=\"10\">\n<p style=\"text-align: center\" align=\"center\">02 de diciembre de 2021<\/p>\n<\/td>\n<\/tr>\n<tr>\n<td width=\"10\">\n<p style=\"text-align: center\" align=\"center\">8<\/p>\n<\/td>\n<td width=\"40\">\n<p align=\"center\">Impugnaci\u00f3n de los candidatos<\/p>\n<\/td>\n<td width=\"10\">\n<p style=\"text-align: center\" align=\"center\">03 y 06 de diciembre de 2021<\/p>\n<\/td>\n<\/tr>\n<tr>\n<td width=\"10\">\n<p style=\"text-align: center\" align=\"center\">9<\/p>\n<\/td>\n<td width=\"40\">\n<p align=\"center\">Propaganda Electoral<\/p>\n<\/td>\n<td width=\"10\">\n<p style=\"text-align: center\" align=\"center\">07, 09, 10, 13 y 14 de diciembre de 2021<\/p>\n<\/td>\n<\/tr>\n<tr>\n<td width=\"10\">\n<p style=\"text-align: center\" align=\"center\">10<\/p>\n<\/td>\n<td width=\"40\">\n<p align=\"center\">Acto de Votaci\u00f3n, Escrutinio y Totalizaci\u00f3n<\/p>\n<\/td>\n<td width=\"10\">\n<p style=\"text-align: center\" align=\"center\">16 de diciembre de 2021<\/p>\n<\/td>\n<\/tr>\n<tr>\n<td width=\"10\">\n<p style=\"text-align: center\" align=\"center\">11<\/p>\n<\/td>\n<td width=\"40\">\n<p align=\"center\">Proclamaci\u00f3n<\/p>\n<\/td>\n<td width=\"10\">\n<p style=\"text-align: center\" align=\"center\">17 de diciembre de 2021<\/p>\n<\/td>\n<\/tr>\n<\/tbody>\n<\/table>\n<p style=\"text-align: justify\"><\/div><strong>\u00a0 \u00a0 \u00a0 \u00a0 \u00a0 \u00a0 \u00a0 \u00a0 \u00a0 \u00a0 \u00a0 \u00a0 \u00a0 \u00a0 \u00a0 \u00a0 \u00a0 \u00a0 \u00a0 \u00a0 \u00a0 \u00a0 \u00a0 \u00a0 \u00a0 \u00a0 \u00a0 \u00a0 \u00a0 \u00a0 \u00a0 \u00a0 \u00a0 \u00a0 \u00a0 \u00a0 \u00a0 \u00a0 \u00a0 \u00a0 \u00a0 \u00a0 \u00a0 \u00a0 \u00a0 \u00a0 \u00a0 \u00a0 \u00a0 \u00a0 \u00a0 \u00a0 \u00a0 \u00a0 \u00a0 \u00a0 \u00a0 \u00a0 \u00a0 \u00a0 \u00a0 \u00a0 \u00a0 \u00a0\u00a0<\/strong><\/p>\n<h3 style=\"text-align: center\"><a href=\"https:\/\/www.ucat.edu.ve\/web\/wp-content\/uploads\/2021\/11\/Convocatoria-a-Elecciones-CE.pdf\" target=\"_blank\" rel=\"noopener\"><strong>Descargar Convocatoria a Elecciones\u00a0<\/strong><\/a><\/h3>\n","protected":false},"excerpt":{"rendered":"<p>N\u00daMERO: CE\/C\/001-2021-2022 ASUNTO: Convocatoria a Elecciones de Representantes Profesorales y Estudiantiles ante los \u00d3rganos de Cogobierno Universitario. FECHA:\u00a0 12 de noviembre de 2021 La Comisi\u00f3n Electoral de la Universidad Cat\u00f3lica del T\u00e1chira, en ejercicio de la atribuci\u00f3n contenida en el numeral 3 del art\u00edculo 12\u00b0 del Reglamento Electoral de la Universidad Cat\u00f3lica del T\u00e1chira, decidi\u00f3<\/p>\n","protected":false},"author":23,"featured_media":8246,"comment_status":"closed","ping_status":"closed","sticky":false,"template":"","format":"standard","meta":[],"categories":[3],"tags":[],"yoast_head":"<!-- This site is optimized with the Yoast SEO plugin v19.2 - https:\/\/yoast.com\/wordpress\/plugins\/seo\/ -->\n<title>Convocatoria a Elecciones de Representantes Profesorales y Estudiantiles ante los \u00d3rganos de Cogobierno Universitario - Universidad Cat\u00f3lica del T\u00e1chira<\/title>\n<meta name=\"robots\" content=\"index, follow, max-snippet:-1, max-image-preview:large, max-video-preview:-1\" \/>\n<link rel=\"canonical\" href=\"https:\/\/www.ucat.edu.ve\/web\/convocatoria-a-elecciones-de-representantes-profesorales-y-estudiantiles-ante-los-organos-de-cogobierno-universitario\/\" \/>\n<meta property=\"og:locale\" content=\"es_ES\" \/>\n<meta property=\"og:type\" content=\"article\" \/>\n<meta property=\"og:title\" content=\"Convocatoria a Elecciones de Representantes Profesorales y Estudiantiles ante los \u00d3rganos de Cogobierno Universitario - Universidad Cat\u00f3lica del T\u00e1chira\" \/>\n<meta property=\"og:description\" content=\"N\u00daMERO: CE\/C\/001-2021-2022 ASUNTO: Convocatoria a Elecciones de Representantes Profesorales y Estudiantiles ante los \u00d3rganos de Cogobierno Universitario. FECHA:\u00a0 12 de noviembre de 2021 La Comisi\u00f3n Electoral de la Universidad Cat\u00f3lica del T\u00e1chira, en ejercicio de la atribuci\u00f3n contenida en el numeral 3 del art\u00edculo 12\u00b0 del Reglamento Electoral de la Universidad Cat\u00f3lica del T\u00e1chira, decidi\u00f3\" \/>\n<meta property=\"og:url\" content=\"https:\/\/www.ucat.edu.ve\/web\/convocatoria-a-elecciones-de-representantes-profesorales-y-estudiantiles-ante-los-organos-de-cogobierno-universitario\/\" \/>\n<meta property=\"og:site_name\" content=\"Universidad Cat\u00f3lica del T\u00e1chira\" \/>\n<meta property=\"article:publisher\" content=\"https:\/\/www.facebook.com\/notiucat\/\" \/>\n<meta property=\"article:published_time\" content=\"2021-11-16T18:12:23+00:00\" \/>\n<meta property=\"article:modified_time\" content=\"2021-11-16T18:14:06+00:00\" \/>\n<meta property=\"og:image\" content=\"https:\/\/www.ucat.edu.ve\/web\/wp-content\/uploads\/2021\/11\/Noticia-UCAT_ELECCIONES-DE-REPRESENTANTES-PROFESORALES-Y-ESTUDIANTILES-ANTE-LOS-ORGANOS-DE-COGOBIERNO-UNIVERSITARIO.jpg\" \/>\n\t<meta property=\"og:image:width\" content=\"1086\" \/>\n\t<meta property=\"og:image:height\" content=\"671\" \/>\n\t<meta property=\"og:image:type\" content=\"image\/jpeg\" \/>\n<meta name=\"author\" content=\"Secretaria General\" \/>\n<meta name=\"twitter:card\" content=\"summary_large_image\" \/>\n<meta name=\"twitter:creator\" content=\"@notiucat\" \/>\n<meta name=\"twitter:site\" content=\"@notiucat\" \/>\n<meta name=\"twitter:label1\" content=\"Written by\" \/>\n\t<meta name=\"twitter:data1\" content=\"Secretaria General\" \/>\n\t<meta name=\"twitter:label2\" content=\"Est. reading time\" \/>\n\t<meta name=\"twitter:data2\" content=\"2 minutos\" \/>\n<script type=\"application\/ld+json\" class=\"yoast-schema-graph\">{\"@context\":\"https:\/\/schema.org\",\"@graph\":[{\"@type\":\"Organization\",\"@id\":\"https:\/\/www.ucat.edu.ve\/web\/#organization\",\"name\":\"Universidad Cat\u00f3lica Del T\u00e1chira UCAT\",\"url\":\"https:\/\/www.ucat.edu.ve\/web\/\",\"sameAs\":[\"https:\/\/www.instagram.com\/notiucat\/\",\"https:\/\/www.youtube.com\/channel\/UCwEbYSB1R9fzlII-8dcxuYA?view_as=subscriber\",\"https:\/\/www.facebook.com\/notiucat\/\",\"https:\/\/twitter.com\/notiucat\"],\"logo\":{\"@type\":\"ImageObject\",\"inLanguage\":\"es-ES\",\"@id\":\"https:\/\/www.ucat.edu.ve\/web\/#\/schema\/logo\/image\/\",\"url\":\"https:\/\/www.ucat.edu.ve\/web\/wp-content\/uploads\/2015\/07\/logoucat.gif\",\"contentUrl\":\"https:\/\/www.ucat.edu.ve\/web\/wp-content\/uploads\/2015\/07\/logoucat.gif\",\"width\":219,\"height\":155,\"caption\":\"Universidad Cat\u00f3lica Del T\u00e1chira UCAT\"},\"image\":{\"@id\":\"https:\/\/www.ucat.edu.ve\/web\/#\/schema\/logo\/image\/\"}},{\"@type\":\"WebSite\",\"@id\":\"https:\/\/www.ucat.edu.ve\/web\/#website\",\"url\":\"https:\/\/www.ucat.edu.ve\/web\/\",\"name\":\"Universidad Cat\u00f3lica del T\u00e1chira\",\"description\":\"\",\"publisher\":{\"@id\":\"https:\/\/www.ucat.edu.ve\/web\/#organization\"},\"potentialAction\":[{\"@type\":\"SearchAction\",\"target\":{\"@type\":\"EntryPoint\",\"urlTemplate\":\"https:\/\/www.ucat.edu.ve\/web\/?s={search_term_string}\"},\"query-input\":\"required name=search_term_string\"}],\"inLanguage\":\"es-ES\"},{\"@type\":\"ImageObject\",\"inLanguage\":\"es-ES\",\"@id\":\"https:\/\/www.ucat.edu.ve\/web\/convocatoria-a-elecciones-de-representantes-profesorales-y-estudiantiles-ante-los-organos-de-cogobierno-universitario\/#primaryimage\",\"url\":\"https:\/\/www.ucat.edu.ve\/web\/wp-content\/uploads\/2021\/11\/Noticia-UCAT_ELECCIONES-DE-REPRESENTANTES-PROFESORALES-Y-ESTUDIANTILES-ANTE-LOS-ORGANOS-DE-COGOBIERNO-UNIVERSITARIO.jpg\",\"contentUrl\":\"https:\/\/www.ucat.edu.ve\/web\/wp-content\/uploads\/2021\/11\/Noticia-UCAT_ELECCIONES-DE-REPRESENTANTES-PROFESORALES-Y-ESTUDIANTILES-ANTE-LOS-ORGANOS-DE-COGOBIERNO-UNIVERSITARIO.jpg\",\"width\":1086,\"height\":671},{\"@type\":\"WebPage\",\"@id\":\"https:\/\/www.ucat.edu.ve\/web\/convocatoria-a-elecciones-de-representantes-profesorales-y-estudiantiles-ante-los-organos-de-cogobierno-universitario\/#webpage\",\"url\":\"https:\/\/www.ucat.edu.ve\/web\/convocatoria-a-elecciones-de-representantes-profesorales-y-estudiantiles-ante-los-organos-de-cogobierno-universitario\/\",\"name\":\"Convocatoria a Elecciones de Representantes Profesorales y Estudiantiles ante los \u00d3rganos de Cogobierno Universitario - Universidad Cat\u00f3lica del T\u00e1chira\",\"isPartOf\":{\"@id\":\"https:\/\/www.ucat.edu.ve\/web\/#website\"},\"primaryImageOfPage\":{\"@id\":\"https:\/\/www.ucat.edu.ve\/web\/convocatoria-a-elecciones-de-representantes-profesorales-y-estudiantiles-ante-los-organos-de-cogobierno-universitario\/#primaryimage\"},\"datePublished\":\"2021-11-16T18:12:23+00:00\",\"dateModified\":\"2021-11-16T18:14:06+00:00\",\"breadcrumb\":{\"@id\":\"https:\/\/www.ucat.edu.ve\/web\/convocatoria-a-elecciones-de-representantes-profesorales-y-estudiantiles-ante-los-organos-de-cogobierno-universitario\/#breadcrumb\"},\"inLanguage\":\"es-ES\",\"potentialAction\":[{\"@type\":\"ReadAction\",\"target\":[\"https:\/\/www.ucat.edu.ve\/web\/convocatoria-a-elecciones-de-representantes-profesorales-y-estudiantiles-ante-los-organos-de-cogobierno-universitario\/\"]}]},{\"@type\":\"BreadcrumbList\",\"@id\":\"https:\/\/www.ucat.edu.ve\/web\/convocatoria-a-elecciones-de-representantes-profesorales-y-estudiantiles-ante-los-organos-de-cogobierno-universitario\/#breadcrumb\",\"itemListElement\":[{\"@type\":\"ListItem\",\"position\":1,\"name\":\"Home\",\"item\":\"https:\/\/www.ucat.edu.ve\/web\/\"},{\"@type\":\"ListItem\",\"position\":2,\"name\":\"Convocatoria a Elecciones de Representantes Profesorales y Estudiantiles ante los \u00d3rganos de Cogobierno Universitario\"}]},{\"@type\":\"Article\",\"@id\":\"https:\/\/www.ucat.edu.ve\/web\/convocatoria-a-elecciones-de-representantes-profesorales-y-estudiantiles-ante-los-organos-de-cogobierno-universitario\/#article\",\"isPartOf\":{\"@id\":\"https:\/\/www.ucat.edu.ve\/web\/convocatoria-a-elecciones-de-representantes-profesorales-y-estudiantiles-ante-los-organos-de-cogobierno-universitario\/#webpage\"},\"author\":{\"name\":\"Secretaria General\",\"@id\":\"https:\/\/www.ucat.edu.ve\/web\/#\/schema\/person\/e90fe655adf97bd5c1dbc608855d16cf\"},\"headline\":\"Convocatoria a Elecciones de Representantes Profesorales y Estudiantiles ante los \u00d3rganos de Cogobierno Universitario\",\"datePublished\":\"2021-11-16T18:12:23+00:00\",\"dateModified\":\"2021-11-16T18:14:06+00:00\",\"mainEntityOfPage\":{\"@id\":\"https:\/\/www.ucat.edu.ve\/web\/convocatoria-a-elecciones-de-representantes-profesorales-y-estudiantiles-ante-los-organos-de-cogobierno-universitario\/#webpage\"},\"wordCount\":229,\"publisher\":{\"@id\":\"https:\/\/www.ucat.edu.ve\/web\/#organization\"},\"image\":{\"@id\":\"https:\/\/www.ucat.edu.ve\/web\/convocatoria-a-elecciones-de-representantes-profesorales-y-estudiantiles-ante-los-organos-de-cogobierno-universitario\/#primaryimage\"},\"thumbnailUrl\":\"https:\/\/www.ucat.edu.ve\/web\/wp-content\/uploads\/2021\/11\/Noticia-UCAT_ELECCIONES-DE-REPRESENTANTES-PROFESORALES-Y-ESTUDIANTILES-ANTE-LOS-ORGANOS-DE-COGOBIERNO-UNIVERSITARIO.jpg\",\"articleSection\":[\"Noticias\"],\"inLanguage\":\"es-ES\"},{\"@type\":\"Person\",\"@id\":\"https:\/\/www.ucat.edu.ve\/web\/#\/schema\/person\/e90fe655adf97bd5c1dbc608855d16cf\",\"name\":\"Secretaria General\",\"url\":\"https:\/\/www.ucat.edu.ve\/web\/author\/secgeucat\/\"}]}<\/script>\n<!-- \/ Yoast SEO plugin. -->","yoast_head_json":{"title":"Convocatoria a Elecciones de Representantes Profesorales y Estudiantiles ante los \u00d3rganos de Cogobierno Universitario - Universidad Cat\u00f3lica del T\u00e1chira","robots":{"index":"index","follow":"follow","max-snippet":"max-snippet:-1","max-image-preview":"max-image-preview:large","max-video-preview":"max-video-preview:-1"},"canonical":"https:\/\/www.ucat.edu.ve\/web\/convocatoria-a-elecciones-de-representantes-profesorales-y-estudiantiles-ante-los-organos-de-cogobierno-universitario\/","og_locale":"es_ES","og_type":"article","og_title":"Convocatoria a Elecciones de Representantes Profesorales y Estudiantiles ante los \u00d3rganos de Cogobierno Universitario - Universidad Cat\u00f3lica del T\u00e1chira","og_description":"N\u00daMERO: CE\/C\/001-2021-2022 ASUNTO: Convocatoria a Elecciones de Representantes Profesorales y Estudiantiles ante los \u00d3rganos de Cogobierno Universitario. FECHA:\u00a0 12 de noviembre de 2021 La Comisi\u00f3n Electoral de la Universidad Cat\u00f3lica del T\u00e1chira, en ejercicio de la atribuci\u00f3n contenida en el numeral 3 del art\u00edculo 12\u00b0 del Reglamento Electoral de la Universidad Cat\u00f3lica del T\u00e1chira, decidi\u00f3","og_url":"https:\/\/www.ucat.edu.ve\/web\/convocatoria-a-elecciones-de-representantes-profesorales-y-estudiantiles-ante-los-organos-de-cogobierno-universitario\/","og_site_name":"Universidad Cat\u00f3lica del T\u00e1chira","article_publisher":"https:\/\/www.facebook.com\/notiucat\/","article_published_time":"2021-11-16T18:12:23+00:00","article_modified_time":"2021-11-16T18:14:06+00:00","og_image":[{"width":1086,"height":671,"url":"https:\/\/www.ucat.edu.ve\/web\/wp-content\/uploads\/2021\/11\/Noticia-UCAT_ELECCIONES-DE-REPRESENTANTES-PROFESORALES-Y-ESTUDIANTILES-ANTE-LOS-ORGANOS-DE-COGOBIERNO-UNIVERSITARIO.jpg","type":"image\/jpeg"}],"author":"Secretaria General","twitter_card":"summary_large_image","twitter_creator":"@notiucat","twitter_site":"@notiucat","twitter_misc":{"Written by":"Secretaria General","Est. reading time":"2 minutos"},"schema":{"@context":"https:\/\/schema.org","@graph":[{"@type":"Organization","@id":"https:\/\/www.ucat.edu.ve\/web\/#organization","name":"Universidad Cat\u00f3lica Del T\u00e1chira UCAT","url":"https:\/\/www.ucat.edu.ve\/web\/","sameAs":["https:\/\/www.instagram.com\/notiucat\/","https:\/\/www.youtube.com\/channel\/UCwEbYSB1R9fzlII-8dcxuYA?view_as=subscriber","https:\/\/www.facebook.com\/notiucat\/","https:\/\/twitter.com\/notiucat"],"logo":{"@type":"ImageObject","inLanguage":"es-ES","@id":"https:\/\/www.ucat.edu.ve\/web\/#\/schema\/logo\/image\/","url":"https:\/\/www.ucat.edu.ve\/web\/wp-content\/uploads\/2015\/07\/logoucat.gif","contentUrl":"https:\/\/www.ucat.edu.ve\/web\/wp-content\/uploads\/2015\/07\/logoucat.gif","width":219,"height":155,"caption":"Universidad Cat\u00f3lica Del T\u00e1chira UCAT"},"image":{"@id":"https:\/\/www.ucat.edu.ve\/web\/#\/schema\/logo\/image\/"}},{"@type":"WebSite","@id":"https:\/\/www.ucat.edu.ve\/web\/#website","url":"https:\/\/www.ucat.edu.ve\/web\/","name":"Universidad Cat\u00f3lica del T\u00e1chira","description":"","publisher":{"@id":"https:\/\/www.ucat.edu.ve\/web\/#organization"},"potentialAction":[{"@type":"SearchAction","target":{"@type":"EntryPoint","urlTemplate":"https:\/\/www.ucat.edu.ve\/web\/?s={search_term_string}"},"query-input":"required name=search_term_string"}],"inLanguage":"es-ES"},{"@type":"ImageObject","inLanguage":"es-ES","@id":"https:\/\/www.ucat.edu.ve\/web\/convocatoria-a-elecciones-de-representantes-profesorales-y-estudiantiles-ante-los-organos-de-cogobierno-universitario\/#primaryimage","url":"https:\/\/www.ucat.edu.ve\/web\/wp-content\/uploads\/2021\/11\/Noticia-UCAT_ELECCIONES-DE-REPRESENTANTES-PROFESORALES-Y-ESTUDIANTILES-ANTE-LOS-ORGANOS-DE-COGOBIERNO-UNIVERSITARIO.jpg","contentUrl":"https:\/\/www.ucat.edu.ve\/web\/wp-content\/uploads\/2021\/11\/Noticia-UCAT_ELECCIONES-DE-REPRESENTANTES-PROFESORALES-Y-ESTUDIANTILES-ANTE-LOS-ORGANOS-DE-COGOBIERNO-UNIVERSITARIO.jpg","width":1086,"height":671},{"@type":"WebPage","@id":"https:\/\/www.ucat.edu.ve\/web\/convocatoria-a-elecciones-de-representantes-profesorales-y-estudiantiles-ante-los-organos-de-cogobierno-universitario\/#webpage","url":"https:\/\/www.ucat.edu.ve\/web\/convocatoria-a-elecciones-de-representantes-profesorales-y-estudiantiles-ante-los-organos-de-cogobierno-universitario\/","name":"Convocatoria a Elecciones de Representantes Profesorales y Estudiantiles ante los \u00d3rganos de Cogobierno Universitario - Universidad Cat\u00f3lica del T\u00e1chira","isPartOf":{"@id":"https:\/\/www.ucat.edu.ve\/web\/#website"},"primaryImageOfPage":{"@id":"https:\/\/www.ucat.edu.ve\/web\/convocatoria-a-elecciones-de-representantes-profesorales-y-estudiantiles-ante-los-organos-de-cogobierno-universitario\/#primaryimage"},"datePublished":"2021-11-16T18:12:23+00:00","dateModified":"2021-11-16T18:14:06+00:00","breadcrumb":{"@id":"https:\/\/www.ucat.edu.ve\/web\/convocatoria-a-elecciones-de-representantes-profesorales-y-estudiantiles-ante-los-organos-de-cogobierno-universitario\/#breadcrumb"},"inLanguage":"es-ES","potentialAction":[{"@type":"ReadAction","target":["https:\/\/www.ucat.edu.ve\/web\/convocatoria-a-elecciones-de-representantes-profesorales-y-estudiantiles-ante-los-organos-de-cogobierno-universitario\/"]}]},{"@type":"BreadcrumbList","@id":"https:\/\/www.ucat.edu.ve\/web\/convocatoria-a-elecciones-de-representantes-profesorales-y-estudiantiles-ante-los-organos-de-cogobierno-universitario\/#breadcrumb","itemListElement":[{"@type":"ListItem","position":1,"name":"Home","item":"https:\/\/www.ucat.edu.ve\/web\/"},{"@type":"ListItem","position":2,"name":"Convocatoria a Elecciones de Representantes Profesorales y Estudiantiles ante los \u00d3rganos de Cogobierno Universitario"}]},{"@type":"Article","@id":"https:\/\/www.ucat.edu.ve\/web\/convocatoria-a-elecciones-de-representantes-profesorales-y-estudiantiles-ante-los-organos-de-cogobierno-universitario\/#article","isPartOf":{"@id":"https:\/\/www.ucat.edu.ve\/web\/convocatoria-a-elecciones-de-representantes-profesorales-y-estudiantiles-ante-los-organos-de-cogobierno-universitario\/#webpage"},"author":{"name":"Secretaria General","@id":"https:\/\/www.ucat.edu.ve\/web\/#\/schema\/person\/e90fe655adf97bd5c1dbc608855d16cf"},"headline":"Convocatoria a Elecciones de Representantes Profesorales y Estudiantiles ante los \u00d3rganos de Cogobierno Universitario","datePublished":"2021-11-16T18:12:23+00:00","dateModified":"2021-11-16T18:14:06+00:00","mainEntityOfPage":{"@id":"https:\/\/www.ucat.edu.ve\/web\/convocatoria-a-elecciones-de-representantes-profesorales-y-estudiantiles-ante-los-organos-de-cogobierno-universitario\/#webpage"},"wordCount":229,"publisher":{"@id":"https:\/\/www.ucat.edu.ve\/web\/#organization"},"image":{"@id":"https:\/\/www.ucat.edu.ve\/web\/convocatoria-a-elecciones-de-representantes-profesorales-y-estudiantiles-ante-los-organos-de-cogobierno-universitario\/#primaryimage"},"thumbnailUrl":"https:\/\/www.ucat.edu.ve\/web\/wp-content\/uploads\/2021\/11\/Noticia-UCAT_ELECCIONES-DE-REPRESENTANTES-PROFESORALES-Y-ESTUDIANTILES-ANTE-LOS-ORGANOS-DE-COGOBIERNO-UNIVERSITARIO.jpg","articleSection":["Noticias"],"inLanguage":"es-ES"},{"@type":"Person","@id":"https:\/\/www.ucat.edu.ve\/web\/#\/schema\/person\/e90fe655adf97bd5c1dbc608855d16cf","name":"Secretaria General","url":"https:\/\/www.ucat.edu.ve\/web\/author\/secgeucat\/"}]}},"_links":{"self":[{"href":"https:\/\/www.ucat.edu.ve\/web\/wp-json\/wp\/v2\/posts\/8245"}],"collection":[{"href":"https:\/\/www.ucat.edu.ve\/web\/wp-json\/wp\/v2\/posts"}],"about":[{"href":"https:\/\/www.ucat.edu.ve\/web\/wp-json\/wp\/v2\/types\/post"}],"author":[{"embeddable":true,"href":"https:\/\/www.ucat.edu.ve\/web\/wp-json\/wp\/v2\/users\/23"}],"replies":[{"embeddable":true,"href":"https:\/\/www.ucat.edu.ve\/web\/wp-json\/wp\/v2\/comments?post=8245"}],"version-history":[{"count":3,"href":"https:\/\/www.ucat.edu.ve\/web\/wp-json\/wp\/v2\/posts\/8245\/revisions"}],"predecessor-version":[{"id":8315,"href":"https:\/\/www.ucat.edu.ve\/web\/wp-json\/wp\/v2\/posts\/8245\/revisions\/8315"}],"wp:featuredmedia":[{"embeddable":true,"href":"https:\/\/www.ucat.edu.ve\/web\/wp-json\/wp\/v2\/media\/8246"}],"wp:attachment":[{"href":"https:\/\/www.ucat.edu.ve\/web\/wp-json\/wp\/v2\/media?parent=8245"}],"wp:term":[{"taxonomy":"category","embeddable":true,"href":"https:\/\/www.ucat.edu.ve\/web\/wp-json\/wp\/v2\/categories?post=8245"},{"taxonomy":"post_tag","embeddable":true,"href":"https:\/\/www.ucat.edu.ve\/web\/wp-json\/wp\/v2\/tags?post=8245"}],"curies":[{"name":"wp","href":"https:\/\/api.w.org\/{rel}","templated":true}]}}