 {"id":8337,"date":"2021-11-30T13:21:29","date_gmt":"2021-11-30T13:21:29","guid":{"rendered":"https:\/\/www.ucat.edu.ve\/web\/?p=8337"},"modified":"2021-11-30T13:37:48","modified_gmt":"2021-11-30T13:37:48","slug":"nota-de-duelo-sr-mauricio-antonio-daza-bueno","status":"publish","type":"post","link":"https:\/\/www.ucat.edu.ve\/web\/nota-de-duelo-sr-mauricio-antonio-daza-bueno\/","title":{"rendered":"Nota de Duelo &#8211; Sr. Mauricio Antonio Daza Bueno"},"content":{"rendered":"<p style=\"text-align: center\"><img loading=\"lazy\" class=\"alignnone size-medium wp-image-8338\" src=\"https:\/\/www.ucat.edu.ve\/web\/wp-content\/uploads\/2021\/11\/Banner_Notis_NOTA_DUELO_Sr.-Mauricio-Antonio-Daza-Bueno-521x289.jpg\" alt=\"\" width=\"521\" height=\"289\" srcset=\"https:\/\/www.ucat.edu.ve\/web\/wp-content\/uploads\/2021\/11\/Banner_Notis_NOTA_DUELO_Sr.-Mauricio-Antonio-Daza-Bueno-521x289.jpg 521w, https:\/\/www.ucat.edu.ve\/web\/wp-content\/uploads\/2021\/11\/Banner_Notis_NOTA_DUELO_Sr.-Mauricio-Antonio-Daza-Bueno.jpg 953w\" sizes=\"(max-width: 521px) 100vw, 521px\" \/><\/p>\n<p style=\"font-weight: 400;text-align: center\">Las Autoridades y dem\u00e1s miembros de la Comunidad de la Universidad Cat\u00f3lica del T\u00e1chira, lamentan profundamente el fallecimiento del:<\/p>\n<h3 style=\"font-weight: 400;text-align: center\"><strong>Sr. Mauricio Antonio Daza Bueno<\/strong><\/h3>\n<p style=\"font-weight: 400;text-align: center\">Padre de la Profesora Liliana Daza Arango, Profesora adscrita a la Coordinaci\u00f3n de Educaci\u00f3n Virtual de esta Universidad.<\/p>\n<p style=\"font-weight: 400;text-align: justify\">Hecho luctuoso acaecido el d\u00eda de ayer, en esta ciudad. En estos momentos de dolor, hacemos llegar a toda la familia Daza Arango, nuestras palabras de esperanza cristiana en la Resurrecci\u00f3n final con las palabras que la Iglesia, desde sus or\u00edgenes, ha recordado en el canto de las letan\u00edas \u201cQuien cree en Ti Se\u00f1or, no morir\u00e1 para siempre\/Yo s\u00e9 que mi Redentor vive y el \u00faltimo d\u00eda resucitar\u00e9 de la tierra\u201d.<\/p>\n<p style=\"font-weight: 400\">Velaci\u00f3n y oficios religiosos: Capillas velatorias El \u00c1ngel, Funeraria San Sebasti\u00e1n. San Crist\u00f3bal; 30 de noviembre de 2021 Hora: 09:30 a.m.<\/p>\n<p style=\"font-weight: 400\">Cremaci\u00f3n: Jard\u00edn Metropolitano El Mirador &#8211; San Crist\u00f3bal.<\/p>\n<p style=\"font-weight: 400;text-align: center\">San Crist\u00f3bal, 30 de noviembre de 2021<\/p>\n","protected":false},"excerpt":{"rendered":"<p>Las Autoridades y dem\u00e1s miembros de la Comunidad de la Universidad Cat\u00f3lica del T\u00e1chira, lamentan profundamente el fallecimiento del: Sr. Mauricio Antonio Daza Bueno Padre de la Profesora Liliana Daza Arango, Profesora adscrita a la Coordinaci\u00f3n de Educaci\u00f3n Virtual de esta Universidad. Hecho luctuoso acaecido el d\u00eda de ayer, en esta ciudad. En estos momentos<\/p>\n","protected":false},"author":23,"featured_media":8338,"comment_status":"closed","ping_status":"closed","sticky":false,"template":"","format":"standard","meta":[],"categories":[3],"tags":[],"yoast_head":"<!-- This site is optimized with the Yoast SEO plugin v19.2 - https:\/\/yoast.com\/wordpress\/plugins\/seo\/ -->\n<title>Nota de Duelo - Sr. Mauricio Antonio Daza Bueno - Universidad Cat\u00f3lica del T\u00e1chira<\/title>\n<meta name=\"robots\" content=\"index, follow, max-snippet:-1, max-image-preview:large, max-video-preview:-1\" \/>\n<link rel=\"canonical\" href=\"https:\/\/www.ucat.edu.ve\/web\/nota-de-duelo-sr-mauricio-antonio-daza-bueno\/\" \/>\n<meta property=\"og:locale\" content=\"es_ES\" \/>\n<meta property=\"og:type\" content=\"article\" \/>\n<meta property=\"og:title\" content=\"Nota de Duelo - Sr. Mauricio Antonio Daza Bueno - Universidad Cat\u00f3lica del T\u00e1chira\" \/>\n<meta property=\"og:description\" content=\"Las Autoridades y dem\u00e1s miembros de la Comunidad de la Universidad Cat\u00f3lica del T\u00e1chira, lamentan profundamente el fallecimiento del: Sr. Mauricio Antonio Daza Bueno Padre de la Profesora Liliana Daza Arango, Profesora adscrita a la Coordinaci\u00f3n de Educaci\u00f3n Virtual de esta Universidad. Hecho luctuoso acaecido el d\u00eda de ayer, en esta ciudad. En estos momentos\" \/>\n<meta property=\"og:url\" content=\"https:\/\/www.ucat.edu.ve\/web\/nota-de-duelo-sr-mauricio-antonio-daza-bueno\/\" \/>\n<meta property=\"og:site_name\" content=\"Universidad Cat\u00f3lica del T\u00e1chira\" \/>\n<meta property=\"article:publisher\" content=\"https:\/\/www.facebook.com\/notiucat\/\" \/>\n<meta property=\"article:published_time\" content=\"2021-11-30T13:21:29+00:00\" \/>\n<meta property=\"article:modified_time\" content=\"2021-11-30T13:37:48+00:00\" \/>\n<meta property=\"og:image\" content=\"https:\/\/www.ucat.edu.ve\/web\/wp-content\/uploads\/2021\/11\/Banner_Notis_NOTA_DUELO_Sr.-Mauricio-Antonio-Daza-Bueno.jpg\" \/>\n\t<meta property=\"og:image:width\" content=\"953\" \/>\n\t<meta property=\"og:image:height\" content=\"529\" \/>\n\t<meta property=\"og:image:type\" content=\"image\/jpeg\" \/>\n<meta name=\"author\" content=\"Secretaria General\" \/>\n<meta name=\"twitter:card\" content=\"summary_large_image\" \/>\n<meta name=\"twitter:creator\" content=\"@notiucat\" \/>\n<meta name=\"twitter:site\" content=\"@notiucat\" \/>\n<meta name=\"twitter:label1\" content=\"Written by\" \/>\n\t<meta name=\"twitter:data1\" content=\"Secretaria General\" \/>\n\t<meta name=\"twitter:label2\" content=\"Est. reading time\" \/>\n\t<meta name=\"twitter:data2\" content=\"1 minuto\" \/>\n<script type=\"application\/ld+json\" class=\"yoast-schema-graph\">{\"@context\":\"https:\/\/schema.org\",\"@graph\":[{\"@type\":\"Organization\",\"@id\":\"https:\/\/www.ucat.edu.ve\/web\/#organization\",\"name\":\"Universidad Cat\u00f3lica Del T\u00e1chira UCAT\",\"url\":\"https:\/\/www.ucat.edu.ve\/web\/\",\"sameAs\":[\"https:\/\/www.instagram.com\/notiucat\/\",\"https:\/\/www.youtube.com\/channel\/UCwEbYSB1R9fzlII-8dcxuYA?view_as=subscriber\",\"https:\/\/www.facebook.com\/notiucat\/\",\"https:\/\/twitter.com\/notiucat\"],\"logo\":{\"@type\":\"ImageObject\",\"inLanguage\":\"es-ES\",\"@id\":\"https:\/\/www.ucat.edu.ve\/web\/#\/schema\/logo\/image\/\",\"url\":\"https:\/\/www.ucat.edu.ve\/web\/wp-content\/uploads\/2015\/07\/logoucat.gif\",\"contentUrl\":\"https:\/\/www.ucat.edu.ve\/web\/wp-content\/uploads\/2015\/07\/logoucat.gif\",\"width\":219,\"height\":155,\"caption\":\"Universidad Cat\u00f3lica Del T\u00e1chira UCAT\"},\"image\":{\"@id\":\"https:\/\/www.ucat.edu.ve\/web\/#\/schema\/logo\/image\/\"}},{\"@type\":\"WebSite\",\"@id\":\"https:\/\/www.ucat.edu.ve\/web\/#website\",\"url\":\"https:\/\/www.ucat.edu.ve\/web\/\",\"name\":\"Universidad Cat\u00f3lica del T\u00e1chira\",\"description\":\"\",\"publisher\":{\"@id\":\"https:\/\/www.ucat.edu.ve\/web\/#organization\"},\"potentialAction\":[{\"@type\":\"SearchAction\",\"target\":{\"@type\":\"EntryPoint\",\"urlTemplate\":\"https:\/\/www.ucat.edu.ve\/web\/?s={search_term_string}\"},\"query-input\":\"required name=search_term_string\"}],\"inLanguage\":\"es-ES\"},{\"@type\":\"ImageObject\",\"inLanguage\":\"es-ES\",\"@id\":\"https:\/\/www.ucat.edu.ve\/web\/nota-de-duelo-sr-mauricio-antonio-daza-bueno\/#primaryimage\",\"url\":\"https:\/\/www.ucat.edu.ve\/web\/wp-content\/uploads\/2021\/11\/Banner_Notis_NOTA_DUELO_Sr.-Mauricio-Antonio-Daza-Bueno.jpg\",\"contentUrl\":\"https:\/\/www.ucat.edu.ve\/web\/wp-content\/uploads\/2021\/11\/Banner_Notis_NOTA_DUELO_Sr.-Mauricio-Antonio-Daza-Bueno.jpg\",\"width\":953,\"height\":529},{\"@type\":\"WebPage\",\"@id\":\"https:\/\/www.ucat.edu.ve\/web\/nota-de-duelo-sr-mauricio-antonio-daza-bueno\/#webpage\",\"url\":\"https:\/\/www.ucat.edu.ve\/web\/nota-de-duelo-sr-mauricio-antonio-daza-bueno\/\",\"name\":\"Nota de Duelo - Sr. Mauricio Antonio Daza Bueno - Universidad Cat\u00f3lica del T\u00e1chira\",\"isPartOf\":{\"@id\":\"https:\/\/www.ucat.edu.ve\/web\/#website\"},\"primaryImageOfPage\":{\"@id\":\"https:\/\/www.ucat.edu.ve\/web\/nota-de-duelo-sr-mauricio-antonio-daza-bueno\/#primaryimage\"},\"datePublished\":\"2021-11-30T13:21:29+00:00\",\"dateModified\":\"2021-11-30T13:37:48+00:00\",\"breadcrumb\":{\"@id\":\"https:\/\/www.ucat.edu.ve\/web\/nota-de-duelo-sr-mauricio-antonio-daza-bueno\/#breadcrumb\"},\"inLanguage\":\"es-ES\",\"potentialAction\":[{\"@type\":\"ReadAction\",\"target\":[\"https:\/\/www.ucat.edu.ve\/web\/nota-de-duelo-sr-mauricio-antonio-daza-bueno\/\"]}]},{\"@type\":\"BreadcrumbList\",\"@id\":\"https:\/\/www.ucat.edu.ve\/web\/nota-de-duelo-sr-mauricio-antonio-daza-bueno\/#breadcrumb\",\"itemListElement\":[{\"@type\":\"ListItem\",\"position\":1,\"name\":\"Home\",\"item\":\"https:\/\/www.ucat.edu.ve\/web\/\"},{\"@type\":\"ListItem\",\"position\":2,\"name\":\"Nota de Duelo &#8211; Sr. Mauricio Antonio Daza Bueno\"}]},{\"@type\":\"Article\",\"@id\":\"https:\/\/www.ucat.edu.ve\/web\/nota-de-duelo-sr-mauricio-antonio-daza-bueno\/#article\",\"isPartOf\":{\"@id\":\"https:\/\/www.ucat.edu.ve\/web\/nota-de-duelo-sr-mauricio-antonio-daza-bueno\/#webpage\"},\"author\":{\"name\":\"Secretaria General\",\"@id\":\"https:\/\/www.ucat.edu.ve\/web\/#\/schema\/person\/e90fe655adf97bd5c1dbc608855d16cf\"},\"headline\":\"Nota de Duelo &#8211; Sr. Mauricio Antonio Daza Bueno\",\"datePublished\":\"2021-11-30T13:21:29+00:00\",\"dateModified\":\"2021-11-30T13:37:48+00:00\",\"mainEntityOfPage\":{\"@id\":\"https:\/\/www.ucat.edu.ve\/web\/nota-de-duelo-sr-mauricio-antonio-daza-bueno\/#webpage\"},\"wordCount\":173,\"publisher\":{\"@id\":\"https:\/\/www.ucat.edu.ve\/web\/#organization\"},\"image\":{\"@id\":\"https:\/\/www.ucat.edu.ve\/web\/nota-de-duelo-sr-mauricio-antonio-daza-bueno\/#primaryimage\"},\"thumbnailUrl\":\"https:\/\/www.ucat.edu.ve\/web\/wp-content\/uploads\/2021\/11\/Banner_Notis_NOTA_DUELO_Sr.-Mauricio-Antonio-Daza-Bueno.jpg\",\"articleSection\":[\"Noticias\"],\"inLanguage\":\"es-ES\"},{\"@type\":\"Person\",\"@id\":\"https:\/\/www.ucat.edu.ve\/web\/#\/schema\/person\/e90fe655adf97bd5c1dbc608855d16cf\",\"name\":\"Secretaria General\",\"url\":\"https:\/\/www.ucat.edu.ve\/web\/author\/secgeucat\/\"}]}<\/script>\n<!-- \/ Yoast SEO plugin. -->","yoast_head_json":{"title":"Nota de Duelo - Sr. Mauricio Antonio Daza Bueno - Universidad Cat\u00f3lica del T\u00e1chira","robots":{"index":"index","follow":"follow","max-snippet":"max-snippet:-1","max-image-preview":"max-image-preview:large","max-video-preview":"max-video-preview:-1"},"canonical":"https:\/\/www.ucat.edu.ve\/web\/nota-de-duelo-sr-mauricio-antonio-daza-bueno\/","og_locale":"es_ES","og_type":"article","og_title":"Nota de Duelo - Sr. Mauricio Antonio Daza Bueno - Universidad Cat\u00f3lica del T\u00e1chira","og_description":"Las Autoridades y dem\u00e1s miembros de la Comunidad de la Universidad Cat\u00f3lica del T\u00e1chira, lamentan profundamente el fallecimiento del: Sr. Mauricio Antonio Daza Bueno Padre de la Profesora Liliana Daza Arango, Profesora adscrita a la Coordinaci\u00f3n de Educaci\u00f3n Virtual de esta Universidad. Hecho luctuoso acaecido el d\u00eda de ayer, en esta ciudad. En estos momentos","og_url":"https:\/\/www.ucat.edu.ve\/web\/nota-de-duelo-sr-mauricio-antonio-daza-bueno\/","og_site_name":"Universidad Cat\u00f3lica del T\u00e1chira","article_publisher":"https:\/\/www.facebook.com\/notiucat\/","article_published_time":"2021-11-30T13:21:29+00:00","article_modified_time":"2021-11-30T13:37:48+00:00","og_image":[{"width":953,"height":529,"url":"https:\/\/www.ucat.edu.ve\/web\/wp-content\/uploads\/2021\/11\/Banner_Notis_NOTA_DUELO_Sr.-Mauricio-Antonio-Daza-Bueno.jpg","type":"image\/jpeg"}],"author":"Secretaria General","twitter_card":"summary_large_image","twitter_creator":"@notiucat","twitter_site":"@notiucat","twitter_misc":{"Written by":"Secretaria General","Est. reading time":"1 minuto"},"schema":{"@context":"https:\/\/schema.org","@graph":[{"@type":"Organization","@id":"https:\/\/www.ucat.edu.ve\/web\/#organization","name":"Universidad Cat\u00f3lica Del T\u00e1chira UCAT","url":"https:\/\/www.ucat.edu.ve\/web\/","sameAs":["https:\/\/www.instagram.com\/notiucat\/","https:\/\/www.youtube.com\/channel\/UCwEbYSB1R9fzlII-8dcxuYA?view_as=subscriber","https:\/\/www.facebook.com\/notiucat\/","https:\/\/twitter.com\/notiucat"],"logo":{"@type":"ImageObject","inLanguage":"es-ES","@id":"https:\/\/www.ucat.edu.ve\/web\/#\/schema\/logo\/image\/","url":"https:\/\/www.ucat.edu.ve\/web\/wp-content\/uploads\/2015\/07\/logoucat.gif","contentUrl":"https:\/\/www.ucat.edu.ve\/web\/wp-content\/uploads\/2015\/07\/logoucat.gif","width":219,"height":155,"caption":"Universidad Cat\u00f3lica Del T\u00e1chira UCAT"},"image":{"@id":"https:\/\/www.ucat.edu.ve\/web\/#\/schema\/logo\/image\/"}},{"@type":"WebSite","@id":"https:\/\/www.ucat.edu.ve\/web\/#website","url":"https:\/\/www.ucat.edu.ve\/web\/","name":"Universidad Cat\u00f3lica del T\u00e1chira","description":"","publisher":{"@id":"https:\/\/www.ucat.edu.ve\/web\/#organization"},"potentialAction":[{"@type":"SearchAction","target":{"@type":"EntryPoint","urlTemplate":"https:\/\/www.ucat.edu.ve\/web\/?s={search_term_string}"},"query-input":"required name=search_term_string"}],"inLanguage":"es-ES"},{"@type":"ImageObject","inLanguage":"es-ES","@id":"https:\/\/www.ucat.edu.ve\/web\/nota-de-duelo-sr-mauricio-antonio-daza-bueno\/#primaryimage","url":"https:\/\/www.ucat.edu.ve\/web\/wp-content\/uploads\/2021\/11\/Banner_Notis_NOTA_DUELO_Sr.-Mauricio-Antonio-Daza-Bueno.jpg","contentUrl":"https:\/\/www.ucat.edu.ve\/web\/wp-content\/uploads\/2021\/11\/Banner_Notis_NOTA_DUELO_Sr.-Mauricio-Antonio-Daza-Bueno.jpg","width":953,"height":529},{"@type":"WebPage","@id":"https:\/\/www.ucat.edu.ve\/web\/nota-de-duelo-sr-mauricio-antonio-daza-bueno\/#webpage","url":"https:\/\/www.ucat.edu.ve\/web\/nota-de-duelo-sr-mauricio-antonio-daza-bueno\/","name":"Nota de Duelo - Sr. Mauricio Antonio Daza Bueno - Universidad Cat\u00f3lica del T\u00e1chira","isPartOf":{"@id":"https:\/\/www.ucat.edu.ve\/web\/#website"},"primaryImageOfPage":{"@id":"https:\/\/www.ucat.edu.ve\/web\/nota-de-duelo-sr-mauricio-antonio-daza-bueno\/#primaryimage"},"datePublished":"2021-11-30T13:21:29+00:00","dateModified":"2021-11-30T13:37:48+00:00","breadcrumb":{"@id":"https:\/\/www.ucat.edu.ve\/web\/nota-de-duelo-sr-mauricio-antonio-daza-bueno\/#breadcrumb"},"inLanguage":"es-ES","potentialAction":[{"@type":"ReadAction","target":["https:\/\/www.ucat.edu.ve\/web\/nota-de-duelo-sr-mauricio-antonio-daza-bueno\/"]}]},{"@type":"BreadcrumbList","@id":"https:\/\/www.ucat.edu.ve\/web\/nota-de-duelo-sr-mauricio-antonio-daza-bueno\/#breadcrumb","itemListElement":[{"@type":"ListItem","position":1,"name":"Home","item":"https:\/\/www.ucat.edu.ve\/web\/"},{"@type":"ListItem","position":2,"name":"Nota de Duelo &#8211; Sr. Mauricio Antonio Daza Bueno"}]},{"@type":"Article","@id":"https:\/\/www.ucat.edu.ve\/web\/nota-de-duelo-sr-mauricio-antonio-daza-bueno\/#article","isPartOf":{"@id":"https:\/\/www.ucat.edu.ve\/web\/nota-de-duelo-sr-mauricio-antonio-daza-bueno\/#webpage"},"author":{"name":"Secretaria General","@id":"https:\/\/www.ucat.edu.ve\/web\/#\/schema\/person\/e90fe655adf97bd5c1dbc608855d16cf"},"headline":"Nota de Duelo &#8211; Sr. Mauricio Antonio Daza Bueno","datePublished":"2021-11-30T13:21:29+00:00","dateModified":"2021-11-30T13:37:48+00:00","mainEntityOfPage":{"@id":"https:\/\/www.ucat.edu.ve\/web\/nota-de-duelo-sr-mauricio-antonio-daza-bueno\/#webpage"},"wordCount":173,"publisher":{"@id":"https:\/\/www.ucat.edu.ve\/web\/#organization"},"image":{"@id":"https:\/\/www.ucat.edu.ve\/web\/nota-de-duelo-sr-mauricio-antonio-daza-bueno\/#primaryimage"},"thumbnailUrl":"https:\/\/www.ucat.edu.ve\/web\/wp-content\/uploads\/2021\/11\/Banner_Notis_NOTA_DUELO_Sr.-Mauricio-Antonio-Daza-Bueno.jpg","articleSection":["Noticias"],"inLanguage":"es-ES"},{"@type":"Person","@id":"https:\/\/www.ucat.edu.ve\/web\/#\/schema\/person\/e90fe655adf97bd5c1dbc608855d16cf","name":"Secretaria General","url":"https:\/\/www.ucat.edu.ve\/web\/author\/secgeucat\/"}]}},"_links":{"self":[{"href":"https:\/\/www.ucat.edu.ve\/web\/wp-json\/wp\/v2\/posts\/8337"}],"collection":[{"href":"https:\/\/www.ucat.edu.ve\/web\/wp-json\/wp\/v2\/posts"}],"about":[{"href":"https:\/\/www.ucat.edu.ve\/web\/wp-json\/wp\/v2\/types\/post"}],"author":[{"embeddable":true,"href":"https:\/\/www.ucat.edu.ve\/web\/wp-json\/wp\/v2\/users\/23"}],"replies":[{"embeddable":true,"href":"https:\/\/www.ucat.edu.ve\/web\/wp-json\/wp\/v2\/comments?post=8337"}],"version-history":[{"count":2,"href":"https:\/\/www.ucat.edu.ve\/web\/wp-json\/wp\/v2\/posts\/8337\/revisions"}],"predecessor-version":[{"id":8342,"href":"https:\/\/www.ucat.edu.ve\/web\/wp-json\/wp\/v2\/posts\/8337\/revisions\/8342"}],"wp:featuredmedia":[{"embeddable":true,"href":"https:\/\/www.ucat.edu.ve\/web\/wp-json\/wp\/v2\/media\/8338"}],"wp:attachment":[{"href":"https:\/\/www.ucat.edu.ve\/web\/wp-json\/wp\/v2\/media?parent=8337"}],"wp:term":[{"taxonomy":"category","embeddable":true,"href":"https:\/\/www.ucat.edu.ve\/web\/wp-json\/wp\/v2\/categories?post=8337"},{"taxonomy":"post_tag","embeddable":true,"href":"https:\/\/www.ucat.edu.ve\/web\/wp-json\/wp\/v2\/tags?post=8337"}],"curies":[{"name":"wp","href":"https:\/\/api.w.org\/{rel}","templated":true}]}}