 {"id":8602,"date":"2022-01-13T18:49:19","date_gmt":"2022-01-13T18:49:19","guid":{"rendered":"https:\/\/www.ucat.edu.ve\/web\/?p=8602"},"modified":"2022-01-13T18:49:19","modified_gmt":"2022-01-13T18:49:19","slug":"campamento-mision-de-universitarios-en-frontera","status":"publish","type":"post","link":"https:\/\/www.ucat.edu.ve\/web\/campamento-mision-de-universitarios-en-frontera\/","title":{"rendered":"Campamento Misi\u00f3n de Universitarios en Frontera"},"content":{"rendered":"<p style=\"text-align: center;\"><img loading=\"lazy\" class=\"alignnone size-medium wp-image-8603\" src=\"https:\/\/www.ucat.edu.ve\/web\/wp-content\/uploads\/2022\/01\/2022-NDP-Campamento-Mision-UF-521x322.jpg\" alt=\"\" width=\"521\" height=\"322\" srcset=\"https:\/\/www.ucat.edu.ve\/web\/wp-content\/uploads\/2022\/01\/2022-NDP-Campamento-Mision-UF-521x322.jpg 521w, https:\/\/www.ucat.edu.ve\/web\/wp-content\/uploads\/2022\/01\/2022-NDP-Campamento-Mision-UF-340x210.jpg 340w, https:\/\/www.ucat.edu.ve\/web\/wp-content\/uploads\/2022\/01\/2022-NDP-Campamento-Mision-UF.jpg 1243w\" sizes=\"(max-width: 521px) 100vw, 521px\" \/><\/p>\n<p style=\"text-align: center;\"><strong>35 j\u00f3venes visitaron los llanos del alto Apure venezolano compartiendo su coraz\u00f3n con los hogares de El Nula y Ciudad Sucre.<\/strong><\/p>\n<p style=\"text-align: justify;\"><strong>\u00a0<\/strong>Finalizando el a\u00f1o 2021, entre el 17 y el 22 de diciembre, se realiz\u00f3 el Campamento Misi\u00f3n Navide\u00f1o en la regi\u00f3n sur occidental de Venezuela, en el Estado Apure. El evento fue organizado y promovido desde el Decanato del Medio de la Universidad Cat\u00f3lica del T\u00e1chira (UCAT), a trav\u00e9s del proyecto Universitarios en Frontera (UF), coordinado por egresados del Programa de Liderazgo Ignaciano Universitario Latinoamericano (PLIUL), con el apoyo de la Red Apost\u00f3lica Ignaciana de la Frontera (RAIF), todo enmarcado dentro del Plan de la Provincia y el A\u00f1o Ignaciano. En \u00e9l participaron 35 personas, entre miembros de UF, estudiantes del PLIUL, voluntarios de Doctor Yaso payasos humanitarios, y el Movimiento Juvenil Huellas. En total se visitaron 8 comunidades cercanas a El Nula: Cinta Blanca, Sirir\u00ed, Valle Verde, Tubo Rojo, La Blanquita, Ca\u00f1o Regreso, T1, y tambi\u00e9n la comunidad de Ciudad Sucre.<\/p>\n<p style=\"text-align: center;\"><img loading=\"lazy\" class=\"alignnone size-medium wp-image-8604\" src=\"https:\/\/www.ucat.edu.ve\/web\/wp-content\/uploads\/2022\/01\/CMU2021-UCAT-430x322.jpg\" alt=\"\" width=\"430\" height=\"322\" srcset=\"https:\/\/www.ucat.edu.ve\/web\/wp-content\/uploads\/2022\/01\/CMU2021-UCAT-430x322.jpg 430w, https:\/\/www.ucat.edu.ve\/web\/wp-content\/uploads\/2022\/01\/CMU2021-UCAT.jpg 1280w\" sizes=\"(max-width: 430px) 100vw, 430px\" \/><\/p>\n<p style=\"text-align: justify;\"><strong>Abriendo el camino hacia la transformaci\u00f3n y el aprendizaje.<\/strong><\/p>\n<p style=\"text-align: justify;\">Uno de los prop\u00f3sitos de este tipo de jornadas, adem\u00e1s de ser un aporte concreto a las comunidades por las visitas, el reconocimiento, la bendici\u00f3n de los hogares y las actividades l\u00fadicas, entre otros, es propiciar una experiencia tangible para los sujetos participantes, y que a su vez les sirva para hacerse cargo de nuevas realidades a trav\u00e9s de la reflexi\u00f3n, el discernimiento y el intercambio con las personas y los contextos. Este proceso es \u00fanico para cada asistente, depende de muchas variables como la personalidad, la historia de vida personal y familiar, entre otros aspectos propios de la persona. Adicionalmente hay un acompa\u00f1amiento por parte de los voluntarios y misioneros con m\u00e1s experiencia y tambi\u00e9n por parte de los docentes y jesuitas que siempre acompa\u00f1an dichas jornadas en las comunidades. Ese conjunto de variables hace que la misi\u00f3n en las comunidades sea una historia que deja huella y contribuye con la formaci\u00f3n de quienes la hacen posible.<\/p>\n<p style=\"text-align: justify;\">Entonces, como son los protagonistas quienes mejor pueden contar esta historia, compartimos algunos testimonios del Campamento Misi\u00f3n Navide\u00f1o 2021 en palabras de quienes recorrieron los caminos del Alto Apure con su coraz\u00f3n como estandarte.<\/p>\n<p style=\"text-align: center;\"><strong>TESTIMONIOS CAMPAMENTO MISI\u00d3N El NULA \u2013 CIUDAD SUCRE 2021.<\/strong><\/p>\n<p><strong>\u00a0<\/strong><strong>&#8211; Yuliana Ferreira <\/strong>(de la XI implementaci\u00f3n de Liderazgo y de Universitarios en Frontera).<\/p>\n<p style=\"text-align: center;\"><img loading=\"lazy\" class=\"alignnone size-medium wp-image-8605\" src=\"https:\/\/www.ucat.edu.ve\/web\/wp-content\/uploads\/2022\/01\/CMU2021-Yuliana-Ferreira-257x322.jpg\" alt=\"\" width=\"257\" height=\"322\" srcset=\"https:\/\/www.ucat.edu.ve\/web\/wp-content\/uploads\/2022\/01\/CMU2021-Yuliana-Ferreira-257x322.jpg 257w, https:\/\/www.ucat.edu.ve\/web\/wp-content\/uploads\/2022\/01\/CMU2021-Yuliana-Ferreira.jpg 861w\" sizes=\"(max-width: 257px) 100vw, 257px\" \/><\/p>\n<p style=\"text-align: justify;\">En el campamento de diciembre estuve durante 6 d\u00edas visitando, compartiendo e integr\u00e1ndome a las distintas realidades que se presentan en la frontera. Siendo esta una experiencia muy grata. Pude vivir la alegr\u00eda de la navidad con personas que esperaban nuestra llegada, nos abrieron sus hogares y nos dejaron entrar a esa calidez familiar. Contamos con el apoyo de 4 Jesuitas que jugaron un rol fundamental en estas visitas. El padre Jos\u00e9 Francisco Aranguren SJ, quien es nuestro asesor, V\u00edctor Fern\u00e1ndez SJ, Jos\u00e9 Manuel G\u00f3mez SJ y Oscar Pimentel SJ. As\u00ed mismo contamos con el padre Eduardo Soto SJ y Henry Quintero SJ, quienes nuevamente nos abrieron las puertas de las parroquias San Camilo de Lelis en El Nula SJ, y en la Parroquia San Sim\u00f3n y San Judas de Ciudad Sucre.<\/p>\n<p style=\"text-align: justify;\">Compartiendo con ellos las distintas tradiciones navide\u00f1as, y relacion\u00e1ndome con todos, desde el m\u00e1s viejito hasta el m\u00e1s beb\u00e9, pude ver a Dios en todas las cosas. En cada detalle, en la sonrisa de los ni\u00f1os al jugar, en los se\u00f1ores al ir a misa de aguinaldo y en el caf\u00e9 en cada visita, especialmente pude ver a Dios en m\u00ed misma. Me siento muy afortunada y contenta de poder tener estos encuentros, donde gracias a la espiritualidad ignaciana que sigue nuestro programa, podemos discernir, interiorizar y redescubrirnos.<\/p>\n<p style=\"text-align: justify;\">El Alto Apure con su hermoso cielo infinito, su sol candente y su cielo estrellado por las noches nos cautiv\u00f3 una vez m\u00e1s y nos sensibiliz\u00f3 frente a muchas situaciones, donde aceptamos que la vida definitivamente no es todo blanco o negro, sino una escala infinita de grises y colores. Es muy significativo coincidir con j\u00f3venes que entran en tu misma sinton\u00eda, esa sinton\u00eda de \u201cen todo amar y servir\u201d.<\/p>\n<p style=\"text-align: justify;\">Agradezco profundamente la posibilidad de vivir estas experiencias, y con la esperanza de que se sigan creando espacios en donde nosotros podamos ser luz y sal en la vida de las personas, y tambi\u00e9n que m\u00e1s personas puedan unirse a este incre\u00edble voluntariado, poder ver m\u00e1s j\u00f3venes apostando por el servicio, tanto desde su coraz\u00f3n como desde sus carreras profesionales.<\/p>\n<p><strong>&#8211; Rafaela Gonz\u00e1lez<\/strong> (voluntaria de Doctor Yaso payasos humanitarios).<\/p>\n<p style=\"text-align: center;\"><img loading=\"lazy\" class=\"alignnone size-medium wp-image-8606\" src=\"https:\/\/www.ucat.edu.ve\/web\/wp-content\/uploads\/2022\/01\/CMU2021-Rafaela-Gonzalez-429x322.jpg\" alt=\"\" width=\"429\" height=\"322\" srcset=\"https:\/\/www.ucat.edu.ve\/web\/wp-content\/uploads\/2022\/01\/CMU2021-Rafaela-Gonzalez-429x322.jpg 429w, https:\/\/www.ucat.edu.ve\/web\/wp-content\/uploads\/2022\/01\/CMU2021-Rafaela-Gonzalez.jpg 1080w\" sizes=\"(max-width: 429px) 100vw, 429px\" \/><\/p>\n<p style=\"text-align: justify;\">Hola; me encanta poder compartirles parte de una bonita experiencia que viv\u00ed en diciembre. Tuve la oportunidad de viajar con el voluntariado Universitarios en Fronteras a un pueblito del Nula llamado La Blanquita. All\u00ed compartimos 5 d\u00edas maravillosos con la comunidad, nos permitieron conocer sus casas, sus familias, su d\u00eda a d\u00eda y su fe inquebrantable.<\/p>\n<p style=\"text-align: justify;\">En la mayor\u00eda de los hogares nos encontramos con ni\u00f1os y fue muy grato poder jugar con ellos, a pesar de que no lleve mi vestuario de payasa, a donde quiera que iba llevaba mi actitud de juego y no lo pensaba 2 veces para jugar. Me marc\u00f3 mucho saber que hab\u00eda ni\u00f1os que por las largas distancias s\u00f3lo salen a jugar cuando van los misioneros (nosotros) y eso me dio m\u00e1s \u00e1nimo para hacer todo lo posible en que pasaran un d\u00eda diferente. Si lo veo como voluntaria de Doctor Yaso fue una visita de mucha escucha, y de juego en todos los niveles. Es s\u00faper genial ver c\u00f3mo todas las herramientas que nos dan en Doctor Yaso se pueden aplicar en cualquier \u00e1mbito; en cualquier lugar y como la sonrisa es ese lenguaje universal que nos une a todos.<\/p>\n<p style=\"text-align: justify;\">Por \u00faltimo, desde mi coraz\u00f3n les animo a sumarme a cualquier experiencia nueva que les pueda ampliar un poquito la visi\u00f3n del mundo y nos permita ser m\u00e1s humanos, pues afuera hay muchos mundos por explorar.<\/p>\n<p><strong>-\u00c1ngel Perdomo <\/strong>(XI implementaci\u00f3n del Programa de Liderazgo Ignaciano Universitario Latinoamericano).<\/p>\n<p style=\"text-align: center;\"><img loading=\"lazy\" class=\"alignnone size-medium wp-image-8607\" src=\"https:\/\/www.ucat.edu.ve\/web\/wp-content\/uploads\/2022\/01\/CMU2021-Angel-Perdomo-242x322.png\" alt=\"\" width=\"242\" height=\"322\" srcset=\"https:\/\/www.ucat.edu.ve\/web\/wp-content\/uploads\/2022\/01\/CMU2021-Angel-Perdomo-242x322.png 242w, https:\/\/www.ucat.edu.ve\/web\/wp-content\/uploads\/2022\/01\/CMU2021-Angel-Perdomo.png 624w\" sizes=\"(max-width: 242px) 100vw, 242px\" \/><\/p>\n<p style=\"text-align: justify;\">Como quien relee en su memoria momentos de gozo y sufrimiento, pensar en diciembre, me lleva a la comunidad de Valle Verde, un rinconcito del pa\u00eds, a casi 2 horas de El Nula, escondido entre llanuras impostergables abrazadas por un sol incandescente.<\/p>\n<p style=\"text-align: justify;\">Valle Verde, que era un reto en medio de un contexto social complejo, fue una oportunidad para redimensionar el riesgo que supone amar el servicio. Como estudiantes ignacianos, se nos ha invitado a en todo amar y servir. Pero en mi reciente experiencia, los factores se modificaron, planteando una nueva cuesti\u00f3n: amar el servir. Y lo enunciaba como un riesgo, en el sentido m\u00e1s hermoso, pues los amores memorables son aquellos que transforman y permiten que el ser trascienda, descubriendo en su vida nuevos hitos y creando nuevos sue\u00f1os con profunda y sincera alegr\u00eda.<\/p>\n<p style=\"text-align: justify;\">Pues bien, cuando un estudiante universitario, en su \u00faltimo a\u00f1o de formaci\u00f3n profesional, vive una experiencia como la del campamento misi\u00f3n, su vida, apacible, tranquila y a veces insulsa, se interpela ante el amor que le atraviesa como sentido para una vida que ahora no quiere ser vivida de modo distinto al descubierto. Lo he repetido hasta el hartazgo recientemente y la frase ha servido de consuelo propio: salir de m\u00ed, para encontrarme con el otro, me permite descubrir una nueva dimensi\u00f3n de mi vida que adquiere contenido y esplendor. Amar, pues, es un riesgo, que me lleva a transformar mi vida, a trascenderla, incluso, a transgredirla, porque no estoy llamado para la quietud, sino a una movilidad eterna, a una acci\u00f3n constante, a un v\u00ednculo con el mundo, con los m\u00e1s alejados, con los excluidos.<\/p>\n<p style=\"text-align: justify;\">No tengo claro mi aporte a la comunidad. Es decir, re\u00edmos con los ni\u00f1os, acompa\u00f1amos a los adultos en sus quehaceres diarios, animamos a los j\u00f3venes con din\u00e1micas y reflexiones, incentivamos la experiencia de fe que yac\u00eda fr\u00eda en una comunidad que, pese al calor del sol, se aproximaba g\u00e9lida, sumida en su d\u00eda a d\u00eda. Pero entonces, con todo lo que ellos me brindaron y movieron dentro de m\u00ed, sent\u00ed que daba muy poco. Seis d\u00edas pasaron en nada y cuando m\u00e1s enamorado estaba con lo que hac\u00edamos, el bus de retorno se aproximaba y en mi hogar me esperaban para hacer hallacas y vivir nuestro diciembre.<\/p>\n<p style=\"text-align: justify;\">Una parte de m\u00ed se qued\u00f3 en Valle Verde. Especialmente, la m\u00e1s t\u00edmida, la m\u00e1s cuadrada y la menos animosa. De su llano retorn\u00e9 feliz, plenamente contento por lo vivido y con una certeza irresoluble de que mi vida est\u00e1 dada para que el amor al servicio me transforme como desee. Y all\u00ed vamos, caminando y dejando que el amor nos descubra.<\/p>\n<p><strong>&#8211; Emily S\u00e1nchez <\/strong>(de la XII implementaci\u00f3n del Programa de Liderazgo Ignaciano Universitario Latinoamericano y voluntaria de Doctor Yaso payasos humanitarios).<\/p>\n<p style=\"text-align: center;\"><img loading=\"lazy\" class=\"alignnone size-medium wp-image-8608\" src=\"https:\/\/www.ucat.edu.ve\/web\/wp-content\/uploads\/2022\/01\/CMU2021-Emily-Sanchez-430x322.jpg\" alt=\"\" width=\"430\" height=\"322\" srcset=\"https:\/\/www.ucat.edu.ve\/web\/wp-content\/uploads\/2022\/01\/CMU2021-Emily-Sanchez-430x322.jpg 430w, https:\/\/www.ucat.edu.ve\/web\/wp-content\/uploads\/2022\/01\/CMU2021-Emily-Sanchez.jpg 1080w\" sizes=\"(max-width: 430px) 100vw, 430px\" \/><\/p>\n<p style=\"text-align: justify;\">\u00a1Por fin! Luego de tantas experiencias y an\u00e9cdotas compartidas por otras personas que lo hab\u00edan vivido en alg\u00fan programa, voluntariado de la universidad o simplemente invitados.<\/p>\n<p style=\"text-align: justify;\">Puedo decir que desde el momento que tuve la oportunidad de observar el horizonte cuando se separa la textura de las monta\u00f1as con la llanura, me hizo sentir en presencia de arte puro de la naturaleza y el cielo. \u00a1Uf! era fascinante como todos los d\u00edas lograba sorprender, ya fuera con sus vibrantes colores, o con las lunas que en el Alto Apure se aprecia como si tuvieras lupa y las estrellas, tal cual si las hubieran pintado para nosotros esas noches que estuvimos all\u00e1.<\/p>\n<p style=\"text-align: justify;\">Tengo el honor y el placer de decir que he vivido esta experiencia desde lo m\u00e1s susceptible de mis sentidos, pero debo agradecer a la oportunidad de ello al hecho de que participo tanto en PLIUL como en Doctor Yaso, donde ambos me han brindado herramientas para enfrentar situaciones de compartir, de conectar, de ser yo misma, de decir &#8220;s\u00ed, dale&#8221; sin miedo, con firmeza pero tambi\u00e9n, con un pie en tierra y el otro levantado hacia lo que anhelo.<\/p>\n<p style=\"text-align: justify;\">Para m\u00ed, jugar con los ni\u00f1os fue un paseo, era como si brotaran las ganas de jugar, las ideas de m\u00e1s juegos, la energ\u00eda para seguirles el ritmo, porque ellos solo ten\u00edan ganas de compartir con los profes. Pero m\u00e1s all\u00e1 de eso, era lo importante que implicaba hablar con ellos, pues de alguna manera cada uno en su rol de &#8220;profe&#8221; podr\u00eda estar impactando la vida de cualquiera de esos ni\u00f1os, o no, pero ojal\u00e1 ese impacto fuese positivo.<\/p>\n<p style=\"text-align: justify;\">Aunque Ciudad Sucre es una comunidad peque\u00f1a, las personas que all\u00ed viven tienen una energ\u00eda envolvente, siempre dispuestos con una sonrisa, desde el Guardia hasta la persona m\u00e1s cansada por el trabajo, porque ellos le han conseguido un sentido a sus d\u00edas, porque desvivirse por las cosas, no es vivir. Con eso me quedo, con que todos a pesar de nuestros agitados d\u00edas en &#8220;la ciudad de la cordialidad&#8221; seamos capaces de conseguirle un sentido lo suficientemente v\u00e1lido a nuestros d\u00edas, para recibirlo con gratitud, alegr\u00eda y dispuestos a contagiar de esa energ\u00eda a quienes compartan con nosotros, porque estoy segura que hay mucho m\u00e1s por lo que agradecer, abrazar y disfrutar.<\/p>\n<p><strong>-Briggith Daza <\/strong>(Universitarios en Frontera).<\/p>\n<p style=\"text-align: center;\"><img loading=\"lazy\" class=\"alignnone size-medium wp-image-8609\" src=\"https:\/\/www.ucat.edu.ve\/web\/wp-content\/uploads\/2022\/01\/CMU2021-Briggith-Daza-521x293.jpg\" alt=\"\" width=\"521\" height=\"293\" srcset=\"https:\/\/www.ucat.edu.ve\/web\/wp-content\/uploads\/2022\/01\/CMU2021-Briggith-Daza-521x293.jpg 521w, https:\/\/www.ucat.edu.ve\/web\/wp-content\/uploads\/2022\/01\/CMU2021-Briggith-Daza.jpg 1152w\" sizes=\"(max-width: 521px) 100vw, 521px\" \/><\/p>\n<p style=\"text-align: justify;\">En el Campamento Misi\u00f3n Diciembre experiment\u00e9 una conexi\u00f3n y una felicidad tan genuina que parec\u00eda irreal. La experiencia de compartir con personas de las comunidades fronterizas siempre es muy enriquecedora. Una de los momentos que m\u00e1s me ha marcado durante el voluntariado ha sido el instante en el que estas personas nos reciben en sus casas, porque lo hacen siempre con una sonrisa o con una palabra amable, con un vasito de agua o un poquito de caf\u00e9 en el que se siente depositado el cari\u00f1o y la alegr\u00eda por recibir esa visita.<\/p>\n<p style=\"text-align: justify;\">All\u00e1 todas las din\u00e1micas son diferentes y ellos est\u00e1n muy bien adaptados a eso, pero cuando nosotros las presenciamos nos damos cuenta de lo privilegiados que somos y de lo poco que valoramos esos privilegios que tenemos en cosas tan peque\u00f1as como el poder llegar f\u00e1cilmente a nuestros centros estudiantiles o el f\u00e1cil acceso al internet para la educaci\u00f3n.<\/p>\n<p style=\"text-align: justify;\">Cada que vivo esta experiencia me enamoro m\u00e1s del trabajo que se hace en estas comunidades y me queda el coraz\u00f3n tatuado con tantas sonrisas.<\/p>\n<p><strong>&#8211; Roxanna Vivas <\/strong>(voluntaria de Doctor Yaso payasos humanitarios y egresada de la UCAT).<\/p>\n<p style=\"text-align: center;\"><img loading=\"lazy\" class=\"alignnone size-medium wp-image-8610\" src=\"https:\/\/www.ucat.edu.ve\/web\/wp-content\/uploads\/2022\/01\/dvsv-431x322.jpg\" alt=\"\" width=\"431\" height=\"322\" srcset=\"https:\/\/www.ucat.edu.ve\/web\/wp-content\/uploads\/2022\/01\/dvsv-431x322.jpg 431w, https:\/\/www.ucat.edu.ve\/web\/wp-content\/uploads\/2022\/01\/dvsv.jpg 868w\" sizes=\"(max-width: 431px) 100vw, 431px\" \/><\/p>\n<p style=\"text-align: justify;\">Hola vengo a contarte un poco sobre mi experiencia en el Campamento Navide\u00f1o con Universitarios en Frontera. Primero, no coincid\u00ed con un Llanero Solitario (chiste sobre llevar la vestimenta apropiada y estar preparada para todo). Pero si fue una raz\u00f3n para haber guardado mi traje de ba\u00f1o en la maleta, por si acaso, sospechando que si hab\u00eda una laguna, podr\u00eda usarlo.<\/p>\n<p style=\"text-align: justify;\">Segundo, fue una experiencia en la que yo estaba sin expectativas. Las primeras visitas, fueron amenas, no solo \u00e9ramos bienvenidos sino invitados, personalmente me familiaric\u00e9 con esa sensaci\u00f3n. Las visitas en la mayor\u00eda de casas era compartir y conversar con las familias sobre su estilo de vida, din\u00e1mica, lo que quisieran compartir, se bendec\u00eda el hogar, y hac\u00edamos juntos una oraci\u00f3n. Admito que hubo momentos breves, cuando no era muy amena la visita, hab\u00eda algo que incomodaba, como que no \u00e9ramos suficientes, pero era m\u00e1s bien porque cada casa y familia era \u00fanica, poco ten\u00eda que ver con nosotros.<\/p>\n<p style=\"text-align: justify;\">En un d\u00eda de juego con los ni\u00f1os de la comunidad, me atrev\u00ed a sacar a mi payaso durante aproximadamente una hora y media, en la que sorpresivamente los ni\u00f1os del lugar quer\u00edan ver era a Roxanna (Yo). Jugu\u00e9 como \u201cMirily Ymirilirimy\u201d (mi payaso) y luego me pidieron tanto a Roxanna, que bueno, se hace lo que el p\u00fablico pide; Mirily se fue y segu\u00ed compartiendo como yo misma. Fue una sensaci\u00f3n de encuentro en el que mi yo era m\u00e1s que suficiente, a tal punto, que los ni\u00f1os no quer\u00edan a mi payaso sino a m\u00ed.<\/p>\n<p style=\"text-align: justify;\">Luego en la noche, en el cierre del d\u00eda, durante el recuento, reencuentro y momento reflexivo del d\u00eda, mis compa\u00f1eros de experiencia me dijeron\u00a0 que durante ese d\u00eda mientras yo no estuve, los ni\u00f1os del lugar estaban preguntando insistentemente por m\u00ed. Fue interesante ver tambi\u00e9n el impacto que puede tener una simple persona, transparente, alguien m\u00e1s natural con quien los ni\u00f1os se sent\u00edan m\u00e1s c\u00f3modos y tranquilos, que aunque aprovecharon de mi payaso, quer\u00edan compartir tambi\u00e9n conmigo, en parte porque era la \u00faltima tarde que estar\u00edamos con ellos.<\/p>\n<p style=\"text-align: justify;\">Tercero, retomando el asunto de la vestimenta apropiada y oportuna, fue \u00fatil haber guardado mi traje de ba\u00f1o, porque la se\u00f1ora l\u00edder de la comunidad nos dijo que como era la primera vez que \u00edbamos a la comunidad, nos ten\u00edamos que ba\u00f1ar en el r\u00edo, porque los que se ba\u00f1an en el r\u00edo Sarare si no se quedan, siempre regresan. Una creencia popular del lugar. Ella nos llev\u00f3 a &#8220;un brazo del r\u00edo Sarare&#8221;. Sinceramente yo imagin\u00e9 que el r\u00edo me iba a abrazar, y as\u00ed fue. El compartir en ese lugar sabiendo que al d\u00eda siguiente volver\u00edamos a casa fue un momento intenso, yo particularmente tuve un momento reflexivo sobre resistirse o permitirse, que si fluyes con la corriente llegas m\u00e1s r\u00e1pido a un lugar, que te demoras m\u00e1s si vas en contra corriente, pero que lo que prevalece es hac\u00eda d\u00f3nde quieres ir. Ese lugar que puede estar en contra o a favor de la corriente, esa meta, logro u objetivo, es lo primordial.<\/p>\n<p style=\"text-align: justify;\">Adem\u00e1s lo importante que es permitirse, que hay caminos llenos de barro, piedras calientes, pasto, incluso una mata llamada &#8220;tumba borrachos&#8221; -porque es f\u00e1cil enredarse y tropezar-, y ver con un gesto bien claro que la comunidad estaba contenta con nuestra presencia all\u00ed, quer\u00eda que regres\u00e1ramos.<\/p>\n<p><strong>&#8211; Lara C\u00e1rdenas<\/strong> (de la XI implementaci\u00f3n del Programa de Liderazgo Ignaciano Universitario Latinoamericano).<\/p>\n<p style=\"text-align: center;\"><img loading=\"lazy\" class=\"alignnone size-medium wp-image-8611\" src=\"https:\/\/www.ucat.edu.ve\/web\/wp-content\/uploads\/2022\/01\/CMU2021-Lara-Cardenas-430x322.png\" alt=\"\" width=\"430\" height=\"322\" srcset=\"https:\/\/www.ucat.edu.ve\/web\/wp-content\/uploads\/2022\/01\/CMU2021-Lara-Cardenas-430x322.png 430w, https:\/\/www.ucat.edu.ve\/web\/wp-content\/uploads\/2022\/01\/CMU2021-Lara-Cardenas.png 631w\" sizes=\"(max-width: 430px) 100vw, 430px\" \/><\/p>\n<p>&nbsp;<\/p>\n<p style=\"text-align: justify;\">El descubrir nuevas todas las cosas, las que estaban, las que siempre han estado, las cosas injustas, dolorosas o las m\u00e1s hermosas tiene a\u00fan m\u00e1s sentido desde el caminar incansable por las comunidades del Alto Apure, donde todo parece lejano, abandonado, hundido, conflictuado y escondido, justo all\u00ed donde nos perdemos, nos cansamos y quemamos. Pero m\u00e1s fuerte que las quemadas y el cansancio, m\u00e1s que el sol incandescente estaba el deseo puro de darle un sentido a lo sentido de verdad.<\/p>\n<p style=\"text-align: justify;\">En Sirir\u00ed, Alto Apure, nos encontr\u00e1bamos 4 j\u00f3venes con miedos, heridas, dudas y muchas preguntas, con ansias de encuentro y respuesta. Con amor nos dejamos afectar por las historias y los rostros de las personas causantes de hacer de Sirir\u00ed un lugar m\u00e1gico y de descubrimiento. \u00bfQu\u00e9 descubr\u00ed? Nuevas sonrisas y personas, el soltar m\u00e1s miedos para acercarme a la escucha de lo que vale la pena, el sentir, el dar, el servir, el amar y \u00bfpor qu\u00e9 no exagerar en el amar?. Descubr\u00ed que se puede amar m\u00e1s, y m\u00e1s se encuentra en cada inserci\u00f3n, nuestro reto es descubrirlo en nuestra realidad de todos los d\u00edas.<\/p>\n<p style=\"text-align: justify;\">Encontrarnos y descubrirnos no es cosa f\u00e1cil, nos sentimos vulnerables al mostrar nuestras heridas, nos da miedo abrirnos y mostrarnos con nuestras luces y sombras, en el camino nos frena el temor y hay barreras que nos impiden acercarnos con la pureza del amor a otras personas, pero este recorrido por el llano nos ense\u00f1a a compartir en silencio nuestro dolor, a no cargar solos lo que podemos cargar entre todos y, por supuesto, ense\u00f1a el camino de sanar para acercarnos y sentir de verdad, para encontrarnos y a su vez encontrar a cercanos y lejanos.<\/p>\n<p style=\"text-align: justify;\">No es posible vivir de otra forma luego de haber descubierto la vida sin vac\u00edos y es que lo dado en esta inserci\u00f3n fue vida. Tan simple y complicado como una vida con sentido: con el \u00fanico camino e idea de amar, de aprender, de poner manos a la obra, de entender, comprender, sanar, servir desde mi inicio y mi fin, regalar sin medida palabras, gestos, miradas, momentos y luz en la oscuridad. Estoy convencida de que no vale la pena andar por andar.<\/p>\n<p>&nbsp;<\/p>\n<p style=\"text-align: right;\"><em>Enero de 2022<\/em><br \/>\n<em>Pedro Luis Duque<\/em><br \/>\n<em>Decanato del Medio Universitario<\/em><br \/>\n<em>Universidad Cat\u00f3lica del T\u00e1chira<\/em><\/p>\n","protected":false},"excerpt":{"rendered":"<p>35 j\u00f3venes visitaron los llanos del alto Apure venezolano compartiendo su coraz\u00f3n con los hogares de El Nula y Ciudad Sucre. \u00a0Finalizando el a\u00f1o 2021, entre el 17 y el 22 de diciembre, se realiz\u00f3 el Campamento Misi\u00f3n Navide\u00f1o en la regi\u00f3n sur occidental de Venezuela, en el Estado Apure. El evento fue organizado y<\/p>\n","protected":false},"author":23,"featured_media":8603,"comment_status":"closed","ping_status":"closed","sticky":false,"template":"","format":"standard","meta":[],"categories":[3],"tags":[],"yoast_head":"<!-- This site is optimized with the Yoast SEO plugin v19.2 - https:\/\/yoast.com\/wordpress\/plugins\/seo\/ -->\n<title>Campamento Misi\u00f3n de Universitarios en Frontera - Universidad Cat\u00f3lica del T\u00e1chira<\/title>\n<meta name=\"robots\" content=\"index, follow, max-snippet:-1, max-image-preview:large, max-video-preview:-1\" \/>\n<link rel=\"canonical\" href=\"https:\/\/www.ucat.edu.ve\/web\/campamento-mision-de-universitarios-en-frontera\/\" \/>\n<meta property=\"og:locale\" content=\"es_ES\" \/>\n<meta property=\"og:type\" content=\"article\" \/>\n<meta property=\"og:title\" content=\"Campamento Misi\u00f3n de Universitarios en Frontera - Universidad Cat\u00f3lica del T\u00e1chira\" \/>\n<meta property=\"og:description\" content=\"35 j\u00f3venes visitaron los llanos del alto Apure venezolano compartiendo su coraz\u00f3n con los hogares de El Nula y Ciudad Sucre. \u00a0Finalizando el a\u00f1o 2021, entre el 17 y el 22 de diciembre, se realiz\u00f3 el Campamento Misi\u00f3n Navide\u00f1o en la regi\u00f3n sur occidental de Venezuela, en el Estado Apure. El evento fue organizado y\" \/>\n<meta property=\"og:url\" content=\"https:\/\/www.ucat.edu.ve\/web\/campamento-mision-de-universitarios-en-frontera\/\" \/>\n<meta property=\"og:site_name\" content=\"Universidad Cat\u00f3lica del T\u00e1chira\" \/>\n<meta property=\"article:publisher\" content=\"https:\/\/www.facebook.com\/notiucat\/\" \/>\n<meta property=\"article:published_time\" content=\"2022-01-13T18:49:19+00:00\" \/>\n<meta property=\"og:image\" content=\"https:\/\/www.ucat.edu.ve\/web\/wp-content\/uploads\/2022\/01\/2022-NDP-Campamento-Mision-UF.jpg\" \/>\n\t<meta property=\"og:image:width\" content=\"1243\" \/>\n\t<meta property=\"og:image:height\" content=\"768\" \/>\n\t<meta property=\"og:image:type\" content=\"image\/jpeg\" \/>\n<meta name=\"author\" content=\"Secretaria General\" \/>\n<meta name=\"twitter:card\" content=\"summary_large_image\" \/>\n<meta name=\"twitter:creator\" content=\"@notiucat\" \/>\n<meta name=\"twitter:site\" content=\"@notiucat\" \/>\n<meta name=\"twitter:label1\" content=\"Written by\" \/>\n\t<meta name=\"twitter:data1\" content=\"Secretaria General\" \/>\n\t<meta name=\"twitter:label2\" content=\"Est. reading time\" \/>\n\t<meta name=\"twitter:data2\" content=\"15 minutos\" \/>\n<script type=\"application\/ld+json\" class=\"yoast-schema-graph\">{\"@context\":\"https:\/\/schema.org\",\"@graph\":[{\"@type\":\"Organization\",\"@id\":\"https:\/\/www.ucat.edu.ve\/web\/#organization\",\"name\":\"Universidad Cat\u00f3lica Del T\u00e1chira UCAT\",\"url\":\"https:\/\/www.ucat.edu.ve\/web\/\",\"sameAs\":[\"https:\/\/www.instagram.com\/notiucat\/\",\"https:\/\/www.youtube.com\/channel\/UCwEbYSB1R9fzlII-8dcxuYA?view_as=subscriber\",\"https:\/\/www.facebook.com\/notiucat\/\",\"https:\/\/twitter.com\/notiucat\"],\"logo\":{\"@type\":\"ImageObject\",\"inLanguage\":\"es-ES\",\"@id\":\"https:\/\/www.ucat.edu.ve\/web\/#\/schema\/logo\/image\/\",\"url\":\"https:\/\/www.ucat.edu.ve\/web\/wp-content\/uploads\/2015\/07\/logoucat.gif\",\"contentUrl\":\"https:\/\/www.ucat.edu.ve\/web\/wp-content\/uploads\/2015\/07\/logoucat.gif\",\"width\":219,\"height\":155,\"caption\":\"Universidad Cat\u00f3lica Del T\u00e1chira UCAT\"},\"image\":{\"@id\":\"https:\/\/www.ucat.edu.ve\/web\/#\/schema\/logo\/image\/\"}},{\"@type\":\"WebSite\",\"@id\":\"https:\/\/www.ucat.edu.ve\/web\/#website\",\"url\":\"https:\/\/www.ucat.edu.ve\/web\/\",\"name\":\"Universidad Cat\u00f3lica del T\u00e1chira\",\"description\":\"\",\"publisher\":{\"@id\":\"https:\/\/www.ucat.edu.ve\/web\/#organization\"},\"potentialAction\":[{\"@type\":\"SearchAction\",\"target\":{\"@type\":\"EntryPoint\",\"urlTemplate\":\"https:\/\/www.ucat.edu.ve\/web\/?s={search_term_string}\"},\"query-input\":\"required name=search_term_string\"}],\"inLanguage\":\"es-ES\"},{\"@type\":\"ImageObject\",\"inLanguage\":\"es-ES\",\"@id\":\"https:\/\/www.ucat.edu.ve\/web\/campamento-mision-de-universitarios-en-frontera\/#primaryimage\",\"url\":\"https:\/\/www.ucat.edu.ve\/web\/wp-content\/uploads\/2022\/01\/2022-NDP-Campamento-Mision-UF.jpg\",\"contentUrl\":\"https:\/\/www.ucat.edu.ve\/web\/wp-content\/uploads\/2022\/01\/2022-NDP-Campamento-Mision-UF.jpg\",\"width\":1243,\"height\":768},{\"@type\":\"WebPage\",\"@id\":\"https:\/\/www.ucat.edu.ve\/web\/campamento-mision-de-universitarios-en-frontera\/#webpage\",\"url\":\"https:\/\/www.ucat.edu.ve\/web\/campamento-mision-de-universitarios-en-frontera\/\",\"name\":\"Campamento Misi\u00f3n de Universitarios en Frontera - Universidad Cat\u00f3lica del T\u00e1chira\",\"isPartOf\":{\"@id\":\"https:\/\/www.ucat.edu.ve\/web\/#website\"},\"primaryImageOfPage\":{\"@id\":\"https:\/\/www.ucat.edu.ve\/web\/campamento-mision-de-universitarios-en-frontera\/#primaryimage\"},\"datePublished\":\"2022-01-13T18:49:19+00:00\",\"dateModified\":\"2022-01-13T18:49:19+00:00\",\"breadcrumb\":{\"@id\":\"https:\/\/www.ucat.edu.ve\/web\/campamento-mision-de-universitarios-en-frontera\/#breadcrumb\"},\"inLanguage\":\"es-ES\",\"potentialAction\":[{\"@type\":\"ReadAction\",\"target\":[\"https:\/\/www.ucat.edu.ve\/web\/campamento-mision-de-universitarios-en-frontera\/\"]}]},{\"@type\":\"BreadcrumbList\",\"@id\":\"https:\/\/www.ucat.edu.ve\/web\/campamento-mision-de-universitarios-en-frontera\/#breadcrumb\",\"itemListElement\":[{\"@type\":\"ListItem\",\"position\":1,\"name\":\"Home\",\"item\":\"https:\/\/www.ucat.edu.ve\/web\/\"},{\"@type\":\"ListItem\",\"position\":2,\"name\":\"Campamento Misi\u00f3n de Universitarios en Frontera\"}]},{\"@type\":\"Article\",\"@id\":\"https:\/\/www.ucat.edu.ve\/web\/campamento-mision-de-universitarios-en-frontera\/#article\",\"isPartOf\":{\"@id\":\"https:\/\/www.ucat.edu.ve\/web\/campamento-mision-de-universitarios-en-frontera\/#webpage\"},\"author\":{\"name\":\"Secretaria General\",\"@id\":\"https:\/\/www.ucat.edu.ve\/web\/#\/schema\/person\/e90fe655adf97bd5c1dbc608855d16cf\"},\"headline\":\"Campamento Misi\u00f3n de Universitarios en Frontera\",\"datePublished\":\"2022-01-13T18:49:19+00:00\",\"dateModified\":\"2022-01-13T18:49:19+00:00\",\"mainEntityOfPage\":{\"@id\":\"https:\/\/www.ucat.edu.ve\/web\/campamento-mision-de-universitarios-en-frontera\/#webpage\"},\"wordCount\":3198,\"publisher\":{\"@id\":\"https:\/\/www.ucat.edu.ve\/web\/#organization\"},\"image\":{\"@id\":\"https:\/\/www.ucat.edu.ve\/web\/campamento-mision-de-universitarios-en-frontera\/#primaryimage\"},\"thumbnailUrl\":\"https:\/\/www.ucat.edu.ve\/web\/wp-content\/uploads\/2022\/01\/2022-NDP-Campamento-Mision-UF.jpg\",\"articleSection\":[\"Noticias\"],\"inLanguage\":\"es-ES\"},{\"@type\":\"Person\",\"@id\":\"https:\/\/www.ucat.edu.ve\/web\/#\/schema\/person\/e90fe655adf97bd5c1dbc608855d16cf\",\"name\":\"Secretaria General\",\"url\":\"https:\/\/www.ucat.edu.ve\/web\/author\/secgeucat\/\"}]}<\/script>\n<!-- \/ Yoast SEO plugin. -->","yoast_head_json":{"title":"Campamento Misi\u00f3n de Universitarios en Frontera - Universidad Cat\u00f3lica del T\u00e1chira","robots":{"index":"index","follow":"follow","max-snippet":"max-snippet:-1","max-image-preview":"max-image-preview:large","max-video-preview":"max-video-preview:-1"},"canonical":"https:\/\/www.ucat.edu.ve\/web\/campamento-mision-de-universitarios-en-frontera\/","og_locale":"es_ES","og_type":"article","og_title":"Campamento Misi\u00f3n de Universitarios en Frontera - Universidad Cat\u00f3lica del T\u00e1chira","og_description":"35 j\u00f3venes visitaron los llanos del alto Apure venezolano compartiendo su coraz\u00f3n con los hogares de El Nula y Ciudad Sucre. \u00a0Finalizando el a\u00f1o 2021, entre el 17 y el 22 de diciembre, se realiz\u00f3 el Campamento Misi\u00f3n Navide\u00f1o en la regi\u00f3n sur occidental de Venezuela, en el Estado Apure. El evento fue organizado y","og_url":"https:\/\/www.ucat.edu.ve\/web\/campamento-mision-de-universitarios-en-frontera\/","og_site_name":"Universidad Cat\u00f3lica del T\u00e1chira","article_publisher":"https:\/\/www.facebook.com\/notiucat\/","article_published_time":"2022-01-13T18:49:19+00:00","og_image":[{"width":1243,"height":768,"url":"https:\/\/www.ucat.edu.ve\/web\/wp-content\/uploads\/2022\/01\/2022-NDP-Campamento-Mision-UF.jpg","type":"image\/jpeg"}],"author":"Secretaria General","twitter_card":"summary_large_image","twitter_creator":"@notiucat","twitter_site":"@notiucat","twitter_misc":{"Written by":"Secretaria General","Est. reading time":"15 minutos"},"schema":{"@context":"https:\/\/schema.org","@graph":[{"@type":"Organization","@id":"https:\/\/www.ucat.edu.ve\/web\/#organization","name":"Universidad Cat\u00f3lica Del T\u00e1chira UCAT","url":"https:\/\/www.ucat.edu.ve\/web\/","sameAs":["https:\/\/www.instagram.com\/notiucat\/","https:\/\/www.youtube.com\/channel\/UCwEbYSB1R9fzlII-8dcxuYA?view_as=subscriber","https:\/\/www.facebook.com\/notiucat\/","https:\/\/twitter.com\/notiucat"],"logo":{"@type":"ImageObject","inLanguage":"es-ES","@id":"https:\/\/www.ucat.edu.ve\/web\/#\/schema\/logo\/image\/","url":"https:\/\/www.ucat.edu.ve\/web\/wp-content\/uploads\/2015\/07\/logoucat.gif","contentUrl":"https:\/\/www.ucat.edu.ve\/web\/wp-content\/uploads\/2015\/07\/logoucat.gif","width":219,"height":155,"caption":"Universidad Cat\u00f3lica Del T\u00e1chira UCAT"},"image":{"@id":"https:\/\/www.ucat.edu.ve\/web\/#\/schema\/logo\/image\/"}},{"@type":"WebSite","@id":"https:\/\/www.ucat.edu.ve\/web\/#website","url":"https:\/\/www.ucat.edu.ve\/web\/","name":"Universidad Cat\u00f3lica del T\u00e1chira","description":"","publisher":{"@id":"https:\/\/www.ucat.edu.ve\/web\/#organization"},"potentialAction":[{"@type":"SearchAction","target":{"@type":"EntryPoint","urlTemplate":"https:\/\/www.ucat.edu.ve\/web\/?s={search_term_string}"},"query-input":"required name=search_term_string"}],"inLanguage":"es-ES"},{"@type":"ImageObject","inLanguage":"es-ES","@id":"https:\/\/www.ucat.edu.ve\/web\/campamento-mision-de-universitarios-en-frontera\/#primaryimage","url":"https:\/\/www.ucat.edu.ve\/web\/wp-content\/uploads\/2022\/01\/2022-NDP-Campamento-Mision-UF.jpg","contentUrl":"https:\/\/www.ucat.edu.ve\/web\/wp-content\/uploads\/2022\/01\/2022-NDP-Campamento-Mision-UF.jpg","width":1243,"height":768},{"@type":"WebPage","@id":"https:\/\/www.ucat.edu.ve\/web\/campamento-mision-de-universitarios-en-frontera\/#webpage","url":"https:\/\/www.ucat.edu.ve\/web\/campamento-mision-de-universitarios-en-frontera\/","name":"Campamento Misi\u00f3n de Universitarios en Frontera - Universidad Cat\u00f3lica del T\u00e1chira","isPartOf":{"@id":"https:\/\/www.ucat.edu.ve\/web\/#website"},"primaryImageOfPage":{"@id":"https:\/\/www.ucat.edu.ve\/web\/campamento-mision-de-universitarios-en-frontera\/#primaryimage"},"datePublished":"2022-01-13T18:49:19+00:00","dateModified":"2022-01-13T18:49:19+00:00","breadcrumb":{"@id":"https:\/\/www.ucat.edu.ve\/web\/campamento-mision-de-universitarios-en-frontera\/#breadcrumb"},"inLanguage":"es-ES","potentialAction":[{"@type":"ReadAction","target":["https:\/\/www.ucat.edu.ve\/web\/campamento-mision-de-universitarios-en-frontera\/"]}]},{"@type":"BreadcrumbList","@id":"https:\/\/www.ucat.edu.ve\/web\/campamento-mision-de-universitarios-en-frontera\/#breadcrumb","itemListElement":[{"@type":"ListItem","position":1,"name":"Home","item":"https:\/\/www.ucat.edu.ve\/web\/"},{"@type":"ListItem","position":2,"name":"Campamento Misi\u00f3n de Universitarios en Frontera"}]},{"@type":"Article","@id":"https:\/\/www.ucat.edu.ve\/web\/campamento-mision-de-universitarios-en-frontera\/#article","isPartOf":{"@id":"https:\/\/www.ucat.edu.ve\/web\/campamento-mision-de-universitarios-en-frontera\/#webpage"},"author":{"name":"Secretaria General","@id":"https:\/\/www.ucat.edu.ve\/web\/#\/schema\/person\/e90fe655adf97bd5c1dbc608855d16cf"},"headline":"Campamento Misi\u00f3n de Universitarios en Frontera","datePublished":"2022-01-13T18:49:19+00:00","dateModified":"2022-01-13T18:49:19+00:00","mainEntityOfPage":{"@id":"https:\/\/www.ucat.edu.ve\/web\/campamento-mision-de-universitarios-en-frontera\/#webpage"},"wordCount":3198,"publisher":{"@id":"https:\/\/www.ucat.edu.ve\/web\/#organization"},"image":{"@id":"https:\/\/www.ucat.edu.ve\/web\/campamento-mision-de-universitarios-en-frontera\/#primaryimage"},"thumbnailUrl":"https:\/\/www.ucat.edu.ve\/web\/wp-content\/uploads\/2022\/01\/2022-NDP-Campamento-Mision-UF.jpg","articleSection":["Noticias"],"inLanguage":"es-ES"},{"@type":"Person","@id":"https:\/\/www.ucat.edu.ve\/web\/#\/schema\/person\/e90fe655adf97bd5c1dbc608855d16cf","name":"Secretaria General","url":"https:\/\/www.ucat.edu.ve\/web\/author\/secgeucat\/"}]}},"_links":{"self":[{"href":"https:\/\/www.ucat.edu.ve\/web\/wp-json\/wp\/v2\/posts\/8602"}],"collection":[{"href":"https:\/\/www.ucat.edu.ve\/web\/wp-json\/wp\/v2\/posts"}],"about":[{"href":"https:\/\/www.ucat.edu.ve\/web\/wp-json\/wp\/v2\/types\/post"}],"author":[{"embeddable":true,"href":"https:\/\/www.ucat.edu.ve\/web\/wp-json\/wp\/v2\/users\/23"}],"replies":[{"embeddable":true,"href":"https:\/\/www.ucat.edu.ve\/web\/wp-json\/wp\/v2\/comments?post=8602"}],"version-history":[{"count":1,"href":"https:\/\/www.ucat.edu.ve\/web\/wp-json\/wp\/v2\/posts\/8602\/revisions"}],"predecessor-version":[{"id":8612,"href":"https:\/\/www.ucat.edu.ve\/web\/wp-json\/wp\/v2\/posts\/8602\/revisions\/8612"}],"wp:featuredmedia":[{"embeddable":true,"href":"https:\/\/www.ucat.edu.ve\/web\/wp-json\/wp\/v2\/media\/8603"}],"wp:attachment":[{"href":"https:\/\/www.ucat.edu.ve\/web\/wp-json\/wp\/v2\/media?parent=8602"}],"wp:term":[{"taxonomy":"category","embeddable":true,"href":"https:\/\/www.ucat.edu.ve\/web\/wp-json\/wp\/v2\/categories?post=8602"},{"taxonomy":"post_tag","embeddable":true,"href":"https:\/\/www.ucat.edu.ve\/web\/wp-json\/wp\/v2\/tags?post=8602"}],"curies":[{"name":"wp","href":"https:\/\/api.w.org\/{rel}","templated":true}]}}