 {"id":8871,"date":"2022-03-11T23:20:26","date_gmt":"2022-03-11T23:20:26","guid":{"rendered":"https:\/\/www.ucat.edu.ve\/web\/?p=8871"},"modified":"2022-03-11T23:34:05","modified_gmt":"2022-03-11T23:34:05","slug":"taller-de-formacion-docente-gratuito-dirigido-a-profesores-de-educacion-media","status":"publish","type":"post","link":"https:\/\/www.ucat.edu.ve\/web\/taller-de-formacion-docente-gratuito-dirigido-a-profesores-de-educacion-media\/","title":{"rendered":"&#8220;Taller de Formaci\u00f3n Docente&#8221; gratuito, dirigido a profesores de Educaci\u00f3n Media"},"content":{"rendered":"<p style=\"text-align: center\"><span class=\"im\"><img loading=\"lazy\" class=\"alignnone size-medium wp-image-8881\" src=\"https:\/\/www.ucat.edu.ve\/web\/wp-content\/uploads\/2022\/03\/Banner_Noti_Taller-de-Formacion-Docente-521x289.jpg\" alt=\"\" width=\"521\" height=\"289\" srcset=\"https:\/\/www.ucat.edu.ve\/web\/wp-content\/uploads\/2022\/03\/Banner_Noti_Taller-de-Formacion-Docente-521x289.jpg 521w, https:\/\/www.ucat.edu.ve\/web\/wp-content\/uploads\/2022\/03\/Banner_Noti_Taller-de-Formacion-Docente.jpg 953w\" sizes=\"(max-width: 521px) 100vw, 521px\" \/>\u00a0<\/span><\/p>\n<p style=\"text-align: justify\">El pasado 3 de marzo del a\u00f1o en curso, se realiz\u00f3 en la Universidad Cat\u00f3lica del T\u00e1chira el Taller &#8220;Perspectiva de la Educaci\u00f3n Media General a la Educaci\u00f3n Universitaria\u201d, en donde se busc\u00f3 lograr una confluencia de opiniones de los docentes asistentes al encuentro, en torno a la actividad pedag\u00f3gica en nuestra regi\u00f3n y sus diferentes problem\u00e1ticas.<\/p>\n<p style=\"text-align: justify\">Es por ello que, tomando en cuenta que la educaci\u00f3n de calidad significa reconocer que cada estudiante debe ser formado para desarrollar sus potencialidades, participar plenamente y desenvolverse en la sociedad, la UCAT se hace presente una vez m\u00e1s. Por lo tanto, en aras de contribuir con esa premisa, presenta un &#8220;Taller de Formaci\u00f3n Docente&#8221;, destinado a los profesores de Educaci\u00f3n Media, con la finalidad de optimizar sus competencias en Planificaci\u00f3n Educativa, Tecnolog\u00edas y, Aprendizaje y Evaluaci\u00f3n Educativa, como forma de contribuir con su propia formaci\u00f3n y la de sus estudiantes.<\/p>\n<p style=\"text-align: justify\">Dicho taller tendr\u00e1 una duraci\u00f3n de un d\u00eda, de 8 am a 12m y de 2 pm a 5 pm, el cual se podr\u00e1 escoger entre los siguientes d\u00edas 23, 25, 30 de marzo y 1 de abril.<\/p>\n<p>Este se dictar\u00e1 en la sede de Sabana Larga de la UCAT. El taller es totalmente gratuito.<\/p>\n<h3 style=\"text-align: center\"><strong><a href=\"https:\/\/forms.gle\/PfqrkXH1fxbkozbV6\" target=\"_blank\" rel=\"noopener\">Registrarse Aqu\u00ed<\/a><\/strong><\/h3>\n<div><\/div>\n","protected":false},"excerpt":{"rendered":"<p>\u00a0 El pasado 3 de marzo del a\u00f1o en curso, se realiz\u00f3 en la Universidad Cat\u00f3lica del T\u00e1chira el Taller &#8220;Perspectiva de la Educaci\u00f3n Media General a la Educaci\u00f3n Universitaria\u201d, en donde se busc\u00f3 lograr una confluencia de opiniones de los docentes asistentes al encuentro, en torno a la actividad pedag\u00f3gica en nuestra regi\u00f3n y<\/p>\n","protected":false},"author":23,"featured_media":8881,"comment_status":"closed","ping_status":"closed","sticky":false,"template":"","format":"standard","meta":[],"categories":[3],"tags":[],"yoast_head":"<!-- This site is optimized with the Yoast SEO plugin v19.2 - https:\/\/yoast.com\/wordpress\/plugins\/seo\/ -->\n<title>&quot;Taller de Formaci\u00f3n Docente&quot; gratuito, dirigido a profesores de Educaci\u00f3n Media - Universidad Cat\u00f3lica del T\u00e1chira<\/title>\n<meta name=\"robots\" content=\"index, follow, max-snippet:-1, max-image-preview:large, max-video-preview:-1\" \/>\n<link rel=\"canonical\" href=\"https:\/\/www.ucat.edu.ve\/web\/taller-de-formacion-docente-gratuito-dirigido-a-profesores-de-educacion-media\/\" \/>\n<meta property=\"og:locale\" content=\"es_ES\" \/>\n<meta property=\"og:type\" content=\"article\" \/>\n<meta property=\"og:title\" content=\"&quot;Taller de Formaci\u00f3n Docente&quot; gratuito, dirigido a profesores de Educaci\u00f3n Media - Universidad Cat\u00f3lica del T\u00e1chira\" \/>\n<meta property=\"og:description\" content=\"\u00a0 El pasado 3 de marzo del a\u00f1o en curso, se realiz\u00f3 en la Universidad Cat\u00f3lica del T\u00e1chira el Taller &#8220;Perspectiva de la Educaci\u00f3n Media General a la Educaci\u00f3n Universitaria\u201d, en donde se busc\u00f3 lograr una confluencia de opiniones de los docentes asistentes al encuentro, en torno a la actividad pedag\u00f3gica en nuestra regi\u00f3n y\" \/>\n<meta property=\"og:url\" content=\"https:\/\/www.ucat.edu.ve\/web\/taller-de-formacion-docente-gratuito-dirigido-a-profesores-de-educacion-media\/\" \/>\n<meta property=\"og:site_name\" content=\"Universidad Cat\u00f3lica del T\u00e1chira\" \/>\n<meta property=\"article:publisher\" content=\"https:\/\/www.facebook.com\/notiucat\/\" \/>\n<meta property=\"article:published_time\" content=\"2022-03-11T23:20:26+00:00\" \/>\n<meta property=\"article:modified_time\" content=\"2022-03-11T23:34:05+00:00\" \/>\n<meta property=\"og:image\" content=\"https:\/\/www.ucat.edu.ve\/web\/wp-content\/uploads\/2022\/03\/Banner_Noti_Taller-de-Formacion-Docente.jpg\" \/>\n\t<meta property=\"og:image:width\" content=\"953\" \/>\n\t<meta property=\"og:image:height\" content=\"529\" \/>\n\t<meta property=\"og:image:type\" content=\"image\/jpeg\" \/>\n<meta name=\"author\" content=\"Secretaria General\" \/>\n<meta name=\"twitter:card\" content=\"summary_large_image\" \/>\n<meta name=\"twitter:creator\" content=\"@notiucat\" \/>\n<meta name=\"twitter:site\" content=\"@notiucat\" \/>\n<meta name=\"twitter:label1\" content=\"Written by\" \/>\n\t<meta name=\"twitter:data1\" content=\"Secretaria General\" \/>\n\t<meta name=\"twitter:label2\" content=\"Est. reading time\" \/>\n\t<meta name=\"twitter:data2\" content=\"2 minutos\" \/>\n<script type=\"application\/ld+json\" class=\"yoast-schema-graph\">{\"@context\":\"https:\/\/schema.org\",\"@graph\":[{\"@type\":\"Organization\",\"@id\":\"https:\/\/www.ucat.edu.ve\/web\/#organization\",\"name\":\"Universidad Cat\u00f3lica Del T\u00e1chira UCAT\",\"url\":\"https:\/\/www.ucat.edu.ve\/web\/\",\"sameAs\":[\"https:\/\/www.instagram.com\/notiucat\/\",\"https:\/\/www.youtube.com\/channel\/UCwEbYSB1R9fzlII-8dcxuYA?view_as=subscriber\",\"https:\/\/www.facebook.com\/notiucat\/\",\"https:\/\/twitter.com\/notiucat\"],\"logo\":{\"@type\":\"ImageObject\",\"inLanguage\":\"es-ES\",\"@id\":\"https:\/\/www.ucat.edu.ve\/web\/#\/schema\/logo\/image\/\",\"url\":\"https:\/\/www.ucat.edu.ve\/web\/wp-content\/uploads\/2015\/07\/logoucat.gif\",\"contentUrl\":\"https:\/\/www.ucat.edu.ve\/web\/wp-content\/uploads\/2015\/07\/logoucat.gif\",\"width\":219,\"height\":155,\"caption\":\"Universidad Cat\u00f3lica Del T\u00e1chira UCAT\"},\"image\":{\"@id\":\"https:\/\/www.ucat.edu.ve\/web\/#\/schema\/logo\/image\/\"}},{\"@type\":\"WebSite\",\"@id\":\"https:\/\/www.ucat.edu.ve\/web\/#website\",\"url\":\"https:\/\/www.ucat.edu.ve\/web\/\",\"name\":\"Universidad Cat\u00f3lica del T\u00e1chira\",\"description\":\"\",\"publisher\":{\"@id\":\"https:\/\/www.ucat.edu.ve\/web\/#organization\"},\"potentialAction\":[{\"@type\":\"SearchAction\",\"target\":{\"@type\":\"EntryPoint\",\"urlTemplate\":\"https:\/\/www.ucat.edu.ve\/web\/?s={search_term_string}\"},\"query-input\":\"required name=search_term_string\"}],\"inLanguage\":\"es-ES\"},{\"@type\":\"ImageObject\",\"inLanguage\":\"es-ES\",\"@id\":\"https:\/\/www.ucat.edu.ve\/web\/taller-de-formacion-docente-gratuito-dirigido-a-profesores-de-educacion-media\/#primaryimage\",\"url\":\"https:\/\/www.ucat.edu.ve\/web\/wp-content\/uploads\/2022\/03\/Banner_Noti_Taller-de-Formacion-Docente.jpg\",\"contentUrl\":\"https:\/\/www.ucat.edu.ve\/web\/wp-content\/uploads\/2022\/03\/Banner_Noti_Taller-de-Formacion-Docente.jpg\",\"width\":953,\"height\":529},{\"@type\":\"WebPage\",\"@id\":\"https:\/\/www.ucat.edu.ve\/web\/taller-de-formacion-docente-gratuito-dirigido-a-profesores-de-educacion-media\/#webpage\",\"url\":\"https:\/\/www.ucat.edu.ve\/web\/taller-de-formacion-docente-gratuito-dirigido-a-profesores-de-educacion-media\/\",\"name\":\"\\\"Taller de Formaci\u00f3n Docente\\\" gratuito, dirigido a profesores de Educaci\u00f3n Media - Universidad Cat\u00f3lica del T\u00e1chira\",\"isPartOf\":{\"@id\":\"https:\/\/www.ucat.edu.ve\/web\/#website\"},\"primaryImageOfPage\":{\"@id\":\"https:\/\/www.ucat.edu.ve\/web\/taller-de-formacion-docente-gratuito-dirigido-a-profesores-de-educacion-media\/#primaryimage\"},\"datePublished\":\"2022-03-11T23:20:26+00:00\",\"dateModified\":\"2022-03-11T23:34:05+00:00\",\"breadcrumb\":{\"@id\":\"https:\/\/www.ucat.edu.ve\/web\/taller-de-formacion-docente-gratuito-dirigido-a-profesores-de-educacion-media\/#breadcrumb\"},\"inLanguage\":\"es-ES\",\"potentialAction\":[{\"@type\":\"ReadAction\",\"target\":[\"https:\/\/www.ucat.edu.ve\/web\/taller-de-formacion-docente-gratuito-dirigido-a-profesores-de-educacion-media\/\"]}]},{\"@type\":\"BreadcrumbList\",\"@id\":\"https:\/\/www.ucat.edu.ve\/web\/taller-de-formacion-docente-gratuito-dirigido-a-profesores-de-educacion-media\/#breadcrumb\",\"itemListElement\":[{\"@type\":\"ListItem\",\"position\":1,\"name\":\"Home\",\"item\":\"https:\/\/www.ucat.edu.ve\/web\/\"},{\"@type\":\"ListItem\",\"position\":2,\"name\":\"&#8220;Taller de Formaci\u00f3n Docente&#8221; gratuito, dirigido a profesores de Educaci\u00f3n Media\"}]},{\"@type\":\"Article\",\"@id\":\"https:\/\/www.ucat.edu.ve\/web\/taller-de-formacion-docente-gratuito-dirigido-a-profesores-de-educacion-media\/#article\",\"isPartOf\":{\"@id\":\"https:\/\/www.ucat.edu.ve\/web\/taller-de-formacion-docente-gratuito-dirigido-a-profesores-de-educacion-media\/#webpage\"},\"author\":{\"name\":\"Secretaria General\",\"@id\":\"https:\/\/www.ucat.edu.ve\/web\/#\/schema\/person\/e90fe655adf97bd5c1dbc608855d16cf\"},\"headline\":\"&#8220;Taller de Formaci\u00f3n Docente&#8221; gratuito, dirigido a profesores de Educaci\u00f3n Media\",\"datePublished\":\"2022-03-11T23:20:26+00:00\",\"dateModified\":\"2022-03-11T23:34:05+00:00\",\"mainEntityOfPage\":{\"@id\":\"https:\/\/www.ucat.edu.ve\/web\/taller-de-formacion-docente-gratuito-dirigido-a-profesores-de-educacion-media\/#webpage\"},\"wordCount\":229,\"publisher\":{\"@id\":\"https:\/\/www.ucat.edu.ve\/web\/#organization\"},\"image\":{\"@id\":\"https:\/\/www.ucat.edu.ve\/web\/taller-de-formacion-docente-gratuito-dirigido-a-profesores-de-educacion-media\/#primaryimage\"},\"thumbnailUrl\":\"https:\/\/www.ucat.edu.ve\/web\/wp-content\/uploads\/2022\/03\/Banner_Noti_Taller-de-Formacion-Docente.jpg\",\"articleSection\":[\"Noticias\"],\"inLanguage\":\"es-ES\"},{\"@type\":\"Person\",\"@id\":\"https:\/\/www.ucat.edu.ve\/web\/#\/schema\/person\/e90fe655adf97bd5c1dbc608855d16cf\",\"name\":\"Secretaria General\",\"url\":\"https:\/\/www.ucat.edu.ve\/web\/author\/secgeucat\/\"}]}<\/script>\n<!-- \/ Yoast SEO plugin. -->","yoast_head_json":{"title":"\"Taller de Formaci\u00f3n Docente\" gratuito, dirigido a profesores de Educaci\u00f3n Media - Universidad Cat\u00f3lica del T\u00e1chira","robots":{"index":"index","follow":"follow","max-snippet":"max-snippet:-1","max-image-preview":"max-image-preview:large","max-video-preview":"max-video-preview:-1"},"canonical":"https:\/\/www.ucat.edu.ve\/web\/taller-de-formacion-docente-gratuito-dirigido-a-profesores-de-educacion-media\/","og_locale":"es_ES","og_type":"article","og_title":"\"Taller de Formaci\u00f3n Docente\" gratuito, dirigido a profesores de Educaci\u00f3n Media - Universidad Cat\u00f3lica del T\u00e1chira","og_description":"\u00a0 El pasado 3 de marzo del a\u00f1o en curso, se realiz\u00f3 en la Universidad Cat\u00f3lica del T\u00e1chira el Taller &#8220;Perspectiva de la Educaci\u00f3n Media General a la Educaci\u00f3n Universitaria\u201d, en donde se busc\u00f3 lograr una confluencia de opiniones de los docentes asistentes al encuentro, en torno a la actividad pedag\u00f3gica en nuestra regi\u00f3n y","og_url":"https:\/\/www.ucat.edu.ve\/web\/taller-de-formacion-docente-gratuito-dirigido-a-profesores-de-educacion-media\/","og_site_name":"Universidad Cat\u00f3lica del T\u00e1chira","article_publisher":"https:\/\/www.facebook.com\/notiucat\/","article_published_time":"2022-03-11T23:20:26+00:00","article_modified_time":"2022-03-11T23:34:05+00:00","og_image":[{"width":953,"height":529,"url":"https:\/\/www.ucat.edu.ve\/web\/wp-content\/uploads\/2022\/03\/Banner_Noti_Taller-de-Formacion-Docente.jpg","type":"image\/jpeg"}],"author":"Secretaria General","twitter_card":"summary_large_image","twitter_creator":"@notiucat","twitter_site":"@notiucat","twitter_misc":{"Written by":"Secretaria General","Est. reading time":"2 minutos"},"schema":{"@context":"https:\/\/schema.org","@graph":[{"@type":"Organization","@id":"https:\/\/www.ucat.edu.ve\/web\/#organization","name":"Universidad Cat\u00f3lica Del T\u00e1chira UCAT","url":"https:\/\/www.ucat.edu.ve\/web\/","sameAs":["https:\/\/www.instagram.com\/notiucat\/","https:\/\/www.youtube.com\/channel\/UCwEbYSB1R9fzlII-8dcxuYA?view_as=subscriber","https:\/\/www.facebook.com\/notiucat\/","https:\/\/twitter.com\/notiucat"],"logo":{"@type":"ImageObject","inLanguage":"es-ES","@id":"https:\/\/www.ucat.edu.ve\/web\/#\/schema\/logo\/image\/","url":"https:\/\/www.ucat.edu.ve\/web\/wp-content\/uploads\/2015\/07\/logoucat.gif","contentUrl":"https:\/\/www.ucat.edu.ve\/web\/wp-content\/uploads\/2015\/07\/logoucat.gif","width":219,"height":155,"caption":"Universidad Cat\u00f3lica Del T\u00e1chira UCAT"},"image":{"@id":"https:\/\/www.ucat.edu.ve\/web\/#\/schema\/logo\/image\/"}},{"@type":"WebSite","@id":"https:\/\/www.ucat.edu.ve\/web\/#website","url":"https:\/\/www.ucat.edu.ve\/web\/","name":"Universidad Cat\u00f3lica del T\u00e1chira","description":"","publisher":{"@id":"https:\/\/www.ucat.edu.ve\/web\/#organization"},"potentialAction":[{"@type":"SearchAction","target":{"@type":"EntryPoint","urlTemplate":"https:\/\/www.ucat.edu.ve\/web\/?s={search_term_string}"},"query-input":"required name=search_term_string"}],"inLanguage":"es-ES"},{"@type":"ImageObject","inLanguage":"es-ES","@id":"https:\/\/www.ucat.edu.ve\/web\/taller-de-formacion-docente-gratuito-dirigido-a-profesores-de-educacion-media\/#primaryimage","url":"https:\/\/www.ucat.edu.ve\/web\/wp-content\/uploads\/2022\/03\/Banner_Noti_Taller-de-Formacion-Docente.jpg","contentUrl":"https:\/\/www.ucat.edu.ve\/web\/wp-content\/uploads\/2022\/03\/Banner_Noti_Taller-de-Formacion-Docente.jpg","width":953,"height":529},{"@type":"WebPage","@id":"https:\/\/www.ucat.edu.ve\/web\/taller-de-formacion-docente-gratuito-dirigido-a-profesores-de-educacion-media\/#webpage","url":"https:\/\/www.ucat.edu.ve\/web\/taller-de-formacion-docente-gratuito-dirigido-a-profesores-de-educacion-media\/","name":"\"Taller de Formaci\u00f3n Docente\" gratuito, dirigido a profesores de Educaci\u00f3n Media - Universidad Cat\u00f3lica del T\u00e1chira","isPartOf":{"@id":"https:\/\/www.ucat.edu.ve\/web\/#website"},"primaryImageOfPage":{"@id":"https:\/\/www.ucat.edu.ve\/web\/taller-de-formacion-docente-gratuito-dirigido-a-profesores-de-educacion-media\/#primaryimage"},"datePublished":"2022-03-11T23:20:26+00:00","dateModified":"2022-03-11T23:34:05+00:00","breadcrumb":{"@id":"https:\/\/www.ucat.edu.ve\/web\/taller-de-formacion-docente-gratuito-dirigido-a-profesores-de-educacion-media\/#breadcrumb"},"inLanguage":"es-ES","potentialAction":[{"@type":"ReadAction","target":["https:\/\/www.ucat.edu.ve\/web\/taller-de-formacion-docente-gratuito-dirigido-a-profesores-de-educacion-media\/"]}]},{"@type":"BreadcrumbList","@id":"https:\/\/www.ucat.edu.ve\/web\/taller-de-formacion-docente-gratuito-dirigido-a-profesores-de-educacion-media\/#breadcrumb","itemListElement":[{"@type":"ListItem","position":1,"name":"Home","item":"https:\/\/www.ucat.edu.ve\/web\/"},{"@type":"ListItem","position":2,"name":"&#8220;Taller de Formaci\u00f3n Docente&#8221; gratuito, dirigido a profesores de Educaci\u00f3n Media"}]},{"@type":"Article","@id":"https:\/\/www.ucat.edu.ve\/web\/taller-de-formacion-docente-gratuito-dirigido-a-profesores-de-educacion-media\/#article","isPartOf":{"@id":"https:\/\/www.ucat.edu.ve\/web\/taller-de-formacion-docente-gratuito-dirigido-a-profesores-de-educacion-media\/#webpage"},"author":{"name":"Secretaria General","@id":"https:\/\/www.ucat.edu.ve\/web\/#\/schema\/person\/e90fe655adf97bd5c1dbc608855d16cf"},"headline":"&#8220;Taller de Formaci\u00f3n Docente&#8221; gratuito, dirigido a profesores de Educaci\u00f3n Media","datePublished":"2022-03-11T23:20:26+00:00","dateModified":"2022-03-11T23:34:05+00:00","mainEntityOfPage":{"@id":"https:\/\/www.ucat.edu.ve\/web\/taller-de-formacion-docente-gratuito-dirigido-a-profesores-de-educacion-media\/#webpage"},"wordCount":229,"publisher":{"@id":"https:\/\/www.ucat.edu.ve\/web\/#organization"},"image":{"@id":"https:\/\/www.ucat.edu.ve\/web\/taller-de-formacion-docente-gratuito-dirigido-a-profesores-de-educacion-media\/#primaryimage"},"thumbnailUrl":"https:\/\/www.ucat.edu.ve\/web\/wp-content\/uploads\/2022\/03\/Banner_Noti_Taller-de-Formacion-Docente.jpg","articleSection":["Noticias"],"inLanguage":"es-ES"},{"@type":"Person","@id":"https:\/\/www.ucat.edu.ve\/web\/#\/schema\/person\/e90fe655adf97bd5c1dbc608855d16cf","name":"Secretaria General","url":"https:\/\/www.ucat.edu.ve\/web\/author\/secgeucat\/"}]}},"_links":{"self":[{"href":"https:\/\/www.ucat.edu.ve\/web\/wp-json\/wp\/v2\/posts\/8871"}],"collection":[{"href":"https:\/\/www.ucat.edu.ve\/web\/wp-json\/wp\/v2\/posts"}],"about":[{"href":"https:\/\/www.ucat.edu.ve\/web\/wp-json\/wp\/v2\/types\/post"}],"author":[{"embeddable":true,"href":"https:\/\/www.ucat.edu.ve\/web\/wp-json\/wp\/v2\/users\/23"}],"replies":[{"embeddable":true,"href":"https:\/\/www.ucat.edu.ve\/web\/wp-json\/wp\/v2\/comments?post=8871"}],"version-history":[{"count":6,"href":"https:\/\/www.ucat.edu.ve\/web\/wp-json\/wp\/v2\/posts\/8871\/revisions"}],"predecessor-version":[{"id":8964,"href":"https:\/\/www.ucat.edu.ve\/web\/wp-json\/wp\/v2\/posts\/8871\/revisions\/8964"}],"wp:featuredmedia":[{"embeddable":true,"href":"https:\/\/www.ucat.edu.ve\/web\/wp-json\/wp\/v2\/media\/8881"}],"wp:attachment":[{"href":"https:\/\/www.ucat.edu.ve\/web\/wp-json\/wp\/v2\/media?parent=8871"}],"wp:term":[{"taxonomy":"category","embeddable":true,"href":"https:\/\/www.ucat.edu.ve\/web\/wp-json\/wp\/v2\/categories?post=8871"},{"taxonomy":"post_tag","embeddable":true,"href":"https:\/\/www.ucat.edu.ve\/web\/wp-json\/wp\/v2\/tags?post=8871"}],"curies":[{"name":"wp","href":"https:\/\/api.w.org\/{rel}","templated":true}]}}