 {"id":8929,"date":"2022-03-18T18:12:24","date_gmt":"2022-03-18T18:12:24","guid":{"rendered":"https:\/\/www.ucat.edu.ve\/web\/?p=8929"},"modified":"2022-03-18T18:12:24","modified_gmt":"2022-03-18T18:12:24","slug":"asistente-del-padre-general-de-visita-en-la-ucat","status":"publish","type":"post","link":"https:\/\/www.ucat.edu.ve\/web\/asistente-del-padre-general-de-visita-en-la-ucat\/","title":{"rendered":"Asistente del Padre General de visita en la UCAT"},"content":{"rendered":"<p style=\"text-align: center;\"><img loading=\"lazy\" class=\"alignnone size-medium wp-image-8930\" src=\"https:\/\/www.ucat.edu.ve\/web\/wp-content\/uploads\/2022\/03\/Noticia-UCAT_R.-P.-Jesus-M.-Zaglul-Criado-S.-I.-Asistente-Regional-para-America-Latina-Septentrional-521x322.jpg\" alt=\"\" width=\"521\" height=\"322\" srcset=\"https:\/\/www.ucat.edu.ve\/web\/wp-content\/uploads\/2022\/03\/Noticia-UCAT_R.-P.-Jesus-M.-Zaglul-Criado-S.-I.-Asistente-Regional-para-America-Latina-Septentrional-521x322.jpg 521w, https:\/\/www.ucat.edu.ve\/web\/wp-content\/uploads\/2022\/03\/Noticia-UCAT_R.-P.-Jesus-M.-Zaglul-Criado-S.-I.-Asistente-Regional-para-America-Latina-Septentrional-340x210.jpg 340w, https:\/\/www.ucat.edu.ve\/web\/wp-content\/uploads\/2022\/03\/Noticia-UCAT_R.-P.-Jesus-M.-Zaglul-Criado-S.-I.-Asistente-Regional-para-America-Latina-Septentrional.jpg 1086w\" sizes=\"(max-width: 521px) 100vw, 521px\" \/><\/p>\n<p style=\"text-align: justify;\">El jueves 17 de marzo de 2022, en el marco de la Visita Ordinaria a la Provincia de Venezuela de la Compa\u00f1\u00eda de Jes\u00fas, el R. P. Jes\u00fas M. Zaglul Criado, S. I., Asistente Regional para Am\u00e9rica Latina Septentrional, tuvo ocasi\u00f3n de tomar contacto con la vida y obra de la Universidad Cat\u00f3lica del T\u00e1chira, instituci\u00f3n diocesana de San Crist\u00f3bal confiada al cuidado e inspiraci\u00f3n de la Compa\u00f1\u00eda.<\/p>\n<p style=\"text-align: justify;\">En ese sentido, pudo este participar de la I Asamblea Regional de Educaci\u00f3n, en el que la UCAT era anfitriona principal; as\u00ed como encontrarse con miembros de la Comunidad Jesu\u00edtica presentes en la instituci\u00f3n, de su comunidad universitaria, de programas de formaci\u00f3n integral dentro de ella y de representantes de las instituciones que se integran en la Red Apost\u00f3lica Ignaciana de la Frontera (RAIF).<\/p>\n<p style=\"text-align: justify;\">\nSeguidamente, se reuni\u00f3 con el Consejo Rectoral, con cuyos miembros pudo conocer en detalle la historia y evoluci\u00f3n de la instituci\u00f3n, su impacto en la comunidad del suroeste venezolano, sus proyectos y afanes; hubo el espacio para el fraterno intercambio de impresiones y el reafirmarse en las Preferencias Apost\u00f3licas Universales de la Compa\u00f1\u00eda de Jes\u00fas.<\/p>\n<p style=\"text-align: justify;\">\nLuego, tuvo el Padre Zaglul ocasi\u00f3n de hacer un recorrido para conocer las instalaciones de la Sede de Sabana Larga en compa\u00f1\u00eda de una comitiva presidida por nuestro Rector, el P. Javier Yonekura; culmin\u00e1ndose la visita con un encuentro, al final del d\u00eda, con nuestro Gran Canciller, Mons. Dr. Mario del Valle Moronta Rodr\u00edguez en la Casa Episcopal, como testimonio de la comuni\u00f3n de todas las obras con la Iglesia Particular de San Crist\u00f3bal y la Iglesia Universal.<\/p>\n<p style=\"text-align: right;\">(PrensaUCAT)<\/p>\n","protected":false},"excerpt":{"rendered":"<p>El jueves 17 de marzo de 2022, en el marco de la Visita Ordinaria a la Provincia de Venezuela de la Compa\u00f1\u00eda de Jes\u00fas, el R. P. Jes\u00fas M. Zaglul Criado, S. I., Asistente Regional para Am\u00e9rica Latina Septentrional, tuvo ocasi\u00f3n de tomar contacto con la vida y obra de la Universidad Cat\u00f3lica del T\u00e1chira,<\/p>\n","protected":false},"author":23,"featured_media":8930,"comment_status":"closed","ping_status":"closed","sticky":false,"template":"","format":"standard","meta":[],"categories":[3],"tags":[],"yoast_head":"<!-- This site is optimized with the Yoast SEO plugin v19.2 - https:\/\/yoast.com\/wordpress\/plugins\/seo\/ -->\n<title>Asistente del Padre General de visita en la UCAT - Universidad Cat\u00f3lica del T\u00e1chira<\/title>\n<meta name=\"robots\" content=\"index, follow, max-snippet:-1, max-image-preview:large, max-video-preview:-1\" \/>\n<link rel=\"canonical\" href=\"https:\/\/www.ucat.edu.ve\/web\/asistente-del-padre-general-de-visita-en-la-ucat\/\" \/>\n<meta property=\"og:locale\" content=\"es_ES\" \/>\n<meta property=\"og:type\" content=\"article\" \/>\n<meta property=\"og:title\" content=\"Asistente del Padre General de visita en la UCAT - Universidad Cat\u00f3lica del T\u00e1chira\" \/>\n<meta property=\"og:description\" content=\"El jueves 17 de marzo de 2022, en el marco de la Visita Ordinaria a la Provincia de Venezuela de la Compa\u00f1\u00eda de Jes\u00fas, el R. P. Jes\u00fas M. Zaglul Criado, S. I., Asistente Regional para Am\u00e9rica Latina Septentrional, tuvo ocasi\u00f3n de tomar contacto con la vida y obra de la Universidad Cat\u00f3lica del T\u00e1chira,\" \/>\n<meta property=\"og:url\" content=\"https:\/\/www.ucat.edu.ve\/web\/asistente-del-padre-general-de-visita-en-la-ucat\/\" \/>\n<meta property=\"og:site_name\" content=\"Universidad Cat\u00f3lica del T\u00e1chira\" \/>\n<meta property=\"article:publisher\" content=\"https:\/\/www.facebook.com\/notiucat\/\" \/>\n<meta property=\"article:published_time\" content=\"2022-03-18T18:12:24+00:00\" \/>\n<meta property=\"og:image\" content=\"https:\/\/www.ucat.edu.ve\/web\/wp-content\/uploads\/2022\/03\/Noticia-UCAT_R.-P.-Jesus-M.-Zaglul-Criado-S.-I.-Asistente-Regional-para-America-Latina-Septentrional.jpg\" \/>\n\t<meta property=\"og:image:width\" content=\"1086\" \/>\n\t<meta property=\"og:image:height\" content=\"671\" \/>\n\t<meta property=\"og:image:type\" content=\"image\/jpeg\" \/>\n<meta name=\"author\" content=\"Secretaria General\" \/>\n<meta name=\"twitter:card\" content=\"summary_large_image\" \/>\n<meta name=\"twitter:creator\" content=\"@notiucat\" \/>\n<meta name=\"twitter:site\" content=\"@notiucat\" \/>\n<meta name=\"twitter:label1\" content=\"Written by\" \/>\n\t<meta name=\"twitter:data1\" content=\"Secretaria General\" \/>\n\t<meta name=\"twitter:label2\" content=\"Est. reading time\" \/>\n\t<meta name=\"twitter:data2\" content=\"2 minutos\" \/>\n<script type=\"application\/ld+json\" class=\"yoast-schema-graph\">{\"@context\":\"https:\/\/schema.org\",\"@graph\":[{\"@type\":\"Organization\",\"@id\":\"https:\/\/www.ucat.edu.ve\/web\/#organization\",\"name\":\"Universidad Cat\u00f3lica Del T\u00e1chira UCAT\",\"url\":\"https:\/\/www.ucat.edu.ve\/web\/\",\"sameAs\":[\"https:\/\/www.instagram.com\/notiucat\/\",\"https:\/\/www.youtube.com\/channel\/UCwEbYSB1R9fzlII-8dcxuYA?view_as=subscriber\",\"https:\/\/www.facebook.com\/notiucat\/\",\"https:\/\/twitter.com\/notiucat\"],\"logo\":{\"@type\":\"ImageObject\",\"inLanguage\":\"es-ES\",\"@id\":\"https:\/\/www.ucat.edu.ve\/web\/#\/schema\/logo\/image\/\",\"url\":\"https:\/\/www.ucat.edu.ve\/web\/wp-content\/uploads\/2015\/07\/logoucat.gif\",\"contentUrl\":\"https:\/\/www.ucat.edu.ve\/web\/wp-content\/uploads\/2015\/07\/logoucat.gif\",\"width\":219,\"height\":155,\"caption\":\"Universidad Cat\u00f3lica Del T\u00e1chira UCAT\"},\"image\":{\"@id\":\"https:\/\/www.ucat.edu.ve\/web\/#\/schema\/logo\/image\/\"}},{\"@type\":\"WebSite\",\"@id\":\"https:\/\/www.ucat.edu.ve\/web\/#website\",\"url\":\"https:\/\/www.ucat.edu.ve\/web\/\",\"name\":\"Universidad Cat\u00f3lica del T\u00e1chira\",\"description\":\"\",\"publisher\":{\"@id\":\"https:\/\/www.ucat.edu.ve\/web\/#organization\"},\"potentialAction\":[{\"@type\":\"SearchAction\",\"target\":{\"@type\":\"EntryPoint\",\"urlTemplate\":\"https:\/\/www.ucat.edu.ve\/web\/?s={search_term_string}\"},\"query-input\":\"required name=search_term_string\"}],\"inLanguage\":\"es-ES\"},{\"@type\":\"ImageObject\",\"inLanguage\":\"es-ES\",\"@id\":\"https:\/\/www.ucat.edu.ve\/web\/asistente-del-padre-general-de-visita-en-la-ucat\/#primaryimage\",\"url\":\"https:\/\/www.ucat.edu.ve\/web\/wp-content\/uploads\/2022\/03\/Noticia-UCAT_R.-P.-Jesus-M.-Zaglul-Criado-S.-I.-Asistente-Regional-para-America-Latina-Septentrional.jpg\",\"contentUrl\":\"https:\/\/www.ucat.edu.ve\/web\/wp-content\/uploads\/2022\/03\/Noticia-UCAT_R.-P.-Jesus-M.-Zaglul-Criado-S.-I.-Asistente-Regional-para-America-Latina-Septentrional.jpg\",\"width\":1086,\"height\":671},{\"@type\":\"WebPage\",\"@id\":\"https:\/\/www.ucat.edu.ve\/web\/asistente-del-padre-general-de-visita-en-la-ucat\/#webpage\",\"url\":\"https:\/\/www.ucat.edu.ve\/web\/asistente-del-padre-general-de-visita-en-la-ucat\/\",\"name\":\"Asistente del Padre General de visita en la UCAT - Universidad Cat\u00f3lica del T\u00e1chira\",\"isPartOf\":{\"@id\":\"https:\/\/www.ucat.edu.ve\/web\/#website\"},\"primaryImageOfPage\":{\"@id\":\"https:\/\/www.ucat.edu.ve\/web\/asistente-del-padre-general-de-visita-en-la-ucat\/#primaryimage\"},\"datePublished\":\"2022-03-18T18:12:24+00:00\",\"dateModified\":\"2022-03-18T18:12:24+00:00\",\"breadcrumb\":{\"@id\":\"https:\/\/www.ucat.edu.ve\/web\/asistente-del-padre-general-de-visita-en-la-ucat\/#breadcrumb\"},\"inLanguage\":\"es-ES\",\"potentialAction\":[{\"@type\":\"ReadAction\",\"target\":[\"https:\/\/www.ucat.edu.ve\/web\/asistente-del-padre-general-de-visita-en-la-ucat\/\"]}]},{\"@type\":\"BreadcrumbList\",\"@id\":\"https:\/\/www.ucat.edu.ve\/web\/asistente-del-padre-general-de-visita-en-la-ucat\/#breadcrumb\",\"itemListElement\":[{\"@type\":\"ListItem\",\"position\":1,\"name\":\"Home\",\"item\":\"https:\/\/www.ucat.edu.ve\/web\/\"},{\"@type\":\"ListItem\",\"position\":2,\"name\":\"Asistente del Padre General de visita en la UCAT\"}]},{\"@type\":\"Article\",\"@id\":\"https:\/\/www.ucat.edu.ve\/web\/asistente-del-padre-general-de-visita-en-la-ucat\/#article\",\"isPartOf\":{\"@id\":\"https:\/\/www.ucat.edu.ve\/web\/asistente-del-padre-general-de-visita-en-la-ucat\/#webpage\"},\"author\":{\"name\":\"Secretaria General\",\"@id\":\"https:\/\/www.ucat.edu.ve\/web\/#\/schema\/person\/e90fe655adf97bd5c1dbc608855d16cf\"},\"headline\":\"Asistente del Padre General de visita en la UCAT\",\"datePublished\":\"2022-03-18T18:12:24+00:00\",\"dateModified\":\"2022-03-18T18:12:24+00:00\",\"mainEntityOfPage\":{\"@id\":\"https:\/\/www.ucat.edu.ve\/web\/asistente-del-padre-general-de-visita-en-la-ucat\/#webpage\"},\"wordCount\":301,\"publisher\":{\"@id\":\"https:\/\/www.ucat.edu.ve\/web\/#organization\"},\"image\":{\"@id\":\"https:\/\/www.ucat.edu.ve\/web\/asistente-del-padre-general-de-visita-en-la-ucat\/#primaryimage\"},\"thumbnailUrl\":\"https:\/\/www.ucat.edu.ve\/web\/wp-content\/uploads\/2022\/03\/Noticia-UCAT_R.-P.-Jesus-M.-Zaglul-Criado-S.-I.-Asistente-Regional-para-America-Latina-Septentrional.jpg\",\"articleSection\":[\"Noticias\"],\"inLanguage\":\"es-ES\"},{\"@type\":\"Person\",\"@id\":\"https:\/\/www.ucat.edu.ve\/web\/#\/schema\/person\/e90fe655adf97bd5c1dbc608855d16cf\",\"name\":\"Secretaria General\",\"url\":\"https:\/\/www.ucat.edu.ve\/web\/author\/secgeucat\/\"}]}<\/script>\n<!-- \/ Yoast SEO plugin. -->","yoast_head_json":{"title":"Asistente del Padre General de visita en la UCAT - Universidad Cat\u00f3lica del T\u00e1chira","robots":{"index":"index","follow":"follow","max-snippet":"max-snippet:-1","max-image-preview":"max-image-preview:large","max-video-preview":"max-video-preview:-1"},"canonical":"https:\/\/www.ucat.edu.ve\/web\/asistente-del-padre-general-de-visita-en-la-ucat\/","og_locale":"es_ES","og_type":"article","og_title":"Asistente del Padre General de visita en la UCAT - Universidad Cat\u00f3lica del T\u00e1chira","og_description":"El jueves 17 de marzo de 2022, en el marco de la Visita Ordinaria a la Provincia de Venezuela de la Compa\u00f1\u00eda de Jes\u00fas, el R. P. Jes\u00fas M. Zaglul Criado, S. I., Asistente Regional para Am\u00e9rica Latina Septentrional, tuvo ocasi\u00f3n de tomar contacto con la vida y obra de la Universidad Cat\u00f3lica del T\u00e1chira,","og_url":"https:\/\/www.ucat.edu.ve\/web\/asistente-del-padre-general-de-visita-en-la-ucat\/","og_site_name":"Universidad Cat\u00f3lica del T\u00e1chira","article_publisher":"https:\/\/www.facebook.com\/notiucat\/","article_published_time":"2022-03-18T18:12:24+00:00","og_image":[{"width":1086,"height":671,"url":"https:\/\/www.ucat.edu.ve\/web\/wp-content\/uploads\/2022\/03\/Noticia-UCAT_R.-P.-Jesus-M.-Zaglul-Criado-S.-I.-Asistente-Regional-para-America-Latina-Septentrional.jpg","type":"image\/jpeg"}],"author":"Secretaria General","twitter_card":"summary_large_image","twitter_creator":"@notiucat","twitter_site":"@notiucat","twitter_misc":{"Written by":"Secretaria General","Est. reading time":"2 minutos"},"schema":{"@context":"https:\/\/schema.org","@graph":[{"@type":"Organization","@id":"https:\/\/www.ucat.edu.ve\/web\/#organization","name":"Universidad Cat\u00f3lica Del T\u00e1chira UCAT","url":"https:\/\/www.ucat.edu.ve\/web\/","sameAs":["https:\/\/www.instagram.com\/notiucat\/","https:\/\/www.youtube.com\/channel\/UCwEbYSB1R9fzlII-8dcxuYA?view_as=subscriber","https:\/\/www.facebook.com\/notiucat\/","https:\/\/twitter.com\/notiucat"],"logo":{"@type":"ImageObject","inLanguage":"es-ES","@id":"https:\/\/www.ucat.edu.ve\/web\/#\/schema\/logo\/image\/","url":"https:\/\/www.ucat.edu.ve\/web\/wp-content\/uploads\/2015\/07\/logoucat.gif","contentUrl":"https:\/\/www.ucat.edu.ve\/web\/wp-content\/uploads\/2015\/07\/logoucat.gif","width":219,"height":155,"caption":"Universidad Cat\u00f3lica Del T\u00e1chira UCAT"},"image":{"@id":"https:\/\/www.ucat.edu.ve\/web\/#\/schema\/logo\/image\/"}},{"@type":"WebSite","@id":"https:\/\/www.ucat.edu.ve\/web\/#website","url":"https:\/\/www.ucat.edu.ve\/web\/","name":"Universidad Cat\u00f3lica del T\u00e1chira","description":"","publisher":{"@id":"https:\/\/www.ucat.edu.ve\/web\/#organization"},"potentialAction":[{"@type":"SearchAction","target":{"@type":"EntryPoint","urlTemplate":"https:\/\/www.ucat.edu.ve\/web\/?s={search_term_string}"},"query-input":"required name=search_term_string"}],"inLanguage":"es-ES"},{"@type":"ImageObject","inLanguage":"es-ES","@id":"https:\/\/www.ucat.edu.ve\/web\/asistente-del-padre-general-de-visita-en-la-ucat\/#primaryimage","url":"https:\/\/www.ucat.edu.ve\/web\/wp-content\/uploads\/2022\/03\/Noticia-UCAT_R.-P.-Jesus-M.-Zaglul-Criado-S.-I.-Asistente-Regional-para-America-Latina-Septentrional.jpg","contentUrl":"https:\/\/www.ucat.edu.ve\/web\/wp-content\/uploads\/2022\/03\/Noticia-UCAT_R.-P.-Jesus-M.-Zaglul-Criado-S.-I.-Asistente-Regional-para-America-Latina-Septentrional.jpg","width":1086,"height":671},{"@type":"WebPage","@id":"https:\/\/www.ucat.edu.ve\/web\/asistente-del-padre-general-de-visita-en-la-ucat\/#webpage","url":"https:\/\/www.ucat.edu.ve\/web\/asistente-del-padre-general-de-visita-en-la-ucat\/","name":"Asistente del Padre General de visita en la UCAT - Universidad Cat\u00f3lica del T\u00e1chira","isPartOf":{"@id":"https:\/\/www.ucat.edu.ve\/web\/#website"},"primaryImageOfPage":{"@id":"https:\/\/www.ucat.edu.ve\/web\/asistente-del-padre-general-de-visita-en-la-ucat\/#primaryimage"},"datePublished":"2022-03-18T18:12:24+00:00","dateModified":"2022-03-18T18:12:24+00:00","breadcrumb":{"@id":"https:\/\/www.ucat.edu.ve\/web\/asistente-del-padre-general-de-visita-en-la-ucat\/#breadcrumb"},"inLanguage":"es-ES","potentialAction":[{"@type":"ReadAction","target":["https:\/\/www.ucat.edu.ve\/web\/asistente-del-padre-general-de-visita-en-la-ucat\/"]}]},{"@type":"BreadcrumbList","@id":"https:\/\/www.ucat.edu.ve\/web\/asistente-del-padre-general-de-visita-en-la-ucat\/#breadcrumb","itemListElement":[{"@type":"ListItem","position":1,"name":"Home","item":"https:\/\/www.ucat.edu.ve\/web\/"},{"@type":"ListItem","position":2,"name":"Asistente del Padre General de visita en la UCAT"}]},{"@type":"Article","@id":"https:\/\/www.ucat.edu.ve\/web\/asistente-del-padre-general-de-visita-en-la-ucat\/#article","isPartOf":{"@id":"https:\/\/www.ucat.edu.ve\/web\/asistente-del-padre-general-de-visita-en-la-ucat\/#webpage"},"author":{"name":"Secretaria General","@id":"https:\/\/www.ucat.edu.ve\/web\/#\/schema\/person\/e90fe655adf97bd5c1dbc608855d16cf"},"headline":"Asistente del Padre General de visita en la UCAT","datePublished":"2022-03-18T18:12:24+00:00","dateModified":"2022-03-18T18:12:24+00:00","mainEntityOfPage":{"@id":"https:\/\/www.ucat.edu.ve\/web\/asistente-del-padre-general-de-visita-en-la-ucat\/#webpage"},"wordCount":301,"publisher":{"@id":"https:\/\/www.ucat.edu.ve\/web\/#organization"},"image":{"@id":"https:\/\/www.ucat.edu.ve\/web\/asistente-del-padre-general-de-visita-en-la-ucat\/#primaryimage"},"thumbnailUrl":"https:\/\/www.ucat.edu.ve\/web\/wp-content\/uploads\/2022\/03\/Noticia-UCAT_R.-P.-Jesus-M.-Zaglul-Criado-S.-I.-Asistente-Regional-para-America-Latina-Septentrional.jpg","articleSection":["Noticias"],"inLanguage":"es-ES"},{"@type":"Person","@id":"https:\/\/www.ucat.edu.ve\/web\/#\/schema\/person\/e90fe655adf97bd5c1dbc608855d16cf","name":"Secretaria General","url":"https:\/\/www.ucat.edu.ve\/web\/author\/secgeucat\/"}]}},"_links":{"self":[{"href":"https:\/\/www.ucat.edu.ve\/web\/wp-json\/wp\/v2\/posts\/8929"}],"collection":[{"href":"https:\/\/www.ucat.edu.ve\/web\/wp-json\/wp\/v2\/posts"}],"about":[{"href":"https:\/\/www.ucat.edu.ve\/web\/wp-json\/wp\/v2\/types\/post"}],"author":[{"embeddable":true,"href":"https:\/\/www.ucat.edu.ve\/web\/wp-json\/wp\/v2\/users\/23"}],"replies":[{"embeddable":true,"href":"https:\/\/www.ucat.edu.ve\/web\/wp-json\/wp\/v2\/comments?post=8929"}],"version-history":[{"count":1,"href":"https:\/\/www.ucat.edu.ve\/web\/wp-json\/wp\/v2\/posts\/8929\/revisions"}],"predecessor-version":[{"id":8931,"href":"https:\/\/www.ucat.edu.ve\/web\/wp-json\/wp\/v2\/posts\/8929\/revisions\/8931"}],"wp:featuredmedia":[{"embeddable":true,"href":"https:\/\/www.ucat.edu.ve\/web\/wp-json\/wp\/v2\/media\/8930"}],"wp:attachment":[{"href":"https:\/\/www.ucat.edu.ve\/web\/wp-json\/wp\/v2\/media?parent=8929"}],"wp:term":[{"taxonomy":"category","embeddable":true,"href":"https:\/\/www.ucat.edu.ve\/web\/wp-json\/wp\/v2\/categories?post=8929"},{"taxonomy":"post_tag","embeddable":true,"href":"https:\/\/www.ucat.edu.ve\/web\/wp-json\/wp\/v2\/tags?post=8929"}],"curies":[{"name":"wp","href":"https:\/\/api.w.org\/{rel}","templated":true}]}}