 {"id":8932,"date":"2022-03-22T00:27:53","date_gmt":"2022-03-22T00:27:53","guid":{"rendered":"https:\/\/www.ucat.edu.ve\/web\/?p=8932"},"modified":"2022-03-23T12:50:53","modified_gmt":"2022-03-23T12:50:53","slug":"ucat-realizo-primera-asamblea-regional-de-educacion","status":"publish","type":"post","link":"https:\/\/www.ucat.edu.ve\/web\/ucat-realizo-primera-asamblea-regional-de-educacion\/","title":{"rendered":"UCAT realiz\u00f3 Primera Asamblea Regional de Educaci\u00f3n"},"content":{"rendered":"<p style=\"text-align: center\"><img loading=\"lazy\" class=\"alignnone size-medium wp-image-8934\" src=\"https:\/\/www.ucat.edu.ve\/web\/wp-content\/uploads\/2022\/03\/Noticia-UCAT_UCAT-realizo-Primera-Asamblea-Regional-de-Educacion-521x322.jpg\" alt=\"\" width=\"521\" height=\"322\" srcset=\"https:\/\/www.ucat.edu.ve\/web\/wp-content\/uploads\/2022\/03\/Noticia-UCAT_UCAT-realizo-Primera-Asamblea-Regional-de-Educacion-521x322.jpg 521w, https:\/\/www.ucat.edu.ve\/web\/wp-content\/uploads\/2022\/03\/Noticia-UCAT_UCAT-realizo-Primera-Asamblea-Regional-de-Educacion-340x210.jpg 340w, https:\/\/www.ucat.edu.ve\/web\/wp-content\/uploads\/2022\/03\/Noticia-UCAT_UCAT-realizo-Primera-Asamblea-Regional-de-Educacion.jpg 1086w\" sizes=\"(max-width: 521px) 100vw, 521px\" \/><\/p>\n<p style=\"text-align: justify\">Con la participaci\u00f3n de 93 maestros del Estado T\u00e1chira y del Alto Apure se realiz\u00f3 la Primera Asamblea Regional de Educaci\u00f3n, organizada por la Universidad Cat\u00f3lica del T\u00e1chira junto a la Red Apost\u00f3lica Ignaciana de la Frontera (RAIF), entre los d\u00edas 17 y 18 de Marzo en las instalaciones de la sede Loma del Tejar, ubicada en Barrio Obrero, San Crist\u00f3bal.<\/p>\n<p style=\"text-align: justify\">El objetivo de la Asamblea fue \u201ccrear una red humana para intercambiar opiniones, adem\u00e1s de propiciar un espacio de encuentro entre maestros, organizaciones y actores del \u00e1mbito educativo del Estado T\u00e1chira y Alto Apure para saber qui\u00e9nes somos, qu\u00e9 hacemos, d\u00f3nde estamos y hacia d\u00f3nde vamos en este contexto complejo, plural y diverso de frontera donde desarrollamos la labor docente\u201d as\u00ed lo afirm\u00f3 el profesor Yensy Meneses.<\/p>\n<h3>Los temas<\/h3>\n<p style=\"text-align: justify\">Diversos temas acompa\u00f1aron la Asamblea Regional con la finalidad de exponer y reflexionar sobre la situaci\u00f3n educativa actual, entre ellas una Conferencia sobre \u201cLa Educaci\u00f3n en Venezuela y su contexto actual\u201d, por otra parte un conversatorio sobre \u201cLa formaci\u00f3n docente como respuesta a las necesidades actuales\u201d. Asimismo, fruct\u00edfero result\u00f3 el espacio del intercambio de ideas en los diversos paneles.<\/p>\n<h3>Las 7 mesas de trabajo<\/h3>\n<p style=\"text-align: justify\">Los participantes de la Asamblea intercambiaron sus experiencias y compromisos en las distintas mesas de trabajo que compon\u00edan los siguientes temas: Educaci\u00f3n y Migraci\u00f3n, Gesti\u00f3n Educativa, Tecnolog\u00eda y Educaci\u00f3n, Educaci\u00f3n en Frontera, Estado Internacional de docentes y alumnos, Calidad educativa, Capacitaci\u00f3n docente. Cada una de ellas lleg\u00f3 a conclusiones que se relataron en el cierre y compromisos adquiridos.<\/p>\n<h3>Los 2 compromisos despu\u00e9s de esta Asamblea<\/h3>\n<p style=\"text-align: justify\">En esta asamblea se demostr\u00f3 las buenas pr\u00e1cticas docentes, las carencias educativas, el entusiasmo de mejorar la calidad de la educaci\u00f3n, de la misma forma los asamble\u00edstas adquirieron compromisos para trabajar en conjunto.<\/p>\n<p style=\"text-align: justify\">El primer compromiso es la creaci\u00f3n de una red de educaci\u00f3n en la zona andina de frontera, mientras que un segundo es tener una segunda Asamblea en el mes de noviembre del presente a\u00f1o.<\/p>\n<p style=\"text-align: justify\">Finalmente, el cierre de la Asamblea estuvo a cargo del P. Ricardo Casanova, Vicerrector Acad\u00e9mico, en el que invit\u00f3 a seguir tomando estas iniciativas que re\u00fane a la comunidad educativa, la coordina y la inspira, para seguir apostando por la educaci\u00f3n en todos los niveles y modalidades en esta regi\u00f3n venezolana.<\/p>\n<p style=\"text-align: right\">\u00a0<\/p>\n\n\n<figure class=\"wp-block-embed is-type-video is-provider-youtube wp-block-embed-youtube wp-embed-aspect-16-9 wp-has-aspect-ratio\"><div class=\"wp-block-embed__wrapper\">\n<iframe loading=\"lazy\" title=\"\u00a1Prep\u00e1rate para Lograrlo!\" width=\"550\" height=\"309\" src=\"https:\/\/www.youtube.com\/embed\/oA3xh10d-Pk?feature=oembed\" frameborder=\"0\" allow=\"accelerometer; autoplay; clipboard-write; encrypted-media; gyroscope; picture-in-picture\" allowfullscreen><\/iframe>\n<\/div><\/figure>\n\n\n<p style=\"text-align: right\">(PrensaUCAT)<\/p>\n\n\n<p><\/p>\n","protected":false},"excerpt":{"rendered":"<p>Con la participaci\u00f3n de 93 maestros del Estado T\u00e1chira y del Alto Apure se realiz\u00f3 la Primera Asamblea Regional de Educaci\u00f3n, organizada por la Universidad Cat\u00f3lica del T\u00e1chira junto a la Red Apost\u00f3lica Ignaciana de la Frontera (RAIF), entre los d\u00edas 17 y 18 de Marzo en las instalaciones de la sede Loma del Tejar,<\/p>\n","protected":false},"author":23,"featured_media":8934,"comment_status":"closed","ping_status":"closed","sticky":false,"template":"","format":"standard","meta":[],"categories":[3],"tags":[],"yoast_head":"<!-- This site is optimized with the Yoast SEO plugin v19.2 - https:\/\/yoast.com\/wordpress\/plugins\/seo\/ -->\n<title>UCAT realiz\u00f3 Primera Asamblea Regional de Educaci\u00f3n - Universidad Cat\u00f3lica del T\u00e1chira<\/title>\n<meta name=\"description\" content=\"Con la participaci\u00f3n de 93 maestros del Estado T\u00e1chira y del Alto Apure se realiz\u00f3 la Primera Asamblea Regional de Educaci\u00f3n, organizada por la Universidad Cat\u00f3lica del T\u00e1chira junto a la Red Apost\u00f3lica Ignaciana de la Frontera (RAIF), entre los d\u00edas 17 y 18 de Marzo en las instalaciones de la sede Loma del Tejar, ubicada en Barrio Obrero, San Crist\u00f3bal.\" \/>\n<meta name=\"robots\" content=\"index, follow, max-snippet:-1, max-image-preview:large, max-video-preview:-1\" \/>\n<link rel=\"canonical\" href=\"https:\/\/www.ucat.edu.ve\/web\/ucat-realizo-primera-asamblea-regional-de-educacion\/\" \/>\n<meta property=\"og:locale\" content=\"es_ES\" \/>\n<meta property=\"og:type\" content=\"article\" \/>\n<meta property=\"og:title\" content=\"UCAT realiz\u00f3 Primera Asamblea Regional de Educaci\u00f3n - Universidad Cat\u00f3lica del T\u00e1chira\" \/>\n<meta property=\"og:description\" content=\"Con la participaci\u00f3n de 93 maestros del Estado T\u00e1chira y del Alto Apure se realiz\u00f3 la Primera Asamblea Regional de Educaci\u00f3n, organizada por la Universidad Cat\u00f3lica del T\u00e1chira junto a la Red Apost\u00f3lica Ignaciana de la Frontera (RAIF), entre los d\u00edas 17 y 18 de Marzo en las instalaciones de la sede Loma del Tejar, ubicada en Barrio Obrero, San Crist\u00f3bal.\" \/>\n<meta property=\"og:url\" content=\"https:\/\/www.ucat.edu.ve\/web\/ucat-realizo-primera-asamblea-regional-de-educacion\/\" \/>\n<meta property=\"og:site_name\" content=\"Universidad Cat\u00f3lica del T\u00e1chira\" \/>\n<meta property=\"article:publisher\" content=\"https:\/\/www.facebook.com\/notiucat\/\" \/>\n<meta property=\"article:published_time\" content=\"2022-03-22T00:27:53+00:00\" \/>\n<meta property=\"article:modified_time\" content=\"2022-03-23T12:50:53+00:00\" \/>\n<meta property=\"og:image\" content=\"https:\/\/www.ucat.edu.ve\/web\/wp-content\/uploads\/2022\/03\/Noticia-UCAT_UCAT-realizo-Primera-Asamblea-Regional-de-Educacion.jpg\" \/>\n\t<meta property=\"og:image:width\" content=\"1086\" \/>\n\t<meta property=\"og:image:height\" content=\"671\" \/>\n\t<meta property=\"og:image:type\" content=\"image\/jpeg\" \/>\n<meta name=\"author\" content=\"Secretaria General\" \/>\n<meta name=\"twitter:card\" content=\"summary_large_image\" \/>\n<meta name=\"twitter:creator\" content=\"@notiucat\" \/>\n<meta name=\"twitter:site\" content=\"@notiucat\" \/>\n<meta name=\"twitter:label1\" content=\"Written by\" \/>\n\t<meta name=\"twitter:data1\" content=\"Secretaria General\" \/>\n\t<meta name=\"twitter:label2\" content=\"Est. reading time\" \/>\n\t<meta name=\"twitter:data2\" content=\"2 minutos\" \/>\n<script type=\"application\/ld+json\" class=\"yoast-schema-graph\">{\"@context\":\"https:\/\/schema.org\",\"@graph\":[{\"@type\":\"Organization\",\"@id\":\"https:\/\/www.ucat.edu.ve\/web\/#organization\",\"name\":\"Universidad Cat\u00f3lica Del T\u00e1chira UCAT\",\"url\":\"https:\/\/www.ucat.edu.ve\/web\/\",\"sameAs\":[\"https:\/\/www.instagram.com\/notiucat\/\",\"https:\/\/www.youtube.com\/channel\/UCwEbYSB1R9fzlII-8dcxuYA?view_as=subscriber\",\"https:\/\/www.facebook.com\/notiucat\/\",\"https:\/\/twitter.com\/notiucat\"],\"logo\":{\"@type\":\"ImageObject\",\"inLanguage\":\"es-ES\",\"@id\":\"https:\/\/www.ucat.edu.ve\/web\/#\/schema\/logo\/image\/\",\"url\":\"https:\/\/www.ucat.edu.ve\/web\/wp-content\/uploads\/2015\/07\/logoucat.gif\",\"contentUrl\":\"https:\/\/www.ucat.edu.ve\/web\/wp-content\/uploads\/2015\/07\/logoucat.gif\",\"width\":219,\"height\":155,\"caption\":\"Universidad Cat\u00f3lica Del T\u00e1chira UCAT\"},\"image\":{\"@id\":\"https:\/\/www.ucat.edu.ve\/web\/#\/schema\/logo\/image\/\"}},{\"@type\":\"WebSite\",\"@id\":\"https:\/\/www.ucat.edu.ve\/web\/#website\",\"url\":\"https:\/\/www.ucat.edu.ve\/web\/\",\"name\":\"Universidad Cat\u00f3lica del T\u00e1chira\",\"description\":\"\",\"publisher\":{\"@id\":\"https:\/\/www.ucat.edu.ve\/web\/#organization\"},\"potentialAction\":[{\"@type\":\"SearchAction\",\"target\":{\"@type\":\"EntryPoint\",\"urlTemplate\":\"https:\/\/www.ucat.edu.ve\/web\/?s={search_term_string}\"},\"query-input\":\"required name=search_term_string\"}],\"inLanguage\":\"es-ES\"},{\"@type\":\"ImageObject\",\"inLanguage\":\"es-ES\",\"@id\":\"https:\/\/www.ucat.edu.ve\/web\/ucat-realizo-primera-asamblea-regional-de-educacion\/#primaryimage\",\"url\":\"https:\/\/www.ucat.edu.ve\/web\/wp-content\/uploads\/2022\/03\/Noticia-UCAT_UCAT-realizo-Primera-Asamblea-Regional-de-Educacion.jpg\",\"contentUrl\":\"https:\/\/www.ucat.edu.ve\/web\/wp-content\/uploads\/2022\/03\/Noticia-UCAT_UCAT-realizo-Primera-Asamblea-Regional-de-Educacion.jpg\",\"width\":1086,\"height\":671},{\"@type\":\"WebPage\",\"@id\":\"https:\/\/www.ucat.edu.ve\/web\/ucat-realizo-primera-asamblea-regional-de-educacion\/#webpage\",\"url\":\"https:\/\/www.ucat.edu.ve\/web\/ucat-realizo-primera-asamblea-regional-de-educacion\/\",\"name\":\"UCAT realiz\u00f3 Primera Asamblea Regional de Educaci\u00f3n - Universidad Cat\u00f3lica del T\u00e1chira\",\"isPartOf\":{\"@id\":\"https:\/\/www.ucat.edu.ve\/web\/#website\"},\"primaryImageOfPage\":{\"@id\":\"https:\/\/www.ucat.edu.ve\/web\/ucat-realizo-primera-asamblea-regional-de-educacion\/#primaryimage\"},\"datePublished\":\"2022-03-22T00:27:53+00:00\",\"dateModified\":\"2022-03-23T12:50:53+00:00\",\"description\":\"Con la participaci\u00f3n de 93 maestros del Estado T\u00e1chira y del Alto Apure se realiz\u00f3 la Primera Asamblea Regional de Educaci\u00f3n, organizada por la Universidad Cat\u00f3lica del T\u00e1chira junto a la Red Apost\u00f3lica Ignaciana de la Frontera (RAIF), entre los d\u00edas 17 y 18 de Marzo en las instalaciones de la sede Loma del Tejar, ubicada en Barrio Obrero, San Crist\u00f3bal.\",\"breadcrumb\":{\"@id\":\"https:\/\/www.ucat.edu.ve\/web\/ucat-realizo-primera-asamblea-regional-de-educacion\/#breadcrumb\"},\"inLanguage\":\"es-ES\",\"potentialAction\":[{\"@type\":\"ReadAction\",\"target\":[\"https:\/\/www.ucat.edu.ve\/web\/ucat-realizo-primera-asamblea-regional-de-educacion\/\"]}]},{\"@type\":\"BreadcrumbList\",\"@id\":\"https:\/\/www.ucat.edu.ve\/web\/ucat-realizo-primera-asamblea-regional-de-educacion\/#breadcrumb\",\"itemListElement\":[{\"@type\":\"ListItem\",\"position\":1,\"name\":\"Home\",\"item\":\"https:\/\/www.ucat.edu.ve\/web\/\"},{\"@type\":\"ListItem\",\"position\":2,\"name\":\"UCAT realiz\u00f3 Primera Asamblea Regional de Educaci\u00f3n\"}]},{\"@type\":\"Article\",\"@id\":\"https:\/\/www.ucat.edu.ve\/web\/ucat-realizo-primera-asamblea-regional-de-educacion\/#article\",\"isPartOf\":{\"@id\":\"https:\/\/www.ucat.edu.ve\/web\/ucat-realizo-primera-asamblea-regional-de-educacion\/#webpage\"},\"author\":{\"name\":\"Secretaria General\",\"@id\":\"https:\/\/www.ucat.edu.ve\/web\/#\/schema\/person\/e90fe655adf97bd5c1dbc608855d16cf\"},\"headline\":\"UCAT realiz\u00f3 Primera Asamblea Regional de Educaci\u00f3n\",\"datePublished\":\"2022-03-22T00:27:53+00:00\",\"dateModified\":\"2022-03-23T12:50:53+00:00\",\"mainEntityOfPage\":{\"@id\":\"https:\/\/www.ucat.edu.ve\/web\/ucat-realizo-primera-asamblea-regional-de-educacion\/#webpage\"},\"wordCount\":427,\"publisher\":{\"@id\":\"https:\/\/www.ucat.edu.ve\/web\/#organization\"},\"image\":{\"@id\":\"https:\/\/www.ucat.edu.ve\/web\/ucat-realizo-primera-asamblea-regional-de-educacion\/#primaryimage\"},\"thumbnailUrl\":\"https:\/\/www.ucat.edu.ve\/web\/wp-content\/uploads\/2022\/03\/Noticia-UCAT_UCAT-realizo-Primera-Asamblea-Regional-de-Educacion.jpg\",\"articleSection\":[\"Noticias\"],\"inLanguage\":\"es-ES\"},{\"@type\":\"Person\",\"@id\":\"https:\/\/www.ucat.edu.ve\/web\/#\/schema\/person\/e90fe655adf97bd5c1dbc608855d16cf\",\"name\":\"Secretaria General\",\"url\":\"https:\/\/www.ucat.edu.ve\/web\/author\/secgeucat\/\"}]}<\/script>\n<!-- \/ Yoast SEO plugin. -->","yoast_head_json":{"title":"UCAT realiz\u00f3 Primera Asamblea Regional de Educaci\u00f3n - Universidad Cat\u00f3lica del T\u00e1chira","description":"Con la participaci\u00f3n de 93 maestros del Estado T\u00e1chira y del Alto Apure se realiz\u00f3 la Primera Asamblea Regional de Educaci\u00f3n, organizada por la Universidad Cat\u00f3lica del T\u00e1chira junto a la Red Apost\u00f3lica Ignaciana de la Frontera (RAIF), entre los d\u00edas 17 y 18 de Marzo en las instalaciones de la sede Loma del Tejar, ubicada en Barrio Obrero, San Crist\u00f3bal.","robots":{"index":"index","follow":"follow","max-snippet":"max-snippet:-1","max-image-preview":"max-image-preview:large","max-video-preview":"max-video-preview:-1"},"canonical":"https:\/\/www.ucat.edu.ve\/web\/ucat-realizo-primera-asamblea-regional-de-educacion\/","og_locale":"es_ES","og_type":"article","og_title":"UCAT realiz\u00f3 Primera Asamblea Regional de Educaci\u00f3n - Universidad Cat\u00f3lica del T\u00e1chira","og_description":"Con la participaci\u00f3n de 93 maestros del Estado T\u00e1chira y del Alto Apure se realiz\u00f3 la Primera Asamblea Regional de Educaci\u00f3n, organizada por la Universidad Cat\u00f3lica del T\u00e1chira junto a la Red Apost\u00f3lica Ignaciana de la Frontera (RAIF), entre los d\u00edas 17 y 18 de Marzo en las instalaciones de la sede Loma del Tejar, ubicada en Barrio Obrero, San Crist\u00f3bal.","og_url":"https:\/\/www.ucat.edu.ve\/web\/ucat-realizo-primera-asamblea-regional-de-educacion\/","og_site_name":"Universidad Cat\u00f3lica del T\u00e1chira","article_publisher":"https:\/\/www.facebook.com\/notiucat\/","article_published_time":"2022-03-22T00:27:53+00:00","article_modified_time":"2022-03-23T12:50:53+00:00","og_image":[{"width":1086,"height":671,"url":"https:\/\/www.ucat.edu.ve\/web\/wp-content\/uploads\/2022\/03\/Noticia-UCAT_UCAT-realizo-Primera-Asamblea-Regional-de-Educacion.jpg","type":"image\/jpeg"}],"author":"Secretaria General","twitter_card":"summary_large_image","twitter_creator":"@notiucat","twitter_site":"@notiucat","twitter_misc":{"Written by":"Secretaria General","Est. reading time":"2 minutos"},"schema":{"@context":"https:\/\/schema.org","@graph":[{"@type":"Organization","@id":"https:\/\/www.ucat.edu.ve\/web\/#organization","name":"Universidad Cat\u00f3lica Del T\u00e1chira UCAT","url":"https:\/\/www.ucat.edu.ve\/web\/","sameAs":["https:\/\/www.instagram.com\/notiucat\/","https:\/\/www.youtube.com\/channel\/UCwEbYSB1R9fzlII-8dcxuYA?view_as=subscriber","https:\/\/www.facebook.com\/notiucat\/","https:\/\/twitter.com\/notiucat"],"logo":{"@type":"ImageObject","inLanguage":"es-ES","@id":"https:\/\/www.ucat.edu.ve\/web\/#\/schema\/logo\/image\/","url":"https:\/\/www.ucat.edu.ve\/web\/wp-content\/uploads\/2015\/07\/logoucat.gif","contentUrl":"https:\/\/www.ucat.edu.ve\/web\/wp-content\/uploads\/2015\/07\/logoucat.gif","width":219,"height":155,"caption":"Universidad Cat\u00f3lica Del T\u00e1chira UCAT"},"image":{"@id":"https:\/\/www.ucat.edu.ve\/web\/#\/schema\/logo\/image\/"}},{"@type":"WebSite","@id":"https:\/\/www.ucat.edu.ve\/web\/#website","url":"https:\/\/www.ucat.edu.ve\/web\/","name":"Universidad Cat\u00f3lica del T\u00e1chira","description":"","publisher":{"@id":"https:\/\/www.ucat.edu.ve\/web\/#organization"},"potentialAction":[{"@type":"SearchAction","target":{"@type":"EntryPoint","urlTemplate":"https:\/\/www.ucat.edu.ve\/web\/?s={search_term_string}"},"query-input":"required name=search_term_string"}],"inLanguage":"es-ES"},{"@type":"ImageObject","inLanguage":"es-ES","@id":"https:\/\/www.ucat.edu.ve\/web\/ucat-realizo-primera-asamblea-regional-de-educacion\/#primaryimage","url":"https:\/\/www.ucat.edu.ve\/web\/wp-content\/uploads\/2022\/03\/Noticia-UCAT_UCAT-realizo-Primera-Asamblea-Regional-de-Educacion.jpg","contentUrl":"https:\/\/www.ucat.edu.ve\/web\/wp-content\/uploads\/2022\/03\/Noticia-UCAT_UCAT-realizo-Primera-Asamblea-Regional-de-Educacion.jpg","width":1086,"height":671},{"@type":"WebPage","@id":"https:\/\/www.ucat.edu.ve\/web\/ucat-realizo-primera-asamblea-regional-de-educacion\/#webpage","url":"https:\/\/www.ucat.edu.ve\/web\/ucat-realizo-primera-asamblea-regional-de-educacion\/","name":"UCAT realiz\u00f3 Primera Asamblea Regional de Educaci\u00f3n - Universidad Cat\u00f3lica del T\u00e1chira","isPartOf":{"@id":"https:\/\/www.ucat.edu.ve\/web\/#website"},"primaryImageOfPage":{"@id":"https:\/\/www.ucat.edu.ve\/web\/ucat-realizo-primera-asamblea-regional-de-educacion\/#primaryimage"},"datePublished":"2022-03-22T00:27:53+00:00","dateModified":"2022-03-23T12:50:53+00:00","description":"Con la participaci\u00f3n de 93 maestros del Estado T\u00e1chira y del Alto Apure se realiz\u00f3 la Primera Asamblea Regional de Educaci\u00f3n, organizada por la Universidad Cat\u00f3lica del T\u00e1chira junto a la Red Apost\u00f3lica Ignaciana de la Frontera (RAIF), entre los d\u00edas 17 y 18 de Marzo en las instalaciones de la sede Loma del Tejar, ubicada en Barrio Obrero, San Crist\u00f3bal.","breadcrumb":{"@id":"https:\/\/www.ucat.edu.ve\/web\/ucat-realizo-primera-asamblea-regional-de-educacion\/#breadcrumb"},"inLanguage":"es-ES","potentialAction":[{"@type":"ReadAction","target":["https:\/\/www.ucat.edu.ve\/web\/ucat-realizo-primera-asamblea-regional-de-educacion\/"]}]},{"@type":"BreadcrumbList","@id":"https:\/\/www.ucat.edu.ve\/web\/ucat-realizo-primera-asamblea-regional-de-educacion\/#breadcrumb","itemListElement":[{"@type":"ListItem","position":1,"name":"Home","item":"https:\/\/www.ucat.edu.ve\/web\/"},{"@type":"ListItem","position":2,"name":"UCAT realiz\u00f3 Primera Asamblea Regional de Educaci\u00f3n"}]},{"@type":"Article","@id":"https:\/\/www.ucat.edu.ve\/web\/ucat-realizo-primera-asamblea-regional-de-educacion\/#article","isPartOf":{"@id":"https:\/\/www.ucat.edu.ve\/web\/ucat-realizo-primera-asamblea-regional-de-educacion\/#webpage"},"author":{"name":"Secretaria General","@id":"https:\/\/www.ucat.edu.ve\/web\/#\/schema\/person\/e90fe655adf97bd5c1dbc608855d16cf"},"headline":"UCAT realiz\u00f3 Primera Asamblea Regional de Educaci\u00f3n","datePublished":"2022-03-22T00:27:53+00:00","dateModified":"2022-03-23T12:50:53+00:00","mainEntityOfPage":{"@id":"https:\/\/www.ucat.edu.ve\/web\/ucat-realizo-primera-asamblea-regional-de-educacion\/#webpage"},"wordCount":427,"publisher":{"@id":"https:\/\/www.ucat.edu.ve\/web\/#organization"},"image":{"@id":"https:\/\/www.ucat.edu.ve\/web\/ucat-realizo-primera-asamblea-regional-de-educacion\/#primaryimage"},"thumbnailUrl":"https:\/\/www.ucat.edu.ve\/web\/wp-content\/uploads\/2022\/03\/Noticia-UCAT_UCAT-realizo-Primera-Asamblea-Regional-de-Educacion.jpg","articleSection":["Noticias"],"inLanguage":"es-ES"},{"@type":"Person","@id":"https:\/\/www.ucat.edu.ve\/web\/#\/schema\/person\/e90fe655adf97bd5c1dbc608855d16cf","name":"Secretaria General","url":"https:\/\/www.ucat.edu.ve\/web\/author\/secgeucat\/"}]}},"_links":{"self":[{"href":"https:\/\/www.ucat.edu.ve\/web\/wp-json\/wp\/v2\/posts\/8932"}],"collection":[{"href":"https:\/\/www.ucat.edu.ve\/web\/wp-json\/wp\/v2\/posts"}],"about":[{"href":"https:\/\/www.ucat.edu.ve\/web\/wp-json\/wp\/v2\/types\/post"}],"author":[{"embeddable":true,"href":"https:\/\/www.ucat.edu.ve\/web\/wp-json\/wp\/v2\/users\/23"}],"replies":[{"embeddable":true,"href":"https:\/\/www.ucat.edu.ve\/web\/wp-json\/wp\/v2\/comments?post=8932"}],"version-history":[{"count":3,"href":"https:\/\/www.ucat.edu.ve\/web\/wp-json\/wp\/v2\/posts\/8932\/revisions"}],"predecessor-version":[{"id":8941,"href":"https:\/\/www.ucat.edu.ve\/web\/wp-json\/wp\/v2\/posts\/8932\/revisions\/8941"}],"wp:featuredmedia":[{"embeddable":true,"href":"https:\/\/www.ucat.edu.ve\/web\/wp-json\/wp\/v2\/media\/8934"}],"wp:attachment":[{"href":"https:\/\/www.ucat.edu.ve\/web\/wp-json\/wp\/v2\/media?parent=8932"}],"wp:term":[{"taxonomy":"category","embeddable":true,"href":"https:\/\/www.ucat.edu.ve\/web\/wp-json\/wp\/v2\/categories?post=8932"},{"taxonomy":"post_tag","embeddable":true,"href":"https:\/\/www.ucat.edu.ve\/web\/wp-json\/wp\/v2\/tags?post=8932"}],"curies":[{"name":"wp","href":"https:\/\/api.w.org\/{rel}","templated":true}]}}