 {"id":9054,"date":"2022-04-25T19:35:56","date_gmt":"2022-04-25T19:35:56","guid":{"rendered":"https:\/\/www.ucat.edu.ve\/web\/?p=9054"},"modified":"2022-04-29T12:23:41","modified_gmt":"2022-04-29T12:23:41","slug":"una-historia-de-el-santo-cristo-de-la-grita-y-la-ucat-durante-la-semana-mayor-de-2022","status":"publish","type":"post","link":"https:\/\/www.ucat.edu.ve\/web\/una-historia-de-el-santo-cristo-de-la-grita-y-la-ucat-durante-la-semana-mayor-de-2022\/","title":{"rendered":"Una Historia de El Santo Cristo de la Grita y la UCAT, durante la Semana Mayor de 2022"},"content":{"rendered":"<p style=\"text-align: center\"><img loading=\"lazy\" class=\"alignnone size-medium wp-image-9055\" src=\"https:\/\/www.ucat.edu.ve\/web\/wp-content\/uploads\/2022\/04\/Noticia-UCAT_Una-Historia-de-El-Santo-Cristo-de-la-Grita-y-la-UCAT-durante-la-Semana-Mayor-de-2022-521x322.jpg\" alt=\"\" width=\"521\" height=\"322\" srcset=\"https:\/\/www.ucat.edu.ve\/web\/wp-content\/uploads\/2022\/04\/Noticia-UCAT_Una-Historia-de-El-Santo-Cristo-de-la-Grita-y-la-UCAT-durante-la-Semana-Mayor-de-2022-521x322.jpg 521w, https:\/\/www.ucat.edu.ve\/web\/wp-content\/uploads\/2022\/04\/Noticia-UCAT_Una-Historia-de-El-Santo-Cristo-de-la-Grita-y-la-UCAT-durante-la-Semana-Mayor-de-2022-340x210.jpg 340w, https:\/\/www.ucat.edu.ve\/web\/wp-content\/uploads\/2022\/04\/Noticia-UCAT_Una-Historia-de-El-Santo-Cristo-de-la-Grita-y-la-UCAT-durante-la-Semana-Mayor-de-2022.jpg 1086w\" sizes=\"(max-width: 521px) 100vw, 521px\" \/><\/p>\n<p style=\"text-align: justify\">Durante la Semana Mayor de este a\u00f1o, a trav\u00e9s de las redes sociales, se dio a conocer que el perisoma que cubre parte de la imagen cuatricentenaria del Santo Cristo de La Grita ten\u00eda el logo de la Universidad Cat\u00f3lica del T\u00e1chira.<\/p>\n<p style=\"text-align: justify\">El perisoma es una pieza que engalana la imagen del Santo Patrono del T\u00e1chira, pero no es una simple pieza de tela. Cada a\u00f1o, miembros de las Cofrad\u00edas, as\u00ed como personas que han recibido milagros, entes gubernamentales, cuerpos de seguridad, peregrinos, empresas y estudiantes, han ofrendado hermosos Perisomas a la bendita imagen.<\/p>\n<p style=\"text-align: justify\">En esta oportunidad, \u00a0Yusmeiri Mar\u00eda Bracho Flores, oriunda de Maracaibo, con residencia en el municipio Panamericano y egresada de la Universidad Cat\u00f3lica del T\u00e1chira de la carrera Contadur\u00eda P\u00fablica, don\u00f3 un perisoma para el \u00a0Santo Cristo de los Milagros, como una ofrenda por un favor concedido.<\/p>\n<p style=\"text-align: justify\">Seg\u00fan explic\u00f3 la Contadora P\u00fablica \u201ccuando estaba en el bachillerato, tuve el deseo de estudiar Contadur\u00eda P\u00fablica, pero no fue posible puesto que mis pap\u00e1s no ten\u00edan los recursos. Entonces estudi\u00e9 educaci\u00f3n, 20 a\u00f1os despu\u00e9s pude ingresar a la UCAT y hoy estoy aqu\u00ed, para contar que lo logr\u00e9; para agradecerle a Dios por el beneficio recibido. Le hab\u00eda pedido al Cristo de La Grita que me ayudara a concluir mi carrera y si lo hac\u00eda iba a traerle esta ofrenda y lo estoy cumpliendo\u201d afirm\u00f3 con l\u00e1grimas en los ojos Yusmeiri.<\/p>\n<p style=\"text-align: justify\">Este acontecimiento llen\u00f3 de alegr\u00eda a los miembros de esta casa de estudio, puesto que durante este tiempo de la Semana Santa y la Pascua, estudiantes, profesorado, miembros de los diversos decanatos de la universidad y los dem\u00e1s integrantes de su personal y la comunidad universitaria, han celebrado los misterios de la Pasi\u00f3n, Muerte y Resurrecci\u00f3n de Cristo.<\/p>\n<p style=\"text-align: justify\">Desde la Universidad animamos a todos los j\u00f3venes a motivarse a seguir luchando por lo que quieren, con la ayuda de Dios, el que concede todo bien.<\/p>\n\n\t\t<style type=\"text\/css\">\n\t\t\t#gallery-1 {\n\t\t\t\tmargin: auto;\n\t\t\t}\n\t\t\t#gallery-1 .gallery-item {\n\t\t\t\tfloat: left;\n\t\t\t\tmargin-top: 10px;\n\t\t\t\ttext-align: center;\n\t\t\t\twidth: 33%;\n\t\t\t}\n\t\t\t#gallery-1 img {\n\t\t\t\tborder: 2px solid #cfcfcf;\n\t\t\t}\n\t\t\t#gallery-1 .gallery-caption {\n\t\t\t\tmargin-left: 0;\n\t\t\t}\n\t\t\t\/* see gallery_shortcode() in wp-includes\/media.php *\/\n\t\t<\/style>\n\t\t<div id='gallery-1' class='gallery galleryid-9054 gallery-columns-3 gallery-size-medium'><dl class='gallery-item'>\n\t\t\t<dt class='gallery-icon portrait'>\n\t\t\t\t<a href='https:\/\/www.ucat.edu.ve\/web\/una-historia-de-el-santo-cristo-de-la-grita-y-la-ucat-durante-la-semana-mayor-de-2022\/santo-cristo-3\/'><img width=\"257\" height=\"322\" src=\"https:\/\/www.ucat.edu.ve\/web\/wp-content\/uploads\/2022\/04\/Santo-Cristo-3-257x322.jpg\" class=\"attachment-medium size-medium\" alt=\"\" loading=\"lazy\" srcset=\"https:\/\/www.ucat.edu.ve\/web\/wp-content\/uploads\/2022\/04\/Santo-Cristo-3-257x322.jpg 257w, https:\/\/www.ucat.edu.ve\/web\/wp-content\/uploads\/2022\/04\/Santo-Cristo-3.jpg 1080w\" sizes=\"(max-width: 257px) 100vw, 257px\" \/><\/a>\n\t\t\t<\/dt><\/dl><dl class='gallery-item'>\n\t\t\t<dt class='gallery-icon portrait'>\n\t\t\t\t<a href='https:\/\/www.ucat.edu.ve\/web\/una-historia-de-el-santo-cristo-de-la-grita-y-la-ucat-durante-la-semana-mayor-de-2022\/santo-cristo-1\/'><img width=\"258\" height=\"322\" src=\"https:\/\/www.ucat.edu.ve\/web\/wp-content\/uploads\/2022\/04\/Santo-Cristo-1-258x322.jpg\" class=\"attachment-medium size-medium\" alt=\"\" loading=\"lazy\" srcset=\"https:\/\/www.ucat.edu.ve\/web\/wp-content\/uploads\/2022\/04\/Santo-Cristo-1-258x322.jpg 258w, https:\/\/www.ucat.edu.ve\/web\/wp-content\/uploads\/2022\/04\/Santo-Cristo-1.jpg 1080w\" sizes=\"(max-width: 258px) 100vw, 258px\" \/><\/a>\n\t\t\t<\/dt><\/dl><dl class='gallery-item'>\n\t\t\t<dt class='gallery-icon portrait'>\n\t\t\t\t<a href='https:\/\/www.ucat.edu.ve\/web\/una-historia-de-el-santo-cristo-de-la-grita-y-la-ucat-durante-la-semana-mayor-de-2022\/santo-cristo-de-la-grita-5\/'><img width=\"215\" height=\"322\" src=\"https:\/\/www.ucat.edu.ve\/web\/wp-content\/uploads\/2022\/04\/Santo-Cristo-de-la-Grita-5-215x322.jpeg\" class=\"attachment-medium size-medium\" alt=\"\" loading=\"lazy\" srcset=\"https:\/\/www.ucat.edu.ve\/web\/wp-content\/uploads\/2022\/04\/Santo-Cristo-de-la-Grita-5-215x322.jpeg 215w, https:\/\/www.ucat.edu.ve\/web\/wp-content\/uploads\/2022\/04\/Santo-Cristo-de-la-Grita-5.jpeg 720w\" sizes=\"(max-width: 215px) 100vw, 215px\" \/><\/a>\n\t\t\t<\/dt><\/dl><br style=\"clear: both\" \/>\n\t\t<\/div>\n\n<p><strong>(PrensaUCAT)<\/strong><\/p>\n","protected":false},"excerpt":{"rendered":"<p>Durante la Semana Mayor de este a\u00f1o, a trav\u00e9s de las redes sociales, se dio a conocer que el perisoma que cubre parte de la imagen cuatricentenaria del Santo Cristo de La Grita ten\u00eda el logo de la Universidad Cat\u00f3lica del T\u00e1chira. El perisoma es una pieza que engalana la imagen del Santo Patrono del<\/p>\n","protected":false},"author":23,"featured_media":9055,"comment_status":"closed","ping_status":"closed","sticky":false,"template":"","format":"standard","meta":[],"categories":[3],"tags":[],"yoast_head":"<!-- This site is optimized with the Yoast SEO plugin v19.2 - https:\/\/yoast.com\/wordpress\/plugins\/seo\/ -->\n<title>Una Historia de El Santo Cristo de la Grita y la UCAT, durante la Semana Mayor de 2022 - Universidad Cat\u00f3lica del T\u00e1chira<\/title>\n<meta name=\"robots\" content=\"index, follow, max-snippet:-1, max-image-preview:large, max-video-preview:-1\" \/>\n<link rel=\"canonical\" href=\"https:\/\/www.ucat.edu.ve\/web\/una-historia-de-el-santo-cristo-de-la-grita-y-la-ucat-durante-la-semana-mayor-de-2022\/\" \/>\n<meta property=\"og:locale\" content=\"es_ES\" \/>\n<meta property=\"og:type\" content=\"article\" \/>\n<meta property=\"og:title\" content=\"Una Historia de El Santo Cristo de la Grita y la UCAT, durante la Semana Mayor de 2022 - Universidad Cat\u00f3lica del T\u00e1chira\" \/>\n<meta property=\"og:description\" content=\"Durante la Semana Mayor de este a\u00f1o, a trav\u00e9s de las redes sociales, se dio a conocer que el perisoma que cubre parte de la imagen cuatricentenaria del Santo Cristo de La Grita ten\u00eda el logo de la Universidad Cat\u00f3lica del T\u00e1chira. El perisoma es una pieza que engalana la imagen del Santo Patrono del\" \/>\n<meta property=\"og:url\" content=\"https:\/\/www.ucat.edu.ve\/web\/una-historia-de-el-santo-cristo-de-la-grita-y-la-ucat-durante-la-semana-mayor-de-2022\/\" \/>\n<meta property=\"og:site_name\" content=\"Universidad Cat\u00f3lica del T\u00e1chira\" \/>\n<meta property=\"article:publisher\" content=\"https:\/\/www.facebook.com\/notiucat\/\" \/>\n<meta property=\"article:published_time\" content=\"2022-04-25T19:35:56+00:00\" \/>\n<meta property=\"article:modified_time\" content=\"2022-04-29T12:23:41+00:00\" \/>\n<meta property=\"og:image\" content=\"https:\/\/www.ucat.edu.ve\/web\/wp-content\/uploads\/2022\/04\/Noticia-UCAT_Una-Historia-de-El-Santo-Cristo-de-la-Grita-y-la-UCAT-durante-la-Semana-Mayor-de-2022.jpg\" \/>\n\t<meta property=\"og:image:width\" content=\"1086\" \/>\n\t<meta property=\"og:image:height\" content=\"671\" \/>\n\t<meta property=\"og:image:type\" content=\"image\/jpeg\" \/>\n<meta name=\"author\" content=\"Secretaria General\" \/>\n<meta name=\"twitter:card\" content=\"summary_large_image\" \/>\n<meta name=\"twitter:creator\" content=\"@notiucat\" \/>\n<meta name=\"twitter:site\" content=\"@notiucat\" \/>\n<meta name=\"twitter:label1\" content=\"Written by\" \/>\n\t<meta name=\"twitter:data1\" content=\"Secretaria General\" \/>\n\t<meta name=\"twitter:label2\" content=\"Est. reading time\" \/>\n\t<meta name=\"twitter:data2\" content=\"2 minutos\" \/>\n<script type=\"application\/ld+json\" class=\"yoast-schema-graph\">{\"@context\":\"https:\/\/schema.org\",\"@graph\":[{\"@type\":\"Organization\",\"@id\":\"https:\/\/www.ucat.edu.ve\/web\/#organization\",\"name\":\"Universidad Cat\u00f3lica Del T\u00e1chira UCAT\",\"url\":\"https:\/\/www.ucat.edu.ve\/web\/\",\"sameAs\":[\"https:\/\/www.instagram.com\/notiucat\/\",\"https:\/\/www.youtube.com\/channel\/UCwEbYSB1R9fzlII-8dcxuYA?view_as=subscriber\",\"https:\/\/www.facebook.com\/notiucat\/\",\"https:\/\/twitter.com\/notiucat\"],\"logo\":{\"@type\":\"ImageObject\",\"inLanguage\":\"es-ES\",\"@id\":\"https:\/\/www.ucat.edu.ve\/web\/#\/schema\/logo\/image\/\",\"url\":\"https:\/\/www.ucat.edu.ve\/web\/wp-content\/uploads\/2015\/07\/logoucat.gif\",\"contentUrl\":\"https:\/\/www.ucat.edu.ve\/web\/wp-content\/uploads\/2015\/07\/logoucat.gif\",\"width\":219,\"height\":155,\"caption\":\"Universidad Cat\u00f3lica Del T\u00e1chira UCAT\"},\"image\":{\"@id\":\"https:\/\/www.ucat.edu.ve\/web\/#\/schema\/logo\/image\/\"}},{\"@type\":\"WebSite\",\"@id\":\"https:\/\/www.ucat.edu.ve\/web\/#website\",\"url\":\"https:\/\/www.ucat.edu.ve\/web\/\",\"name\":\"Universidad Cat\u00f3lica del T\u00e1chira\",\"description\":\"\",\"publisher\":{\"@id\":\"https:\/\/www.ucat.edu.ve\/web\/#organization\"},\"potentialAction\":[{\"@type\":\"SearchAction\",\"target\":{\"@type\":\"EntryPoint\",\"urlTemplate\":\"https:\/\/www.ucat.edu.ve\/web\/?s={search_term_string}\"},\"query-input\":\"required name=search_term_string\"}],\"inLanguage\":\"es-ES\"},{\"@type\":\"ImageObject\",\"inLanguage\":\"es-ES\",\"@id\":\"https:\/\/www.ucat.edu.ve\/web\/una-historia-de-el-santo-cristo-de-la-grita-y-la-ucat-durante-la-semana-mayor-de-2022\/#primaryimage\",\"url\":\"https:\/\/www.ucat.edu.ve\/web\/wp-content\/uploads\/2022\/04\/Noticia-UCAT_Una-Historia-de-El-Santo-Cristo-de-la-Grita-y-la-UCAT-durante-la-Semana-Mayor-de-2022.jpg\",\"contentUrl\":\"https:\/\/www.ucat.edu.ve\/web\/wp-content\/uploads\/2022\/04\/Noticia-UCAT_Una-Historia-de-El-Santo-Cristo-de-la-Grita-y-la-UCAT-durante-la-Semana-Mayor-de-2022.jpg\",\"width\":1086,\"height\":671},{\"@type\":\"WebPage\",\"@id\":\"https:\/\/www.ucat.edu.ve\/web\/una-historia-de-el-santo-cristo-de-la-grita-y-la-ucat-durante-la-semana-mayor-de-2022\/#webpage\",\"url\":\"https:\/\/www.ucat.edu.ve\/web\/una-historia-de-el-santo-cristo-de-la-grita-y-la-ucat-durante-la-semana-mayor-de-2022\/\",\"name\":\"Una Historia de El Santo Cristo de la Grita y la UCAT, durante la Semana Mayor de 2022 - Universidad Cat\u00f3lica del T\u00e1chira\",\"isPartOf\":{\"@id\":\"https:\/\/www.ucat.edu.ve\/web\/#website\"},\"primaryImageOfPage\":{\"@id\":\"https:\/\/www.ucat.edu.ve\/web\/una-historia-de-el-santo-cristo-de-la-grita-y-la-ucat-durante-la-semana-mayor-de-2022\/#primaryimage\"},\"datePublished\":\"2022-04-25T19:35:56+00:00\",\"dateModified\":\"2022-04-29T12:23:41+00:00\",\"breadcrumb\":{\"@id\":\"https:\/\/www.ucat.edu.ve\/web\/una-historia-de-el-santo-cristo-de-la-grita-y-la-ucat-durante-la-semana-mayor-de-2022\/#breadcrumb\"},\"inLanguage\":\"es-ES\",\"potentialAction\":[{\"@type\":\"ReadAction\",\"target\":[\"https:\/\/www.ucat.edu.ve\/web\/una-historia-de-el-santo-cristo-de-la-grita-y-la-ucat-durante-la-semana-mayor-de-2022\/\"]}]},{\"@type\":\"BreadcrumbList\",\"@id\":\"https:\/\/www.ucat.edu.ve\/web\/una-historia-de-el-santo-cristo-de-la-grita-y-la-ucat-durante-la-semana-mayor-de-2022\/#breadcrumb\",\"itemListElement\":[{\"@type\":\"ListItem\",\"position\":1,\"name\":\"Home\",\"item\":\"https:\/\/www.ucat.edu.ve\/web\/\"},{\"@type\":\"ListItem\",\"position\":2,\"name\":\"Una Historia de El Santo Cristo de la Grita y la UCAT, durante la Semana Mayor de 2022\"}]},{\"@type\":\"Article\",\"@id\":\"https:\/\/www.ucat.edu.ve\/web\/una-historia-de-el-santo-cristo-de-la-grita-y-la-ucat-durante-la-semana-mayor-de-2022\/#article\",\"isPartOf\":{\"@id\":\"https:\/\/www.ucat.edu.ve\/web\/una-historia-de-el-santo-cristo-de-la-grita-y-la-ucat-durante-la-semana-mayor-de-2022\/#webpage\"},\"author\":{\"name\":\"Secretaria General\",\"@id\":\"https:\/\/www.ucat.edu.ve\/web\/#\/schema\/person\/e90fe655adf97bd5c1dbc608855d16cf\"},\"headline\":\"Una Historia de El Santo Cristo de la Grita y la UCAT, durante la Semana Mayor de 2022\",\"datePublished\":\"2022-04-25T19:35:56+00:00\",\"dateModified\":\"2022-04-29T12:23:41+00:00\",\"mainEntityOfPage\":{\"@id\":\"https:\/\/www.ucat.edu.ve\/web\/una-historia-de-el-santo-cristo-de-la-grita-y-la-ucat-durante-la-semana-mayor-de-2022\/#webpage\"},\"wordCount\":368,\"publisher\":{\"@id\":\"https:\/\/www.ucat.edu.ve\/web\/#organization\"},\"image\":{\"@id\":\"https:\/\/www.ucat.edu.ve\/web\/una-historia-de-el-santo-cristo-de-la-grita-y-la-ucat-durante-la-semana-mayor-de-2022\/#primaryimage\"},\"thumbnailUrl\":\"https:\/\/www.ucat.edu.ve\/web\/wp-content\/uploads\/2022\/04\/Noticia-UCAT_Una-Historia-de-El-Santo-Cristo-de-la-Grita-y-la-UCAT-durante-la-Semana-Mayor-de-2022.jpg\",\"articleSection\":[\"Noticias\"],\"inLanguage\":\"es-ES\"},{\"@type\":\"Person\",\"@id\":\"https:\/\/www.ucat.edu.ve\/web\/#\/schema\/person\/e90fe655adf97bd5c1dbc608855d16cf\",\"name\":\"Secretaria General\",\"url\":\"https:\/\/www.ucat.edu.ve\/web\/author\/secgeucat\/\"}]}<\/script>\n<!-- \/ Yoast SEO plugin. -->","yoast_head_json":{"title":"Una Historia de El Santo Cristo de la Grita y la UCAT, durante la Semana Mayor de 2022 - Universidad Cat\u00f3lica del T\u00e1chira","robots":{"index":"index","follow":"follow","max-snippet":"max-snippet:-1","max-image-preview":"max-image-preview:large","max-video-preview":"max-video-preview:-1"},"canonical":"https:\/\/www.ucat.edu.ve\/web\/una-historia-de-el-santo-cristo-de-la-grita-y-la-ucat-durante-la-semana-mayor-de-2022\/","og_locale":"es_ES","og_type":"article","og_title":"Una Historia de El Santo Cristo de la Grita y la UCAT, durante la Semana Mayor de 2022 - Universidad Cat\u00f3lica del T\u00e1chira","og_description":"Durante la Semana Mayor de este a\u00f1o, a trav\u00e9s de las redes sociales, se dio a conocer que el perisoma que cubre parte de la imagen cuatricentenaria del Santo Cristo de La Grita ten\u00eda el logo de la Universidad Cat\u00f3lica del T\u00e1chira. El perisoma es una pieza que engalana la imagen del Santo Patrono del","og_url":"https:\/\/www.ucat.edu.ve\/web\/una-historia-de-el-santo-cristo-de-la-grita-y-la-ucat-durante-la-semana-mayor-de-2022\/","og_site_name":"Universidad Cat\u00f3lica del T\u00e1chira","article_publisher":"https:\/\/www.facebook.com\/notiucat\/","article_published_time":"2022-04-25T19:35:56+00:00","article_modified_time":"2022-04-29T12:23:41+00:00","og_image":[{"width":1086,"height":671,"url":"https:\/\/www.ucat.edu.ve\/web\/wp-content\/uploads\/2022\/04\/Noticia-UCAT_Una-Historia-de-El-Santo-Cristo-de-la-Grita-y-la-UCAT-durante-la-Semana-Mayor-de-2022.jpg","type":"image\/jpeg"}],"author":"Secretaria General","twitter_card":"summary_large_image","twitter_creator":"@notiucat","twitter_site":"@notiucat","twitter_misc":{"Written by":"Secretaria General","Est. reading time":"2 minutos"},"schema":{"@context":"https:\/\/schema.org","@graph":[{"@type":"Organization","@id":"https:\/\/www.ucat.edu.ve\/web\/#organization","name":"Universidad Cat\u00f3lica Del T\u00e1chira UCAT","url":"https:\/\/www.ucat.edu.ve\/web\/","sameAs":["https:\/\/www.instagram.com\/notiucat\/","https:\/\/www.youtube.com\/channel\/UCwEbYSB1R9fzlII-8dcxuYA?view_as=subscriber","https:\/\/www.facebook.com\/notiucat\/","https:\/\/twitter.com\/notiucat"],"logo":{"@type":"ImageObject","inLanguage":"es-ES","@id":"https:\/\/www.ucat.edu.ve\/web\/#\/schema\/logo\/image\/","url":"https:\/\/www.ucat.edu.ve\/web\/wp-content\/uploads\/2015\/07\/logoucat.gif","contentUrl":"https:\/\/www.ucat.edu.ve\/web\/wp-content\/uploads\/2015\/07\/logoucat.gif","width":219,"height":155,"caption":"Universidad Cat\u00f3lica Del T\u00e1chira UCAT"},"image":{"@id":"https:\/\/www.ucat.edu.ve\/web\/#\/schema\/logo\/image\/"}},{"@type":"WebSite","@id":"https:\/\/www.ucat.edu.ve\/web\/#website","url":"https:\/\/www.ucat.edu.ve\/web\/","name":"Universidad Cat\u00f3lica del T\u00e1chira","description":"","publisher":{"@id":"https:\/\/www.ucat.edu.ve\/web\/#organization"},"potentialAction":[{"@type":"SearchAction","target":{"@type":"EntryPoint","urlTemplate":"https:\/\/www.ucat.edu.ve\/web\/?s={search_term_string}"},"query-input":"required name=search_term_string"}],"inLanguage":"es-ES"},{"@type":"ImageObject","inLanguage":"es-ES","@id":"https:\/\/www.ucat.edu.ve\/web\/una-historia-de-el-santo-cristo-de-la-grita-y-la-ucat-durante-la-semana-mayor-de-2022\/#primaryimage","url":"https:\/\/www.ucat.edu.ve\/web\/wp-content\/uploads\/2022\/04\/Noticia-UCAT_Una-Historia-de-El-Santo-Cristo-de-la-Grita-y-la-UCAT-durante-la-Semana-Mayor-de-2022.jpg","contentUrl":"https:\/\/www.ucat.edu.ve\/web\/wp-content\/uploads\/2022\/04\/Noticia-UCAT_Una-Historia-de-El-Santo-Cristo-de-la-Grita-y-la-UCAT-durante-la-Semana-Mayor-de-2022.jpg","width":1086,"height":671},{"@type":"WebPage","@id":"https:\/\/www.ucat.edu.ve\/web\/una-historia-de-el-santo-cristo-de-la-grita-y-la-ucat-durante-la-semana-mayor-de-2022\/#webpage","url":"https:\/\/www.ucat.edu.ve\/web\/una-historia-de-el-santo-cristo-de-la-grita-y-la-ucat-durante-la-semana-mayor-de-2022\/","name":"Una Historia de El Santo Cristo de la Grita y la UCAT, durante la Semana Mayor de 2022 - Universidad Cat\u00f3lica del T\u00e1chira","isPartOf":{"@id":"https:\/\/www.ucat.edu.ve\/web\/#website"},"primaryImageOfPage":{"@id":"https:\/\/www.ucat.edu.ve\/web\/una-historia-de-el-santo-cristo-de-la-grita-y-la-ucat-durante-la-semana-mayor-de-2022\/#primaryimage"},"datePublished":"2022-04-25T19:35:56+00:00","dateModified":"2022-04-29T12:23:41+00:00","breadcrumb":{"@id":"https:\/\/www.ucat.edu.ve\/web\/una-historia-de-el-santo-cristo-de-la-grita-y-la-ucat-durante-la-semana-mayor-de-2022\/#breadcrumb"},"inLanguage":"es-ES","potentialAction":[{"@type":"ReadAction","target":["https:\/\/www.ucat.edu.ve\/web\/una-historia-de-el-santo-cristo-de-la-grita-y-la-ucat-durante-la-semana-mayor-de-2022\/"]}]},{"@type":"BreadcrumbList","@id":"https:\/\/www.ucat.edu.ve\/web\/una-historia-de-el-santo-cristo-de-la-grita-y-la-ucat-durante-la-semana-mayor-de-2022\/#breadcrumb","itemListElement":[{"@type":"ListItem","position":1,"name":"Home","item":"https:\/\/www.ucat.edu.ve\/web\/"},{"@type":"ListItem","position":2,"name":"Una Historia de El Santo Cristo de la Grita y la UCAT, durante la Semana Mayor de 2022"}]},{"@type":"Article","@id":"https:\/\/www.ucat.edu.ve\/web\/una-historia-de-el-santo-cristo-de-la-grita-y-la-ucat-durante-la-semana-mayor-de-2022\/#article","isPartOf":{"@id":"https:\/\/www.ucat.edu.ve\/web\/una-historia-de-el-santo-cristo-de-la-grita-y-la-ucat-durante-la-semana-mayor-de-2022\/#webpage"},"author":{"name":"Secretaria General","@id":"https:\/\/www.ucat.edu.ve\/web\/#\/schema\/person\/e90fe655adf97bd5c1dbc608855d16cf"},"headline":"Una Historia de El Santo Cristo de la Grita y la UCAT, durante la Semana Mayor de 2022","datePublished":"2022-04-25T19:35:56+00:00","dateModified":"2022-04-29T12:23:41+00:00","mainEntityOfPage":{"@id":"https:\/\/www.ucat.edu.ve\/web\/una-historia-de-el-santo-cristo-de-la-grita-y-la-ucat-durante-la-semana-mayor-de-2022\/#webpage"},"wordCount":368,"publisher":{"@id":"https:\/\/www.ucat.edu.ve\/web\/#organization"},"image":{"@id":"https:\/\/www.ucat.edu.ve\/web\/una-historia-de-el-santo-cristo-de-la-grita-y-la-ucat-durante-la-semana-mayor-de-2022\/#primaryimage"},"thumbnailUrl":"https:\/\/www.ucat.edu.ve\/web\/wp-content\/uploads\/2022\/04\/Noticia-UCAT_Una-Historia-de-El-Santo-Cristo-de-la-Grita-y-la-UCAT-durante-la-Semana-Mayor-de-2022.jpg","articleSection":["Noticias"],"inLanguage":"es-ES"},{"@type":"Person","@id":"https:\/\/www.ucat.edu.ve\/web\/#\/schema\/person\/e90fe655adf97bd5c1dbc608855d16cf","name":"Secretaria General","url":"https:\/\/www.ucat.edu.ve\/web\/author\/secgeucat\/"}]}},"_links":{"self":[{"href":"https:\/\/www.ucat.edu.ve\/web\/wp-json\/wp\/v2\/posts\/9054"}],"collection":[{"href":"https:\/\/www.ucat.edu.ve\/web\/wp-json\/wp\/v2\/posts"}],"about":[{"href":"https:\/\/www.ucat.edu.ve\/web\/wp-json\/wp\/v2\/types\/post"}],"author":[{"embeddable":true,"href":"https:\/\/www.ucat.edu.ve\/web\/wp-json\/wp\/v2\/users\/23"}],"replies":[{"embeddable":true,"href":"https:\/\/www.ucat.edu.ve\/web\/wp-json\/wp\/v2\/comments?post=9054"}],"version-history":[{"count":4,"href":"https:\/\/www.ucat.edu.ve\/web\/wp-json\/wp\/v2\/posts\/9054\/revisions"}],"predecessor-version":[{"id":9079,"href":"https:\/\/www.ucat.edu.ve\/web\/wp-json\/wp\/v2\/posts\/9054\/revisions\/9079"}],"wp:featuredmedia":[{"embeddable":true,"href":"https:\/\/www.ucat.edu.ve\/web\/wp-json\/wp\/v2\/media\/9055"}],"wp:attachment":[{"href":"https:\/\/www.ucat.edu.ve\/web\/wp-json\/wp\/v2\/media?parent=9054"}],"wp:term":[{"taxonomy":"category","embeddable":true,"href":"https:\/\/www.ucat.edu.ve\/web\/wp-json\/wp\/v2\/categories?post=9054"},{"taxonomy":"post_tag","embeddable":true,"href":"https:\/\/www.ucat.edu.ve\/web\/wp-json\/wp\/v2\/tags?post=9054"}],"curies":[{"name":"wp","href":"https:\/\/api.w.org\/{rel}","templated":true}]}}