 {"id":9075,"date":"2022-04-28T15:26:12","date_gmt":"2022-04-28T15:26:12","guid":{"rendered":"https:\/\/www.ucat.edu.ve\/web\/?p=9075"},"modified":"2022-04-28T15:26:12","modified_gmt":"2022-04-28T15:26:12","slug":"ucat-desarrollo-las-xii-jornadas-de-derecho-administrativo","status":"publish","type":"post","link":"https:\/\/www.ucat.edu.ve\/web\/ucat-desarrollo-las-xii-jornadas-de-derecho-administrativo\/","title":{"rendered":"UCAT desarroll\u00f3 las XII Jornadas de Derecho Administrativo"},"content":{"rendered":"<p style=\"text-align: center;\"><img loading=\"lazy\" class=\"alignnone size-medium wp-image-9076\" src=\"https:\/\/www.ucat.edu.ve\/web\/wp-content\/uploads\/2022\/04\/Noticia-UCAT_XII-Jornadas-de-Derecho-Administrativo-1-521x322.jpg\" alt=\"\" width=\"521\" height=\"322\" srcset=\"https:\/\/www.ucat.edu.ve\/web\/wp-content\/uploads\/2022\/04\/Noticia-UCAT_XII-Jornadas-de-Derecho-Administrativo-1-521x322.jpg 521w, https:\/\/www.ucat.edu.ve\/web\/wp-content\/uploads\/2022\/04\/Noticia-UCAT_XII-Jornadas-de-Derecho-Administrativo-1-340x210.jpg 340w, https:\/\/www.ucat.edu.ve\/web\/wp-content\/uploads\/2022\/04\/Noticia-UCAT_XII-Jornadas-de-Derecho-Administrativo-1.jpg 1086w\" sizes=\"(max-width: 521px) 100vw, 521px\" \/><\/p>\n<p style=\"text-align: justify;\">Durante los d\u00edas 21 y 22 de abril, se desarroll\u00f3 en el Auditorio de la Universidad Cat\u00f3lica del T\u00e1chira, sede Loma del Tejar (Barrio Obrero), las XII Jornadas de Derecho Administrativo con la tem\u00e1tica \u201cLa Ense\u00f1anza del Derecho Administrativo&#8221; en homenaje al Dr. Jos\u00e9 Luis Villegas Moreno. Actividad organizada en conjunto con la Universidad Pedag\u00f3gica Experimental Libertador, Extensi\u00f3n Acad\u00e9mica San Crist\u00f3bal.<\/p>\n<p style=\"text-align: justify;\">En el inicio del acto tuvo lugar la presentaci\u00f3n del homenajeado, luego de sendas intervenciones del Profesor Douglas Izarra Vielma, Coordinador de la Extensi\u00f3n Acad\u00e9mica San Crist\u00f3bal de la UPEL y el Padre Ricardo Emmanuel Casanova Duque, Vicerrector Acad\u00e9mico de la UCAT. A trav\u00e9s de la plataforma digital, el Profesor Villegas Moreno dio sus palabras de agradecimiento por la realizaci\u00f3n de estas Jornadas.<\/p>\n<p style=\"text-align: justify;\">Seguidamente, expertos expusieron sobre la Ense\u00f1anza del Derecho Administrativo desde su experiencia, tambi\u00e9n se habl\u00f3 sobre La formaci\u00f3n profesional del futuro abogado para el ejercicio del derecho administrativo o formaci\u00f3n cont\u00ednua del abogado.<\/p>\n<p style=\"text-align: justify;\">\u201cCon esto se busca tener una docencia al servicio del derecho administrativo, estamos en presencia de un formato mixto con participantes a trav\u00e9s de las tecnolog\u00edas de la informaci\u00f3n y comunicaci\u00f3n en diversos pa\u00edses, y presenciales en la sede la UCAT,\u201d indic\u00f3 la profesora Mar\u00eda In\u00e9s Higuerey, miembro del equipo organizador de las XII Jornadas.<\/p>\n<p style=\"text-align: justify;\">\nAdem\u00e1s, Higuerey subray\u00f3 que este evento busca tener la docencia al servicio del Derecho Administrativo en la regi\u00f3n.<\/p>\n<p><strong>(PrensaUCAT)<\/strong><\/p>\n","protected":false},"excerpt":{"rendered":"<p>Durante los d\u00edas 21 y 22 de abril, se desarroll\u00f3 en el Auditorio de la Universidad Cat\u00f3lica del T\u00e1chira, sede Loma del Tejar (Barrio Obrero), las XII Jornadas de Derecho Administrativo con la tem\u00e1tica \u201cLa Ense\u00f1anza del Derecho Administrativo&#8221; en homenaje al Dr. Jos\u00e9 Luis Villegas Moreno. Actividad organizada en conjunto con la Universidad Pedag\u00f3gica<\/p>\n","protected":false},"author":23,"featured_media":9076,"comment_status":"closed","ping_status":"closed","sticky":false,"template":"","format":"standard","meta":[],"categories":[3],"tags":[],"yoast_head":"<!-- This site is optimized with the Yoast SEO plugin v19.2 - https:\/\/yoast.com\/wordpress\/plugins\/seo\/ -->\n<title>UCAT desarroll\u00f3 las XII Jornadas de Derecho Administrativo - Universidad Cat\u00f3lica del T\u00e1chira<\/title>\n<meta name=\"robots\" content=\"index, follow, max-snippet:-1, max-image-preview:large, max-video-preview:-1\" \/>\n<link rel=\"canonical\" href=\"https:\/\/www.ucat.edu.ve\/web\/ucat-desarrollo-las-xii-jornadas-de-derecho-administrativo\/\" \/>\n<meta property=\"og:locale\" content=\"es_ES\" \/>\n<meta property=\"og:type\" content=\"article\" \/>\n<meta property=\"og:title\" content=\"UCAT desarroll\u00f3 las XII Jornadas de Derecho Administrativo - Universidad Cat\u00f3lica del T\u00e1chira\" \/>\n<meta property=\"og:description\" content=\"Durante los d\u00edas 21 y 22 de abril, se desarroll\u00f3 en el Auditorio de la Universidad Cat\u00f3lica del T\u00e1chira, sede Loma del Tejar (Barrio Obrero), las XII Jornadas de Derecho Administrativo con la tem\u00e1tica \u201cLa Ense\u00f1anza del Derecho Administrativo&#8221; en homenaje al Dr. Jos\u00e9 Luis Villegas Moreno. Actividad organizada en conjunto con la Universidad Pedag\u00f3gica\" \/>\n<meta property=\"og:url\" content=\"https:\/\/www.ucat.edu.ve\/web\/ucat-desarrollo-las-xii-jornadas-de-derecho-administrativo\/\" \/>\n<meta property=\"og:site_name\" content=\"Universidad Cat\u00f3lica del T\u00e1chira\" \/>\n<meta property=\"article:publisher\" content=\"https:\/\/www.facebook.com\/notiucat\/\" \/>\n<meta property=\"article:published_time\" content=\"2022-04-28T15:26:12+00:00\" \/>\n<meta property=\"og:image\" content=\"https:\/\/www.ucat.edu.ve\/web\/wp-content\/uploads\/2022\/04\/Noticia-UCAT_XII-Jornadas-de-Derecho-Administrativo-1.jpg\" \/>\n\t<meta property=\"og:image:width\" content=\"1086\" \/>\n\t<meta property=\"og:image:height\" content=\"671\" \/>\n\t<meta property=\"og:image:type\" content=\"image\/jpeg\" \/>\n<meta name=\"author\" content=\"Secretaria General\" \/>\n<meta name=\"twitter:card\" content=\"summary_large_image\" \/>\n<meta name=\"twitter:creator\" content=\"@notiucat\" \/>\n<meta name=\"twitter:site\" content=\"@notiucat\" \/>\n<meta name=\"twitter:label1\" content=\"Written by\" \/>\n\t<meta name=\"twitter:data1\" content=\"Secretaria General\" \/>\n\t<meta name=\"twitter:label2\" content=\"Est. reading time\" \/>\n\t<meta name=\"twitter:data2\" content=\"2 minutos\" \/>\n<script type=\"application\/ld+json\" class=\"yoast-schema-graph\">{\"@context\":\"https:\/\/schema.org\",\"@graph\":[{\"@type\":\"Organization\",\"@id\":\"https:\/\/www.ucat.edu.ve\/web\/#organization\",\"name\":\"Universidad Cat\u00f3lica Del T\u00e1chira UCAT\",\"url\":\"https:\/\/www.ucat.edu.ve\/web\/\",\"sameAs\":[\"https:\/\/www.instagram.com\/notiucat\/\",\"https:\/\/www.youtube.com\/channel\/UCwEbYSB1R9fzlII-8dcxuYA?view_as=subscriber\",\"https:\/\/www.facebook.com\/notiucat\/\",\"https:\/\/twitter.com\/notiucat\"],\"logo\":{\"@type\":\"ImageObject\",\"inLanguage\":\"es-ES\",\"@id\":\"https:\/\/www.ucat.edu.ve\/web\/#\/schema\/logo\/image\/\",\"url\":\"https:\/\/www.ucat.edu.ve\/web\/wp-content\/uploads\/2015\/07\/logoucat.gif\",\"contentUrl\":\"https:\/\/www.ucat.edu.ve\/web\/wp-content\/uploads\/2015\/07\/logoucat.gif\",\"width\":219,\"height\":155,\"caption\":\"Universidad Cat\u00f3lica Del T\u00e1chira UCAT\"},\"image\":{\"@id\":\"https:\/\/www.ucat.edu.ve\/web\/#\/schema\/logo\/image\/\"}},{\"@type\":\"WebSite\",\"@id\":\"https:\/\/www.ucat.edu.ve\/web\/#website\",\"url\":\"https:\/\/www.ucat.edu.ve\/web\/\",\"name\":\"Universidad Cat\u00f3lica del T\u00e1chira\",\"description\":\"\",\"publisher\":{\"@id\":\"https:\/\/www.ucat.edu.ve\/web\/#organization\"},\"potentialAction\":[{\"@type\":\"SearchAction\",\"target\":{\"@type\":\"EntryPoint\",\"urlTemplate\":\"https:\/\/www.ucat.edu.ve\/web\/?s={search_term_string}\"},\"query-input\":\"required name=search_term_string\"}],\"inLanguage\":\"es-ES\"},{\"@type\":\"ImageObject\",\"inLanguage\":\"es-ES\",\"@id\":\"https:\/\/www.ucat.edu.ve\/web\/ucat-desarrollo-las-xii-jornadas-de-derecho-administrativo\/#primaryimage\",\"url\":\"https:\/\/www.ucat.edu.ve\/web\/wp-content\/uploads\/2022\/04\/Noticia-UCAT_XII-Jornadas-de-Derecho-Administrativo-1.jpg\",\"contentUrl\":\"https:\/\/www.ucat.edu.ve\/web\/wp-content\/uploads\/2022\/04\/Noticia-UCAT_XII-Jornadas-de-Derecho-Administrativo-1.jpg\",\"width\":1086,\"height\":671},{\"@type\":\"WebPage\",\"@id\":\"https:\/\/www.ucat.edu.ve\/web\/ucat-desarrollo-las-xii-jornadas-de-derecho-administrativo\/#webpage\",\"url\":\"https:\/\/www.ucat.edu.ve\/web\/ucat-desarrollo-las-xii-jornadas-de-derecho-administrativo\/\",\"name\":\"UCAT desarroll\u00f3 las XII Jornadas de Derecho Administrativo - Universidad Cat\u00f3lica del T\u00e1chira\",\"isPartOf\":{\"@id\":\"https:\/\/www.ucat.edu.ve\/web\/#website\"},\"primaryImageOfPage\":{\"@id\":\"https:\/\/www.ucat.edu.ve\/web\/ucat-desarrollo-las-xii-jornadas-de-derecho-administrativo\/#primaryimage\"},\"datePublished\":\"2022-04-28T15:26:12+00:00\",\"dateModified\":\"2022-04-28T15:26:12+00:00\",\"breadcrumb\":{\"@id\":\"https:\/\/www.ucat.edu.ve\/web\/ucat-desarrollo-las-xii-jornadas-de-derecho-administrativo\/#breadcrumb\"},\"inLanguage\":\"es-ES\",\"potentialAction\":[{\"@type\":\"ReadAction\",\"target\":[\"https:\/\/www.ucat.edu.ve\/web\/ucat-desarrollo-las-xii-jornadas-de-derecho-administrativo\/\"]}]},{\"@type\":\"BreadcrumbList\",\"@id\":\"https:\/\/www.ucat.edu.ve\/web\/ucat-desarrollo-las-xii-jornadas-de-derecho-administrativo\/#breadcrumb\",\"itemListElement\":[{\"@type\":\"ListItem\",\"position\":1,\"name\":\"Home\",\"item\":\"https:\/\/www.ucat.edu.ve\/web\/\"},{\"@type\":\"ListItem\",\"position\":2,\"name\":\"UCAT desarroll\u00f3 las XII Jornadas de Derecho Administrativo\"}]},{\"@type\":\"Article\",\"@id\":\"https:\/\/www.ucat.edu.ve\/web\/ucat-desarrollo-las-xii-jornadas-de-derecho-administrativo\/#article\",\"isPartOf\":{\"@id\":\"https:\/\/www.ucat.edu.ve\/web\/ucat-desarrollo-las-xii-jornadas-de-derecho-administrativo\/#webpage\"},\"author\":{\"name\":\"Secretaria General\",\"@id\":\"https:\/\/www.ucat.edu.ve\/web\/#\/schema\/person\/e90fe655adf97bd5c1dbc608855d16cf\"},\"headline\":\"UCAT desarroll\u00f3 las XII Jornadas de Derecho Administrativo\",\"datePublished\":\"2022-04-28T15:26:12+00:00\",\"dateModified\":\"2022-04-28T15:26:12+00:00\",\"mainEntityOfPage\":{\"@id\":\"https:\/\/www.ucat.edu.ve\/web\/ucat-desarrollo-las-xii-jornadas-de-derecho-administrativo\/#webpage\"},\"wordCount\":267,\"publisher\":{\"@id\":\"https:\/\/www.ucat.edu.ve\/web\/#organization\"},\"image\":{\"@id\":\"https:\/\/www.ucat.edu.ve\/web\/ucat-desarrollo-las-xii-jornadas-de-derecho-administrativo\/#primaryimage\"},\"thumbnailUrl\":\"https:\/\/www.ucat.edu.ve\/web\/wp-content\/uploads\/2022\/04\/Noticia-UCAT_XII-Jornadas-de-Derecho-Administrativo-1.jpg\",\"articleSection\":[\"Noticias\"],\"inLanguage\":\"es-ES\"},{\"@type\":\"Person\",\"@id\":\"https:\/\/www.ucat.edu.ve\/web\/#\/schema\/person\/e90fe655adf97bd5c1dbc608855d16cf\",\"name\":\"Secretaria General\",\"url\":\"https:\/\/www.ucat.edu.ve\/web\/author\/secgeucat\/\"}]}<\/script>\n<!-- \/ Yoast SEO plugin. -->","yoast_head_json":{"title":"UCAT desarroll\u00f3 las XII Jornadas de Derecho Administrativo - Universidad Cat\u00f3lica del T\u00e1chira","robots":{"index":"index","follow":"follow","max-snippet":"max-snippet:-1","max-image-preview":"max-image-preview:large","max-video-preview":"max-video-preview:-1"},"canonical":"https:\/\/www.ucat.edu.ve\/web\/ucat-desarrollo-las-xii-jornadas-de-derecho-administrativo\/","og_locale":"es_ES","og_type":"article","og_title":"UCAT desarroll\u00f3 las XII Jornadas de Derecho Administrativo - Universidad Cat\u00f3lica del T\u00e1chira","og_description":"Durante los d\u00edas 21 y 22 de abril, se desarroll\u00f3 en el Auditorio de la Universidad Cat\u00f3lica del T\u00e1chira, sede Loma del Tejar (Barrio Obrero), las XII Jornadas de Derecho Administrativo con la tem\u00e1tica \u201cLa Ense\u00f1anza del Derecho Administrativo&#8221; en homenaje al Dr. Jos\u00e9 Luis Villegas Moreno. Actividad organizada en conjunto con la Universidad Pedag\u00f3gica","og_url":"https:\/\/www.ucat.edu.ve\/web\/ucat-desarrollo-las-xii-jornadas-de-derecho-administrativo\/","og_site_name":"Universidad Cat\u00f3lica del T\u00e1chira","article_publisher":"https:\/\/www.facebook.com\/notiucat\/","article_published_time":"2022-04-28T15:26:12+00:00","og_image":[{"width":1086,"height":671,"url":"https:\/\/www.ucat.edu.ve\/web\/wp-content\/uploads\/2022\/04\/Noticia-UCAT_XII-Jornadas-de-Derecho-Administrativo-1.jpg","type":"image\/jpeg"}],"author":"Secretaria General","twitter_card":"summary_large_image","twitter_creator":"@notiucat","twitter_site":"@notiucat","twitter_misc":{"Written by":"Secretaria General","Est. reading time":"2 minutos"},"schema":{"@context":"https:\/\/schema.org","@graph":[{"@type":"Organization","@id":"https:\/\/www.ucat.edu.ve\/web\/#organization","name":"Universidad Cat\u00f3lica Del T\u00e1chira UCAT","url":"https:\/\/www.ucat.edu.ve\/web\/","sameAs":["https:\/\/www.instagram.com\/notiucat\/","https:\/\/www.youtube.com\/channel\/UCwEbYSB1R9fzlII-8dcxuYA?view_as=subscriber","https:\/\/www.facebook.com\/notiucat\/","https:\/\/twitter.com\/notiucat"],"logo":{"@type":"ImageObject","inLanguage":"es-ES","@id":"https:\/\/www.ucat.edu.ve\/web\/#\/schema\/logo\/image\/","url":"https:\/\/www.ucat.edu.ve\/web\/wp-content\/uploads\/2015\/07\/logoucat.gif","contentUrl":"https:\/\/www.ucat.edu.ve\/web\/wp-content\/uploads\/2015\/07\/logoucat.gif","width":219,"height":155,"caption":"Universidad Cat\u00f3lica Del T\u00e1chira UCAT"},"image":{"@id":"https:\/\/www.ucat.edu.ve\/web\/#\/schema\/logo\/image\/"}},{"@type":"WebSite","@id":"https:\/\/www.ucat.edu.ve\/web\/#website","url":"https:\/\/www.ucat.edu.ve\/web\/","name":"Universidad Cat\u00f3lica del T\u00e1chira","description":"","publisher":{"@id":"https:\/\/www.ucat.edu.ve\/web\/#organization"},"potentialAction":[{"@type":"SearchAction","target":{"@type":"EntryPoint","urlTemplate":"https:\/\/www.ucat.edu.ve\/web\/?s={search_term_string}"},"query-input":"required name=search_term_string"}],"inLanguage":"es-ES"},{"@type":"ImageObject","inLanguage":"es-ES","@id":"https:\/\/www.ucat.edu.ve\/web\/ucat-desarrollo-las-xii-jornadas-de-derecho-administrativo\/#primaryimage","url":"https:\/\/www.ucat.edu.ve\/web\/wp-content\/uploads\/2022\/04\/Noticia-UCAT_XII-Jornadas-de-Derecho-Administrativo-1.jpg","contentUrl":"https:\/\/www.ucat.edu.ve\/web\/wp-content\/uploads\/2022\/04\/Noticia-UCAT_XII-Jornadas-de-Derecho-Administrativo-1.jpg","width":1086,"height":671},{"@type":"WebPage","@id":"https:\/\/www.ucat.edu.ve\/web\/ucat-desarrollo-las-xii-jornadas-de-derecho-administrativo\/#webpage","url":"https:\/\/www.ucat.edu.ve\/web\/ucat-desarrollo-las-xii-jornadas-de-derecho-administrativo\/","name":"UCAT desarroll\u00f3 las XII Jornadas de Derecho Administrativo - Universidad Cat\u00f3lica del T\u00e1chira","isPartOf":{"@id":"https:\/\/www.ucat.edu.ve\/web\/#website"},"primaryImageOfPage":{"@id":"https:\/\/www.ucat.edu.ve\/web\/ucat-desarrollo-las-xii-jornadas-de-derecho-administrativo\/#primaryimage"},"datePublished":"2022-04-28T15:26:12+00:00","dateModified":"2022-04-28T15:26:12+00:00","breadcrumb":{"@id":"https:\/\/www.ucat.edu.ve\/web\/ucat-desarrollo-las-xii-jornadas-de-derecho-administrativo\/#breadcrumb"},"inLanguage":"es-ES","potentialAction":[{"@type":"ReadAction","target":["https:\/\/www.ucat.edu.ve\/web\/ucat-desarrollo-las-xii-jornadas-de-derecho-administrativo\/"]}]},{"@type":"BreadcrumbList","@id":"https:\/\/www.ucat.edu.ve\/web\/ucat-desarrollo-las-xii-jornadas-de-derecho-administrativo\/#breadcrumb","itemListElement":[{"@type":"ListItem","position":1,"name":"Home","item":"https:\/\/www.ucat.edu.ve\/web\/"},{"@type":"ListItem","position":2,"name":"UCAT desarroll\u00f3 las XII Jornadas de Derecho Administrativo"}]},{"@type":"Article","@id":"https:\/\/www.ucat.edu.ve\/web\/ucat-desarrollo-las-xii-jornadas-de-derecho-administrativo\/#article","isPartOf":{"@id":"https:\/\/www.ucat.edu.ve\/web\/ucat-desarrollo-las-xii-jornadas-de-derecho-administrativo\/#webpage"},"author":{"name":"Secretaria General","@id":"https:\/\/www.ucat.edu.ve\/web\/#\/schema\/person\/e90fe655adf97bd5c1dbc608855d16cf"},"headline":"UCAT desarroll\u00f3 las XII Jornadas de Derecho Administrativo","datePublished":"2022-04-28T15:26:12+00:00","dateModified":"2022-04-28T15:26:12+00:00","mainEntityOfPage":{"@id":"https:\/\/www.ucat.edu.ve\/web\/ucat-desarrollo-las-xii-jornadas-de-derecho-administrativo\/#webpage"},"wordCount":267,"publisher":{"@id":"https:\/\/www.ucat.edu.ve\/web\/#organization"},"image":{"@id":"https:\/\/www.ucat.edu.ve\/web\/ucat-desarrollo-las-xii-jornadas-de-derecho-administrativo\/#primaryimage"},"thumbnailUrl":"https:\/\/www.ucat.edu.ve\/web\/wp-content\/uploads\/2022\/04\/Noticia-UCAT_XII-Jornadas-de-Derecho-Administrativo-1.jpg","articleSection":["Noticias"],"inLanguage":"es-ES"},{"@type":"Person","@id":"https:\/\/www.ucat.edu.ve\/web\/#\/schema\/person\/e90fe655adf97bd5c1dbc608855d16cf","name":"Secretaria General","url":"https:\/\/www.ucat.edu.ve\/web\/author\/secgeucat\/"}]}},"_links":{"self":[{"href":"https:\/\/www.ucat.edu.ve\/web\/wp-json\/wp\/v2\/posts\/9075"}],"collection":[{"href":"https:\/\/www.ucat.edu.ve\/web\/wp-json\/wp\/v2\/posts"}],"about":[{"href":"https:\/\/www.ucat.edu.ve\/web\/wp-json\/wp\/v2\/types\/post"}],"author":[{"embeddable":true,"href":"https:\/\/www.ucat.edu.ve\/web\/wp-json\/wp\/v2\/users\/23"}],"replies":[{"embeddable":true,"href":"https:\/\/www.ucat.edu.ve\/web\/wp-json\/wp\/v2\/comments?post=9075"}],"version-history":[{"count":1,"href":"https:\/\/www.ucat.edu.ve\/web\/wp-json\/wp\/v2\/posts\/9075\/revisions"}],"predecessor-version":[{"id":9077,"href":"https:\/\/www.ucat.edu.ve\/web\/wp-json\/wp\/v2\/posts\/9075\/revisions\/9077"}],"wp:featuredmedia":[{"embeddable":true,"href":"https:\/\/www.ucat.edu.ve\/web\/wp-json\/wp\/v2\/media\/9076"}],"wp:attachment":[{"href":"https:\/\/www.ucat.edu.ve\/web\/wp-json\/wp\/v2\/media?parent=9075"}],"wp:term":[{"taxonomy":"category","embeddable":true,"href":"https:\/\/www.ucat.edu.ve\/web\/wp-json\/wp\/v2\/categories?post=9075"},{"taxonomy":"post_tag","embeddable":true,"href":"https:\/\/www.ucat.edu.ve\/web\/wp-json\/wp\/v2\/tags?post=9075"}],"curies":[{"name":"wp","href":"https:\/\/api.w.org\/{rel}","templated":true}]}}