 {"id":9442,"date":"2022-07-07T18:21:32","date_gmt":"2022-07-07T18:21:32","guid":{"rendered":"https:\/\/www.ucat.edu.ve\/web\/?p=9442"},"modified":"2022-07-07T18:21:32","modified_gmt":"2022-07-07T18:21:32","slug":"comenzo-curso-de-formacion-preuniversitaria-en-la-universidad-catolica-del-tachira","status":"publish","type":"post","link":"https:\/\/www.ucat.edu.ve\/web\/comenzo-curso-de-formacion-preuniversitaria-en-la-universidad-catolica-del-tachira\/","title":{"rendered":"Comenz\u00f3 curso de formaci\u00f3n preuniversitaria en la Universidad Cat\u00f3lica del T\u00e1chira"},"content":{"rendered":"<p style=\"text-align: center;\"><img loading=\"lazy\" class=\"alignnone size-medium wp-image-9443\" src=\"https:\/\/www.ucat.edu.ve\/web\/wp-content\/uploads\/2022\/07\/Noticia-UCAT_CURSO-521x322.png\" alt=\"\" width=\"521\" height=\"322\" srcset=\"https:\/\/www.ucat.edu.ve\/web\/wp-content\/uploads\/2022\/07\/Noticia-UCAT_CURSO-521x322.png 521w, https:\/\/www.ucat.edu.ve\/web\/wp-content\/uploads\/2022\/07\/Noticia-UCAT_CURSO-340x210.png 340w, https:\/\/www.ucat.edu.ve\/web\/wp-content\/uploads\/2022\/07\/Noticia-UCAT_CURSO.png 1086w\" sizes=\"(max-width: 521px) 100vw, 521px\" \/><\/p>\n<p style=\"text-align: justify;\">Con 140 j\u00f3venes preinscritos en las diversas carreras ofertadas por la Universidad Cat\u00f3lica del T\u00e1chira, (UCAT) comenz\u00f3 el primer ciclo del curso de formaci\u00f3n\u00a0 preuniversitaria para todos aquellos estudiantes que se preinscribieron desde el 31 de mayo, inicio de la convocatoria, hasta el 4 de julio de 2022.<\/p>\n<p style=\"text-align: left;\">La actividad de bienvenida se realiz\u00f3 en las instalaciones del auditorio de la sede \u201cLoma del tejar\u201d en Barrio Obrero, San Crist\u00f3bal; \u00a0tambi\u00e9n asistieron las autoridades de la UCAT, incluidos miembros del personal de los Decanatos de la Universidad.<\/p>\n<p style=\"text-align: justify;\">En punto de las 8:30 am se abri\u00f3 el micr\u00f3fono al presb\u00edtero Ricardo Casanova, Vicerrector Acad\u00e9mico, quien estuvo a cargo de las palabras de bienvenida a los j\u00f3venes aspirantes \u201custedes est\u00e1n aqu\u00ed porque persiguen un sue\u00f1o, y es v\u00e1lido so\u00f1ar pero necesitamos vivir como si ya fu\u00e9semos lo que estamos so\u00f1ando, de all\u00ed nuestro eslogan para este a\u00f1o, la necesidad de vivir la universidad con la conciencia de la b\u00fasqueda de ser un excelente profesional\u201d dijo el Vicerrector.<\/p>\n<p style=\"text-align: justify;\">Tambi\u00e9n el sacerdote les indic\u00f3 quienes son las autoridades, cuales son las \u00a0instalaciones y los programas, herramientas y medios con los que cuenta la Universidad, como instituci\u00f3n, en el diario vivir. Asimismo, les inst\u00f3 a comenzar este proceso con alegr\u00eda y esperanza, adem\u00e1s de seguir apostando por la excelencia en la educaci\u00f3n y formaci\u00f3n universitaria.<\/p>\n<p style=\"text-align: justify;\">Despu\u00e9s de la intervenci\u00f3n de otros miembros de la Universidad Cat\u00f3lica, los aspirantes ingresaron a sus respectivas aulas, para el comienzo de cada unidad acad\u00e9mica correspondiente a la carrera que han optado en la preinscripci\u00f3n.<\/p>\n<p style=\"text-align: justify;\">Seg\u00fan autoridades acad\u00e9micas de la UCAT, el segundo ciclo de curso de formaci\u00f3n preuniversitaria, se ofertar\u00e1 en el mes de septiembre para todos aquellos que se pre inscriban desde el 7 hasta el 29 de Julio y ser\u00e1 totalmente gratuito para quienes hayan accedido a esta convocatoria.<\/p>\n<p>\u00a0(<strong>PrensaUCAT<\/strong>)<\/p>\n","protected":false},"excerpt":{"rendered":"<p>Con 140 j\u00f3venes preinscritos en las diversas carreras ofertadas por la Universidad Cat\u00f3lica del T\u00e1chira, (UCAT) comenz\u00f3 el primer ciclo del curso de formaci\u00f3n\u00a0 preuniversitaria para todos aquellos estudiantes que se preinscribieron desde el 31 de mayo, inicio de la convocatoria, hasta el 4 de julio de 2022. La actividad de bienvenida se realiz\u00f3 en<\/p>\n","protected":false},"author":23,"featured_media":9443,"comment_status":"closed","ping_status":"closed","sticky":false,"template":"","format":"standard","meta":[],"categories":[3],"tags":[],"yoast_head":"<!-- This site is optimized with the Yoast SEO plugin v19.2 - https:\/\/yoast.com\/wordpress\/plugins\/seo\/ -->\n<title>Comenz\u00f3 curso de formaci\u00f3n preuniversitaria en la Universidad Cat\u00f3lica del T\u00e1chira - Universidad Cat\u00f3lica del T\u00e1chira<\/title>\n<meta name=\"robots\" content=\"index, follow, max-snippet:-1, max-image-preview:large, max-video-preview:-1\" \/>\n<link rel=\"canonical\" href=\"https:\/\/www.ucat.edu.ve\/web\/comenzo-curso-de-formacion-preuniversitaria-en-la-universidad-catolica-del-tachira\/\" \/>\n<meta property=\"og:locale\" content=\"es_ES\" \/>\n<meta property=\"og:type\" content=\"article\" \/>\n<meta property=\"og:title\" content=\"Comenz\u00f3 curso de formaci\u00f3n preuniversitaria en la Universidad Cat\u00f3lica del T\u00e1chira - Universidad Cat\u00f3lica del T\u00e1chira\" \/>\n<meta property=\"og:description\" content=\"Con 140 j\u00f3venes preinscritos en las diversas carreras ofertadas por la Universidad Cat\u00f3lica del T\u00e1chira, (UCAT) comenz\u00f3 el primer ciclo del curso de formaci\u00f3n\u00a0 preuniversitaria para todos aquellos estudiantes que se preinscribieron desde el 31 de mayo, inicio de la convocatoria, hasta el 4 de julio de 2022. La actividad de bienvenida se realiz\u00f3 en\" \/>\n<meta property=\"og:url\" content=\"https:\/\/www.ucat.edu.ve\/web\/comenzo-curso-de-formacion-preuniversitaria-en-la-universidad-catolica-del-tachira\/\" \/>\n<meta property=\"og:site_name\" content=\"Universidad Cat\u00f3lica del T\u00e1chira\" \/>\n<meta property=\"article:publisher\" content=\"https:\/\/www.facebook.com\/notiucat\/\" \/>\n<meta property=\"article:published_time\" content=\"2022-07-07T18:21:32+00:00\" \/>\n<meta property=\"og:image\" content=\"https:\/\/www.ucat.edu.ve\/web\/wp-content\/uploads\/2022\/07\/Noticia-UCAT_CURSO.png\" \/>\n\t<meta property=\"og:image:width\" content=\"1086\" \/>\n\t<meta property=\"og:image:height\" content=\"671\" \/>\n\t<meta property=\"og:image:type\" content=\"image\/png\" \/>\n<meta name=\"author\" content=\"Secretaria General\" \/>\n<meta name=\"twitter:card\" content=\"summary_large_image\" \/>\n<meta name=\"twitter:creator\" content=\"@notiucat\" \/>\n<meta name=\"twitter:site\" content=\"@notiucat\" \/>\n<meta name=\"twitter:label1\" content=\"Written by\" \/>\n\t<meta name=\"twitter:data1\" content=\"Secretaria General\" \/>\n\t<meta name=\"twitter:label2\" content=\"Est. reading time\" \/>\n\t<meta name=\"twitter:data2\" content=\"2 minutos\" \/>\n<script type=\"application\/ld+json\" class=\"yoast-schema-graph\">{\"@context\":\"https:\/\/schema.org\",\"@graph\":[{\"@type\":\"Organization\",\"@id\":\"https:\/\/www.ucat.edu.ve\/web\/#organization\",\"name\":\"Universidad Cat\u00f3lica Del T\u00e1chira UCAT\",\"url\":\"https:\/\/www.ucat.edu.ve\/web\/\",\"sameAs\":[\"https:\/\/www.instagram.com\/notiucat\/\",\"https:\/\/www.youtube.com\/channel\/UCwEbYSB1R9fzlII-8dcxuYA?view_as=subscriber\",\"https:\/\/www.facebook.com\/notiucat\/\",\"https:\/\/twitter.com\/notiucat\"],\"logo\":{\"@type\":\"ImageObject\",\"inLanguage\":\"es-ES\",\"@id\":\"https:\/\/www.ucat.edu.ve\/web\/#\/schema\/logo\/image\/\",\"url\":\"https:\/\/www.ucat.edu.ve\/web\/wp-content\/uploads\/2015\/07\/logoucat.gif\",\"contentUrl\":\"https:\/\/www.ucat.edu.ve\/web\/wp-content\/uploads\/2015\/07\/logoucat.gif\",\"width\":219,\"height\":155,\"caption\":\"Universidad Cat\u00f3lica Del T\u00e1chira UCAT\"},\"image\":{\"@id\":\"https:\/\/www.ucat.edu.ve\/web\/#\/schema\/logo\/image\/\"}},{\"@type\":\"WebSite\",\"@id\":\"https:\/\/www.ucat.edu.ve\/web\/#website\",\"url\":\"https:\/\/www.ucat.edu.ve\/web\/\",\"name\":\"Universidad Cat\u00f3lica del T\u00e1chira\",\"description\":\"\",\"publisher\":{\"@id\":\"https:\/\/www.ucat.edu.ve\/web\/#organization\"},\"potentialAction\":[{\"@type\":\"SearchAction\",\"target\":{\"@type\":\"EntryPoint\",\"urlTemplate\":\"https:\/\/www.ucat.edu.ve\/web\/?s={search_term_string}\"},\"query-input\":\"required name=search_term_string\"}],\"inLanguage\":\"es-ES\"},{\"@type\":\"ImageObject\",\"inLanguage\":\"es-ES\",\"@id\":\"https:\/\/www.ucat.edu.ve\/web\/comenzo-curso-de-formacion-preuniversitaria-en-la-universidad-catolica-del-tachira\/#primaryimage\",\"url\":\"https:\/\/www.ucat.edu.ve\/web\/wp-content\/uploads\/2022\/07\/Noticia-UCAT_CURSO.png\",\"contentUrl\":\"https:\/\/www.ucat.edu.ve\/web\/wp-content\/uploads\/2022\/07\/Noticia-UCAT_CURSO.png\",\"width\":1086,\"height\":671},{\"@type\":\"WebPage\",\"@id\":\"https:\/\/www.ucat.edu.ve\/web\/comenzo-curso-de-formacion-preuniversitaria-en-la-universidad-catolica-del-tachira\/#webpage\",\"url\":\"https:\/\/www.ucat.edu.ve\/web\/comenzo-curso-de-formacion-preuniversitaria-en-la-universidad-catolica-del-tachira\/\",\"name\":\"Comenz\u00f3 curso de formaci\u00f3n preuniversitaria en la Universidad Cat\u00f3lica del T\u00e1chira - Universidad Cat\u00f3lica del T\u00e1chira\",\"isPartOf\":{\"@id\":\"https:\/\/www.ucat.edu.ve\/web\/#website\"},\"primaryImageOfPage\":{\"@id\":\"https:\/\/www.ucat.edu.ve\/web\/comenzo-curso-de-formacion-preuniversitaria-en-la-universidad-catolica-del-tachira\/#primaryimage\"},\"datePublished\":\"2022-07-07T18:21:32+00:00\",\"dateModified\":\"2022-07-07T18:21:32+00:00\",\"breadcrumb\":{\"@id\":\"https:\/\/www.ucat.edu.ve\/web\/comenzo-curso-de-formacion-preuniversitaria-en-la-universidad-catolica-del-tachira\/#breadcrumb\"},\"inLanguage\":\"es-ES\",\"potentialAction\":[{\"@type\":\"ReadAction\",\"target\":[\"https:\/\/www.ucat.edu.ve\/web\/comenzo-curso-de-formacion-preuniversitaria-en-la-universidad-catolica-del-tachira\/\"]}]},{\"@type\":\"BreadcrumbList\",\"@id\":\"https:\/\/www.ucat.edu.ve\/web\/comenzo-curso-de-formacion-preuniversitaria-en-la-universidad-catolica-del-tachira\/#breadcrumb\",\"itemListElement\":[{\"@type\":\"ListItem\",\"position\":1,\"name\":\"Home\",\"item\":\"https:\/\/www.ucat.edu.ve\/web\/\"},{\"@type\":\"ListItem\",\"position\":2,\"name\":\"Comenz\u00f3 curso de formaci\u00f3n preuniversitaria en la Universidad Cat\u00f3lica del T\u00e1chira\"}]},{\"@type\":\"Article\",\"@id\":\"https:\/\/www.ucat.edu.ve\/web\/comenzo-curso-de-formacion-preuniversitaria-en-la-universidad-catolica-del-tachira\/#article\",\"isPartOf\":{\"@id\":\"https:\/\/www.ucat.edu.ve\/web\/comenzo-curso-de-formacion-preuniversitaria-en-la-universidad-catolica-del-tachira\/#webpage\"},\"author\":{\"name\":\"Secretaria General\",\"@id\":\"https:\/\/www.ucat.edu.ve\/web\/#\/schema\/person\/e90fe655adf97bd5c1dbc608855d16cf\"},\"headline\":\"Comenz\u00f3 curso de formaci\u00f3n preuniversitaria en la Universidad Cat\u00f3lica del T\u00e1chira\",\"datePublished\":\"2022-07-07T18:21:32+00:00\",\"dateModified\":\"2022-07-07T18:21:32+00:00\",\"mainEntityOfPage\":{\"@id\":\"https:\/\/www.ucat.edu.ve\/web\/comenzo-curso-de-formacion-preuniversitaria-en-la-universidad-catolica-del-tachira\/#webpage\"},\"wordCount\":342,\"publisher\":{\"@id\":\"https:\/\/www.ucat.edu.ve\/web\/#organization\"},\"image\":{\"@id\":\"https:\/\/www.ucat.edu.ve\/web\/comenzo-curso-de-formacion-preuniversitaria-en-la-universidad-catolica-del-tachira\/#primaryimage\"},\"thumbnailUrl\":\"https:\/\/www.ucat.edu.ve\/web\/wp-content\/uploads\/2022\/07\/Noticia-UCAT_CURSO.png\",\"articleSection\":[\"Noticias\"],\"inLanguage\":\"es-ES\"},{\"@type\":\"Person\",\"@id\":\"https:\/\/www.ucat.edu.ve\/web\/#\/schema\/person\/e90fe655adf97bd5c1dbc608855d16cf\",\"name\":\"Secretaria General\",\"url\":\"https:\/\/www.ucat.edu.ve\/web\/author\/secgeucat\/\"}]}<\/script>\n<!-- \/ Yoast SEO plugin. -->","yoast_head_json":{"title":"Comenz\u00f3 curso de formaci\u00f3n preuniversitaria en la Universidad Cat\u00f3lica del T\u00e1chira - Universidad Cat\u00f3lica del T\u00e1chira","robots":{"index":"index","follow":"follow","max-snippet":"max-snippet:-1","max-image-preview":"max-image-preview:large","max-video-preview":"max-video-preview:-1"},"canonical":"https:\/\/www.ucat.edu.ve\/web\/comenzo-curso-de-formacion-preuniversitaria-en-la-universidad-catolica-del-tachira\/","og_locale":"es_ES","og_type":"article","og_title":"Comenz\u00f3 curso de formaci\u00f3n preuniversitaria en la Universidad Cat\u00f3lica del T\u00e1chira - Universidad Cat\u00f3lica del T\u00e1chira","og_description":"Con 140 j\u00f3venes preinscritos en las diversas carreras ofertadas por la Universidad Cat\u00f3lica del T\u00e1chira, (UCAT) comenz\u00f3 el primer ciclo del curso de formaci\u00f3n\u00a0 preuniversitaria para todos aquellos estudiantes que se preinscribieron desde el 31 de mayo, inicio de la convocatoria, hasta el 4 de julio de 2022. La actividad de bienvenida se realiz\u00f3 en","og_url":"https:\/\/www.ucat.edu.ve\/web\/comenzo-curso-de-formacion-preuniversitaria-en-la-universidad-catolica-del-tachira\/","og_site_name":"Universidad Cat\u00f3lica del T\u00e1chira","article_publisher":"https:\/\/www.facebook.com\/notiucat\/","article_published_time":"2022-07-07T18:21:32+00:00","og_image":[{"width":1086,"height":671,"url":"https:\/\/www.ucat.edu.ve\/web\/wp-content\/uploads\/2022\/07\/Noticia-UCAT_CURSO.png","type":"image\/png"}],"author":"Secretaria General","twitter_card":"summary_large_image","twitter_creator":"@notiucat","twitter_site":"@notiucat","twitter_misc":{"Written by":"Secretaria General","Est. reading time":"2 minutos"},"schema":{"@context":"https:\/\/schema.org","@graph":[{"@type":"Organization","@id":"https:\/\/www.ucat.edu.ve\/web\/#organization","name":"Universidad Cat\u00f3lica Del T\u00e1chira UCAT","url":"https:\/\/www.ucat.edu.ve\/web\/","sameAs":["https:\/\/www.instagram.com\/notiucat\/","https:\/\/www.youtube.com\/channel\/UCwEbYSB1R9fzlII-8dcxuYA?view_as=subscriber","https:\/\/www.facebook.com\/notiucat\/","https:\/\/twitter.com\/notiucat"],"logo":{"@type":"ImageObject","inLanguage":"es-ES","@id":"https:\/\/www.ucat.edu.ve\/web\/#\/schema\/logo\/image\/","url":"https:\/\/www.ucat.edu.ve\/web\/wp-content\/uploads\/2015\/07\/logoucat.gif","contentUrl":"https:\/\/www.ucat.edu.ve\/web\/wp-content\/uploads\/2015\/07\/logoucat.gif","width":219,"height":155,"caption":"Universidad Cat\u00f3lica Del T\u00e1chira UCAT"},"image":{"@id":"https:\/\/www.ucat.edu.ve\/web\/#\/schema\/logo\/image\/"}},{"@type":"WebSite","@id":"https:\/\/www.ucat.edu.ve\/web\/#website","url":"https:\/\/www.ucat.edu.ve\/web\/","name":"Universidad Cat\u00f3lica del T\u00e1chira","description":"","publisher":{"@id":"https:\/\/www.ucat.edu.ve\/web\/#organization"},"potentialAction":[{"@type":"SearchAction","target":{"@type":"EntryPoint","urlTemplate":"https:\/\/www.ucat.edu.ve\/web\/?s={search_term_string}"},"query-input":"required name=search_term_string"}],"inLanguage":"es-ES"},{"@type":"ImageObject","inLanguage":"es-ES","@id":"https:\/\/www.ucat.edu.ve\/web\/comenzo-curso-de-formacion-preuniversitaria-en-la-universidad-catolica-del-tachira\/#primaryimage","url":"https:\/\/www.ucat.edu.ve\/web\/wp-content\/uploads\/2022\/07\/Noticia-UCAT_CURSO.png","contentUrl":"https:\/\/www.ucat.edu.ve\/web\/wp-content\/uploads\/2022\/07\/Noticia-UCAT_CURSO.png","width":1086,"height":671},{"@type":"WebPage","@id":"https:\/\/www.ucat.edu.ve\/web\/comenzo-curso-de-formacion-preuniversitaria-en-la-universidad-catolica-del-tachira\/#webpage","url":"https:\/\/www.ucat.edu.ve\/web\/comenzo-curso-de-formacion-preuniversitaria-en-la-universidad-catolica-del-tachira\/","name":"Comenz\u00f3 curso de formaci\u00f3n preuniversitaria en la Universidad Cat\u00f3lica del T\u00e1chira - Universidad Cat\u00f3lica del T\u00e1chira","isPartOf":{"@id":"https:\/\/www.ucat.edu.ve\/web\/#website"},"primaryImageOfPage":{"@id":"https:\/\/www.ucat.edu.ve\/web\/comenzo-curso-de-formacion-preuniversitaria-en-la-universidad-catolica-del-tachira\/#primaryimage"},"datePublished":"2022-07-07T18:21:32+00:00","dateModified":"2022-07-07T18:21:32+00:00","breadcrumb":{"@id":"https:\/\/www.ucat.edu.ve\/web\/comenzo-curso-de-formacion-preuniversitaria-en-la-universidad-catolica-del-tachira\/#breadcrumb"},"inLanguage":"es-ES","potentialAction":[{"@type":"ReadAction","target":["https:\/\/www.ucat.edu.ve\/web\/comenzo-curso-de-formacion-preuniversitaria-en-la-universidad-catolica-del-tachira\/"]}]},{"@type":"BreadcrumbList","@id":"https:\/\/www.ucat.edu.ve\/web\/comenzo-curso-de-formacion-preuniversitaria-en-la-universidad-catolica-del-tachira\/#breadcrumb","itemListElement":[{"@type":"ListItem","position":1,"name":"Home","item":"https:\/\/www.ucat.edu.ve\/web\/"},{"@type":"ListItem","position":2,"name":"Comenz\u00f3 curso de formaci\u00f3n preuniversitaria en la Universidad Cat\u00f3lica del T\u00e1chira"}]},{"@type":"Article","@id":"https:\/\/www.ucat.edu.ve\/web\/comenzo-curso-de-formacion-preuniversitaria-en-la-universidad-catolica-del-tachira\/#article","isPartOf":{"@id":"https:\/\/www.ucat.edu.ve\/web\/comenzo-curso-de-formacion-preuniversitaria-en-la-universidad-catolica-del-tachira\/#webpage"},"author":{"name":"Secretaria General","@id":"https:\/\/www.ucat.edu.ve\/web\/#\/schema\/person\/e90fe655adf97bd5c1dbc608855d16cf"},"headline":"Comenz\u00f3 curso de formaci\u00f3n preuniversitaria en la Universidad Cat\u00f3lica del T\u00e1chira","datePublished":"2022-07-07T18:21:32+00:00","dateModified":"2022-07-07T18:21:32+00:00","mainEntityOfPage":{"@id":"https:\/\/www.ucat.edu.ve\/web\/comenzo-curso-de-formacion-preuniversitaria-en-la-universidad-catolica-del-tachira\/#webpage"},"wordCount":342,"publisher":{"@id":"https:\/\/www.ucat.edu.ve\/web\/#organization"},"image":{"@id":"https:\/\/www.ucat.edu.ve\/web\/comenzo-curso-de-formacion-preuniversitaria-en-la-universidad-catolica-del-tachira\/#primaryimage"},"thumbnailUrl":"https:\/\/www.ucat.edu.ve\/web\/wp-content\/uploads\/2022\/07\/Noticia-UCAT_CURSO.png","articleSection":["Noticias"],"inLanguage":"es-ES"},{"@type":"Person","@id":"https:\/\/www.ucat.edu.ve\/web\/#\/schema\/person\/e90fe655adf97bd5c1dbc608855d16cf","name":"Secretaria General","url":"https:\/\/www.ucat.edu.ve\/web\/author\/secgeucat\/"}]}},"_links":{"self":[{"href":"https:\/\/www.ucat.edu.ve\/web\/wp-json\/wp\/v2\/posts\/9442"}],"collection":[{"href":"https:\/\/www.ucat.edu.ve\/web\/wp-json\/wp\/v2\/posts"}],"about":[{"href":"https:\/\/www.ucat.edu.ve\/web\/wp-json\/wp\/v2\/types\/post"}],"author":[{"embeddable":true,"href":"https:\/\/www.ucat.edu.ve\/web\/wp-json\/wp\/v2\/users\/23"}],"replies":[{"embeddable":true,"href":"https:\/\/www.ucat.edu.ve\/web\/wp-json\/wp\/v2\/comments?post=9442"}],"version-history":[{"count":2,"href":"https:\/\/www.ucat.edu.ve\/web\/wp-json\/wp\/v2\/posts\/9442\/revisions"}],"predecessor-version":[{"id":9445,"href":"https:\/\/www.ucat.edu.ve\/web\/wp-json\/wp\/v2\/posts\/9442\/revisions\/9445"}],"wp:featuredmedia":[{"embeddable":true,"href":"https:\/\/www.ucat.edu.ve\/web\/wp-json\/wp\/v2\/media\/9443"}],"wp:attachment":[{"href":"https:\/\/www.ucat.edu.ve\/web\/wp-json\/wp\/v2\/media?parent=9442"}],"wp:term":[{"taxonomy":"category","embeddable":true,"href":"https:\/\/www.ucat.edu.ve\/web\/wp-json\/wp\/v2\/categories?post=9442"},{"taxonomy":"post_tag","embeddable":true,"href":"https:\/\/www.ucat.edu.ve\/web\/wp-json\/wp\/v2\/tags?post=9442"}],"curies":[{"name":"wp","href":"https:\/\/api.w.org\/{rel}","templated":true}]}}