 {"id":9478,"date":"2022-07-18T14:21:06","date_gmt":"2022-07-18T14:21:06","guid":{"rendered":"https:\/\/www.ucat.edu.ve\/web\/?p=9478"},"modified":"2022-07-18T14:21:06","modified_gmt":"2022-07-18T14:21:06","slug":"vii-congreso-venezolano-de-arbitraje-nacional-e-internacional-de-la-asociacion-venezolana-de-arbitraje","status":"publish","type":"post","link":"https:\/\/www.ucat.edu.ve\/web\/vii-congreso-venezolano-de-arbitraje-nacional-e-internacional-de-la-asociacion-venezolana-de-arbitraje\/","title":{"rendered":"VII Congreso Venezolano de Arbitraje Nacional e Internacional de la Asociaci\u00f3n Venezolana de Arbitraje."},"content":{"rendered":"<div>\n<div style=\"text-align: center;\"><img loading=\"lazy\" class=\"alignnone size-medium wp-image-9479\" src=\"https:\/\/www.ucat.edu.ve\/web\/wp-content\/uploads\/2022\/07\/Noticia-UCAT-521x322.png\" alt=\"\" width=\"521\" height=\"322\" srcset=\"https:\/\/www.ucat.edu.ve\/web\/wp-content\/uploads\/2022\/07\/Noticia-UCAT-521x322.png 521w, https:\/\/www.ucat.edu.ve\/web\/wp-content\/uploads\/2022\/07\/Noticia-UCAT-340x210.png 340w, https:\/\/www.ucat.edu.ve\/web\/wp-content\/uploads\/2022\/07\/Noticia-UCAT.png 1086w\" sizes=\"(max-width: 521px) 100vw, 521px\" \/><\/div>\n<div><\/div>\n<div style=\"text-align: center;\">Nos complace invitarlos al VIII Congreso Venezolano de Arbitraje Nacional e Internacional de la @avarbitraje que se celebrar\u00e1 los d\u00edas 18 y 19 de julio de 2022.<\/div>\n<div><\/div>\n<div>Evento gratuito, que ser\u00e1 transmitido via Zoom.<\/div>\n<div><\/div>\n<div>Indispensable registro previo en:<\/div>\n<div><\/div>\n<\/div>\n<div><a href=\"https:\/\/venamcham-org.zoom.us\/webinar\/register\/WN_v26nnRXcRTWoGdGU1j7lDg\" target=\"_blank\" rel=\"noopener\" data-saferedirecturl=\"https:\/\/www.google.com\/url?q=https:\/\/venamcham-org.zoom.us\/webinar\/register\/WN_v26nnRXcRTWoGdGU1j7lDg&amp;source=gmail&amp;ust=1658237806053000&amp;usg=AOvVaw26EfYXCj39fX0RUdwT8b5U\">https:\/\/venamcham-org.zoom.us\/<wbr \/>webinar\/register\/WN_<wbr \/>v26nnRXcRTWoGdGU1j7lDg<\/a><\/div>\n<div><\/div>\n<div><\/div>\n<p><img loading=\"lazy\" class=\"size-full aligncenter\" src=\"https:\/\/www.ucat.edu.ve\/web\/wp-content\/uploads\/2022\/07\/1.jpg\" alt=\"UCAT\" width=\"1150\" height=\"1131\" \/><\/p>\n<p><img loading=\"lazy\" class=\"size-full aligncenter\" src=\"https:\/\/www.ucat.edu.ve\/web\/wp-content\/uploads\/2022\/07\/1-1.jpg\" alt=\"UCAT\" width=\"1150\" height=\"1131\" \/><\/p>\n","protected":false},"excerpt":{"rendered":"<p>Nos complace invitarlos al VIII Congreso Venezolano de Arbitraje Nacional e Internacional de la @avarbitraje que se celebrar\u00e1 los d\u00edas 18 y 19 de julio de 2022. Evento gratuito, que ser\u00e1 transmitido via Zoom. Indispensable registro previo en: https:\/\/venamcham-org.zoom.us\/webinar\/register\/WN_v26nnRXcRTWoGdGU1j7lDg<\/p>\n","protected":false},"author":23,"featured_media":9479,"comment_status":"closed","ping_status":"closed","sticky":false,"template":"","format":"standard","meta":[],"categories":[3],"tags":[],"yoast_head":"<!-- This site is optimized with the Yoast SEO plugin v19.2 - https:\/\/yoast.com\/wordpress\/plugins\/seo\/ -->\n<title>VII Congreso Venezolano de Arbitraje Nacional e Internacional de la Asociaci\u00f3n Venezolana de Arbitraje. - Universidad Cat\u00f3lica del T\u00e1chira<\/title>\n<meta name=\"robots\" content=\"index, follow, max-snippet:-1, max-image-preview:large, max-video-preview:-1\" \/>\n<link rel=\"canonical\" href=\"https:\/\/www.ucat.edu.ve\/web\/vii-congreso-venezolano-de-arbitraje-nacional-e-internacional-de-la-asociacion-venezolana-de-arbitraje\/\" \/>\n<meta property=\"og:locale\" content=\"es_ES\" \/>\n<meta property=\"og:type\" content=\"article\" \/>\n<meta property=\"og:title\" content=\"VII Congreso Venezolano de Arbitraje Nacional e Internacional de la Asociaci\u00f3n Venezolana de Arbitraje. - Universidad Cat\u00f3lica del T\u00e1chira\" \/>\n<meta property=\"og:description\" content=\"Nos complace invitarlos al VIII Congreso Venezolano de Arbitraje Nacional e Internacional de la @avarbitraje que se celebrar\u00e1 los d\u00edas 18 y 19 de julio de 2022. Evento gratuito, que ser\u00e1 transmitido via Zoom. Indispensable registro previo en: https:\/\/venamcham-org.zoom.us\/webinar\/register\/WN_v26nnRXcRTWoGdGU1j7lDg\" \/>\n<meta property=\"og:url\" content=\"https:\/\/www.ucat.edu.ve\/web\/vii-congreso-venezolano-de-arbitraje-nacional-e-internacional-de-la-asociacion-venezolana-de-arbitraje\/\" \/>\n<meta property=\"og:site_name\" content=\"Universidad Cat\u00f3lica del T\u00e1chira\" \/>\n<meta property=\"article:publisher\" content=\"https:\/\/www.facebook.com\/notiucat\/\" \/>\n<meta property=\"article:published_time\" content=\"2022-07-18T14:21:06+00:00\" \/>\n<meta property=\"og:image\" content=\"https:\/\/www.ucat.edu.ve\/web\/wp-content\/uploads\/2022\/07\/Noticia-UCAT.png\" \/>\n\t<meta property=\"og:image:width\" content=\"1086\" \/>\n\t<meta property=\"og:image:height\" content=\"671\" \/>\n\t<meta property=\"og:image:type\" content=\"image\/png\" \/>\n<meta name=\"author\" content=\"Secretaria General\" \/>\n<meta name=\"twitter:card\" content=\"summary_large_image\" \/>\n<meta name=\"twitter:creator\" content=\"@notiucat\" \/>\n<meta name=\"twitter:site\" content=\"@notiucat\" \/>\n<meta name=\"twitter:label1\" content=\"Written by\" \/>\n\t<meta name=\"twitter:data1\" content=\"Secretaria General\" \/>\n<script type=\"application\/ld+json\" class=\"yoast-schema-graph\">{\"@context\":\"https:\/\/schema.org\",\"@graph\":[{\"@type\":\"Organization\",\"@id\":\"https:\/\/www.ucat.edu.ve\/web\/#organization\",\"name\":\"Universidad Cat\u00f3lica Del T\u00e1chira UCAT\",\"url\":\"https:\/\/www.ucat.edu.ve\/web\/\",\"sameAs\":[\"https:\/\/www.instagram.com\/notiucat\/\",\"https:\/\/www.youtube.com\/channel\/UCwEbYSB1R9fzlII-8dcxuYA?view_as=subscriber\",\"https:\/\/www.facebook.com\/notiucat\/\",\"https:\/\/twitter.com\/notiucat\"],\"logo\":{\"@type\":\"ImageObject\",\"inLanguage\":\"es-ES\",\"@id\":\"https:\/\/www.ucat.edu.ve\/web\/#\/schema\/logo\/image\/\",\"url\":\"https:\/\/www.ucat.edu.ve\/web\/wp-content\/uploads\/2015\/07\/logoucat.gif\",\"contentUrl\":\"https:\/\/www.ucat.edu.ve\/web\/wp-content\/uploads\/2015\/07\/logoucat.gif\",\"width\":219,\"height\":155,\"caption\":\"Universidad Cat\u00f3lica Del T\u00e1chira UCAT\"},\"image\":{\"@id\":\"https:\/\/www.ucat.edu.ve\/web\/#\/schema\/logo\/image\/\"}},{\"@type\":\"WebSite\",\"@id\":\"https:\/\/www.ucat.edu.ve\/web\/#website\",\"url\":\"https:\/\/www.ucat.edu.ve\/web\/\",\"name\":\"Universidad Cat\u00f3lica del T\u00e1chira\",\"description\":\"\",\"publisher\":{\"@id\":\"https:\/\/www.ucat.edu.ve\/web\/#organization\"},\"potentialAction\":[{\"@type\":\"SearchAction\",\"target\":{\"@type\":\"EntryPoint\",\"urlTemplate\":\"https:\/\/www.ucat.edu.ve\/web\/?s={search_term_string}\"},\"query-input\":\"required name=search_term_string\"}],\"inLanguage\":\"es-ES\"},{\"@type\":\"ImageObject\",\"inLanguage\":\"es-ES\",\"@id\":\"https:\/\/www.ucat.edu.ve\/web\/vii-congreso-venezolano-de-arbitraje-nacional-e-internacional-de-la-asociacion-venezolana-de-arbitraje\/#primaryimage\",\"url\":\"https:\/\/www.ucat.edu.ve\/web\/wp-content\/uploads\/2022\/07\/Noticia-UCAT.png\",\"contentUrl\":\"https:\/\/www.ucat.edu.ve\/web\/wp-content\/uploads\/2022\/07\/Noticia-UCAT.png\",\"width\":1086,\"height\":671},{\"@type\":\"WebPage\",\"@id\":\"https:\/\/www.ucat.edu.ve\/web\/vii-congreso-venezolano-de-arbitraje-nacional-e-internacional-de-la-asociacion-venezolana-de-arbitraje\/#webpage\",\"url\":\"https:\/\/www.ucat.edu.ve\/web\/vii-congreso-venezolano-de-arbitraje-nacional-e-internacional-de-la-asociacion-venezolana-de-arbitraje\/\",\"name\":\"VII Congreso Venezolano de Arbitraje Nacional e Internacional de la Asociaci\u00f3n Venezolana de Arbitraje. - Universidad Cat\u00f3lica del T\u00e1chira\",\"isPartOf\":{\"@id\":\"https:\/\/www.ucat.edu.ve\/web\/#website\"},\"primaryImageOfPage\":{\"@id\":\"https:\/\/www.ucat.edu.ve\/web\/vii-congreso-venezolano-de-arbitraje-nacional-e-internacional-de-la-asociacion-venezolana-de-arbitraje\/#primaryimage\"},\"datePublished\":\"2022-07-18T14:21:06+00:00\",\"dateModified\":\"2022-07-18T14:21:06+00:00\",\"breadcrumb\":{\"@id\":\"https:\/\/www.ucat.edu.ve\/web\/vii-congreso-venezolano-de-arbitraje-nacional-e-internacional-de-la-asociacion-venezolana-de-arbitraje\/#breadcrumb\"},\"inLanguage\":\"es-ES\",\"potentialAction\":[{\"@type\":\"ReadAction\",\"target\":[\"https:\/\/www.ucat.edu.ve\/web\/vii-congreso-venezolano-de-arbitraje-nacional-e-internacional-de-la-asociacion-venezolana-de-arbitraje\/\"]}]},{\"@type\":\"BreadcrumbList\",\"@id\":\"https:\/\/www.ucat.edu.ve\/web\/vii-congreso-venezolano-de-arbitraje-nacional-e-internacional-de-la-asociacion-venezolana-de-arbitraje\/#breadcrumb\",\"itemListElement\":[{\"@type\":\"ListItem\",\"position\":1,\"name\":\"Home\",\"item\":\"https:\/\/www.ucat.edu.ve\/web\/\"},{\"@type\":\"ListItem\",\"position\":2,\"name\":\"VII Congreso Venezolano de Arbitraje Nacional e Internacional de la Asociaci\u00f3n Venezolana de Arbitraje.\"}]},{\"@type\":\"Article\",\"@id\":\"https:\/\/www.ucat.edu.ve\/web\/vii-congreso-venezolano-de-arbitraje-nacional-e-internacional-de-la-asociacion-venezolana-de-arbitraje\/#article\",\"isPartOf\":{\"@id\":\"https:\/\/www.ucat.edu.ve\/web\/vii-congreso-venezolano-de-arbitraje-nacional-e-internacional-de-la-asociacion-venezolana-de-arbitraje\/#webpage\"},\"author\":{\"name\":\"Secretaria General\",\"@id\":\"https:\/\/www.ucat.edu.ve\/web\/#\/schema\/person\/e90fe655adf97bd5c1dbc608855d16cf\"},\"headline\":\"VII Congreso Venezolano de Arbitraje Nacional e Internacional de la Asociaci\u00f3n Venezolana de Arbitraje.\",\"datePublished\":\"2022-07-18T14:21:06+00:00\",\"dateModified\":\"2022-07-18T14:21:06+00:00\",\"mainEntityOfPage\":{\"@id\":\"https:\/\/www.ucat.edu.ve\/web\/vii-congreso-venezolano-de-arbitraje-nacional-e-internacional-de-la-asociacion-venezolana-de-arbitraje\/#webpage\"},\"wordCount\":62,\"publisher\":{\"@id\":\"https:\/\/www.ucat.edu.ve\/web\/#organization\"},\"image\":{\"@id\":\"https:\/\/www.ucat.edu.ve\/web\/vii-congreso-venezolano-de-arbitraje-nacional-e-internacional-de-la-asociacion-venezolana-de-arbitraje\/#primaryimage\"},\"thumbnailUrl\":\"https:\/\/www.ucat.edu.ve\/web\/wp-content\/uploads\/2022\/07\/Noticia-UCAT.png\",\"articleSection\":[\"Noticias\"],\"inLanguage\":\"es-ES\"},{\"@type\":\"Person\",\"@id\":\"https:\/\/www.ucat.edu.ve\/web\/#\/schema\/person\/e90fe655adf97bd5c1dbc608855d16cf\",\"name\":\"Secretaria General\",\"url\":\"https:\/\/www.ucat.edu.ve\/web\/author\/secgeucat\/\"}]}<\/script>\n<!-- \/ Yoast SEO plugin. -->","yoast_head_json":{"title":"VII Congreso Venezolano de Arbitraje Nacional e Internacional de la Asociaci\u00f3n Venezolana de Arbitraje. - Universidad Cat\u00f3lica del T\u00e1chira","robots":{"index":"index","follow":"follow","max-snippet":"max-snippet:-1","max-image-preview":"max-image-preview:large","max-video-preview":"max-video-preview:-1"},"canonical":"https:\/\/www.ucat.edu.ve\/web\/vii-congreso-venezolano-de-arbitraje-nacional-e-internacional-de-la-asociacion-venezolana-de-arbitraje\/","og_locale":"es_ES","og_type":"article","og_title":"VII Congreso Venezolano de Arbitraje Nacional e Internacional de la Asociaci\u00f3n Venezolana de Arbitraje. - Universidad Cat\u00f3lica del T\u00e1chira","og_description":"Nos complace invitarlos al VIII Congreso Venezolano de Arbitraje Nacional e Internacional de la @avarbitraje que se celebrar\u00e1 los d\u00edas 18 y 19 de julio de 2022. Evento gratuito, que ser\u00e1 transmitido via Zoom. Indispensable registro previo en: https:\/\/venamcham-org.zoom.us\/webinar\/register\/WN_v26nnRXcRTWoGdGU1j7lDg","og_url":"https:\/\/www.ucat.edu.ve\/web\/vii-congreso-venezolano-de-arbitraje-nacional-e-internacional-de-la-asociacion-venezolana-de-arbitraje\/","og_site_name":"Universidad Cat\u00f3lica del T\u00e1chira","article_publisher":"https:\/\/www.facebook.com\/notiucat\/","article_published_time":"2022-07-18T14:21:06+00:00","og_image":[{"width":1086,"height":671,"url":"https:\/\/www.ucat.edu.ve\/web\/wp-content\/uploads\/2022\/07\/Noticia-UCAT.png","type":"image\/png"}],"author":"Secretaria General","twitter_card":"summary_large_image","twitter_creator":"@notiucat","twitter_site":"@notiucat","twitter_misc":{"Written by":"Secretaria General"},"schema":{"@context":"https:\/\/schema.org","@graph":[{"@type":"Organization","@id":"https:\/\/www.ucat.edu.ve\/web\/#organization","name":"Universidad Cat\u00f3lica Del T\u00e1chira UCAT","url":"https:\/\/www.ucat.edu.ve\/web\/","sameAs":["https:\/\/www.instagram.com\/notiucat\/","https:\/\/www.youtube.com\/channel\/UCwEbYSB1R9fzlII-8dcxuYA?view_as=subscriber","https:\/\/www.facebook.com\/notiucat\/","https:\/\/twitter.com\/notiucat"],"logo":{"@type":"ImageObject","inLanguage":"es-ES","@id":"https:\/\/www.ucat.edu.ve\/web\/#\/schema\/logo\/image\/","url":"https:\/\/www.ucat.edu.ve\/web\/wp-content\/uploads\/2015\/07\/logoucat.gif","contentUrl":"https:\/\/www.ucat.edu.ve\/web\/wp-content\/uploads\/2015\/07\/logoucat.gif","width":219,"height":155,"caption":"Universidad Cat\u00f3lica Del T\u00e1chira UCAT"},"image":{"@id":"https:\/\/www.ucat.edu.ve\/web\/#\/schema\/logo\/image\/"}},{"@type":"WebSite","@id":"https:\/\/www.ucat.edu.ve\/web\/#website","url":"https:\/\/www.ucat.edu.ve\/web\/","name":"Universidad Cat\u00f3lica del T\u00e1chira","description":"","publisher":{"@id":"https:\/\/www.ucat.edu.ve\/web\/#organization"},"potentialAction":[{"@type":"SearchAction","target":{"@type":"EntryPoint","urlTemplate":"https:\/\/www.ucat.edu.ve\/web\/?s={search_term_string}"},"query-input":"required name=search_term_string"}],"inLanguage":"es-ES"},{"@type":"ImageObject","inLanguage":"es-ES","@id":"https:\/\/www.ucat.edu.ve\/web\/vii-congreso-venezolano-de-arbitraje-nacional-e-internacional-de-la-asociacion-venezolana-de-arbitraje\/#primaryimage","url":"https:\/\/www.ucat.edu.ve\/web\/wp-content\/uploads\/2022\/07\/Noticia-UCAT.png","contentUrl":"https:\/\/www.ucat.edu.ve\/web\/wp-content\/uploads\/2022\/07\/Noticia-UCAT.png","width":1086,"height":671},{"@type":"WebPage","@id":"https:\/\/www.ucat.edu.ve\/web\/vii-congreso-venezolano-de-arbitraje-nacional-e-internacional-de-la-asociacion-venezolana-de-arbitraje\/#webpage","url":"https:\/\/www.ucat.edu.ve\/web\/vii-congreso-venezolano-de-arbitraje-nacional-e-internacional-de-la-asociacion-venezolana-de-arbitraje\/","name":"VII Congreso Venezolano de Arbitraje Nacional e Internacional de la Asociaci\u00f3n Venezolana de Arbitraje. - Universidad Cat\u00f3lica del T\u00e1chira","isPartOf":{"@id":"https:\/\/www.ucat.edu.ve\/web\/#website"},"primaryImageOfPage":{"@id":"https:\/\/www.ucat.edu.ve\/web\/vii-congreso-venezolano-de-arbitraje-nacional-e-internacional-de-la-asociacion-venezolana-de-arbitraje\/#primaryimage"},"datePublished":"2022-07-18T14:21:06+00:00","dateModified":"2022-07-18T14:21:06+00:00","breadcrumb":{"@id":"https:\/\/www.ucat.edu.ve\/web\/vii-congreso-venezolano-de-arbitraje-nacional-e-internacional-de-la-asociacion-venezolana-de-arbitraje\/#breadcrumb"},"inLanguage":"es-ES","potentialAction":[{"@type":"ReadAction","target":["https:\/\/www.ucat.edu.ve\/web\/vii-congreso-venezolano-de-arbitraje-nacional-e-internacional-de-la-asociacion-venezolana-de-arbitraje\/"]}]},{"@type":"BreadcrumbList","@id":"https:\/\/www.ucat.edu.ve\/web\/vii-congreso-venezolano-de-arbitraje-nacional-e-internacional-de-la-asociacion-venezolana-de-arbitraje\/#breadcrumb","itemListElement":[{"@type":"ListItem","position":1,"name":"Home","item":"https:\/\/www.ucat.edu.ve\/web\/"},{"@type":"ListItem","position":2,"name":"VII Congreso Venezolano de Arbitraje Nacional e Internacional de la Asociaci\u00f3n Venezolana de Arbitraje."}]},{"@type":"Article","@id":"https:\/\/www.ucat.edu.ve\/web\/vii-congreso-venezolano-de-arbitraje-nacional-e-internacional-de-la-asociacion-venezolana-de-arbitraje\/#article","isPartOf":{"@id":"https:\/\/www.ucat.edu.ve\/web\/vii-congreso-venezolano-de-arbitraje-nacional-e-internacional-de-la-asociacion-venezolana-de-arbitraje\/#webpage"},"author":{"name":"Secretaria General","@id":"https:\/\/www.ucat.edu.ve\/web\/#\/schema\/person\/e90fe655adf97bd5c1dbc608855d16cf"},"headline":"VII Congreso Venezolano de Arbitraje Nacional e Internacional de la Asociaci\u00f3n Venezolana de Arbitraje.","datePublished":"2022-07-18T14:21:06+00:00","dateModified":"2022-07-18T14:21:06+00:00","mainEntityOfPage":{"@id":"https:\/\/www.ucat.edu.ve\/web\/vii-congreso-venezolano-de-arbitraje-nacional-e-internacional-de-la-asociacion-venezolana-de-arbitraje\/#webpage"},"wordCount":62,"publisher":{"@id":"https:\/\/www.ucat.edu.ve\/web\/#organization"},"image":{"@id":"https:\/\/www.ucat.edu.ve\/web\/vii-congreso-venezolano-de-arbitraje-nacional-e-internacional-de-la-asociacion-venezolana-de-arbitraje\/#primaryimage"},"thumbnailUrl":"https:\/\/www.ucat.edu.ve\/web\/wp-content\/uploads\/2022\/07\/Noticia-UCAT.png","articleSection":["Noticias"],"inLanguage":"es-ES"},{"@type":"Person","@id":"https:\/\/www.ucat.edu.ve\/web\/#\/schema\/person\/e90fe655adf97bd5c1dbc608855d16cf","name":"Secretaria General","url":"https:\/\/www.ucat.edu.ve\/web\/author\/secgeucat\/"}]}},"_links":{"self":[{"href":"https:\/\/www.ucat.edu.ve\/web\/wp-json\/wp\/v2\/posts\/9478"}],"collection":[{"href":"https:\/\/www.ucat.edu.ve\/web\/wp-json\/wp\/v2\/posts"}],"about":[{"href":"https:\/\/www.ucat.edu.ve\/web\/wp-json\/wp\/v2\/types\/post"}],"author":[{"embeddable":true,"href":"https:\/\/www.ucat.edu.ve\/web\/wp-json\/wp\/v2\/users\/23"}],"replies":[{"embeddable":true,"href":"https:\/\/www.ucat.edu.ve\/web\/wp-json\/wp\/v2\/comments?post=9478"}],"version-history":[{"count":1,"href":"https:\/\/www.ucat.edu.ve\/web\/wp-json\/wp\/v2\/posts\/9478\/revisions"}],"predecessor-version":[{"id":9483,"href":"https:\/\/www.ucat.edu.ve\/web\/wp-json\/wp\/v2\/posts\/9478\/revisions\/9483"}],"wp:featuredmedia":[{"embeddable":true,"href":"https:\/\/www.ucat.edu.ve\/web\/wp-json\/wp\/v2\/media\/9479"}],"wp:attachment":[{"href":"https:\/\/www.ucat.edu.ve\/web\/wp-json\/wp\/v2\/media?parent=9478"}],"wp:term":[{"taxonomy":"category","embeddable":true,"href":"https:\/\/www.ucat.edu.ve\/web\/wp-json\/wp\/v2\/categories?post=9478"},{"taxonomy":"post_tag","embeddable":true,"href":"https:\/\/www.ucat.edu.ve\/web\/wp-json\/wp\/v2\/tags?post=9478"}],"curies":[{"name":"wp","href":"https:\/\/api.w.org\/{rel}","templated":true}]}}