 {"id":9488,"date":"2022-07-20T14:03:12","date_gmt":"2022-07-20T14:03:12","guid":{"rendered":"https:\/\/www.ucat.edu.ve\/web\/?p=9488"},"modified":"2022-07-20T14:03:12","modified_gmt":"2022-07-20T14:03:12","slug":"ucat-presente-en-el-iv-capitulo-del-congreso-del-ano-centenario%e2%81%a3","status":"publish","type":"post","link":"https:\/\/www.ucat.edu.ve\/web\/ucat-presente-en-el-iv-capitulo-del-congreso-del-ano-centenario%e2%81%a3\/","title":{"rendered":"UCAT presente en el IV Cap\u00edtulo del Congreso del A\u00f1o Centenario\u2063"},"content":{"rendered":"<p style=\"text-align: center;\"><img loading=\"lazy\" class=\"alignnone size-medium wp-image-9489\" src=\"https:\/\/www.ucat.edu.ve\/web\/wp-content\/uploads\/2022\/07\/Noticia-UCAT_UCAT-presente-en-el-IV-Capitulo-del-Congreso-del-Ano-Centenario--521x322.png\" alt=\"\" width=\"521\" height=\"322\" srcset=\"https:\/\/www.ucat.edu.ve\/web\/wp-content\/uploads\/2022\/07\/Noticia-UCAT_UCAT-presente-en-el-IV-Capitulo-del-Congreso-del-Ano-Centenario--521x322.png 521w, https:\/\/www.ucat.edu.ve\/web\/wp-content\/uploads\/2022\/07\/Noticia-UCAT_UCAT-presente-en-el-IV-Capitulo-del-Congreso-del-Ano-Centenario--340x210.png 340w, https:\/\/www.ucat.edu.ve\/web\/wp-content\/uploads\/2022\/07\/Noticia-UCAT_UCAT-presente-en-el-IV-Capitulo-del-Congreso-del-Ano-Centenario-.png 1086w\" sizes=\"(max-width: 521px) 100vw, 521px\" \/><\/p>\n<p style=\"text-align: justify;\">Continuando la programaci\u00f3n del Centenario de la Di\u00f3cesis de San Crist\u00f3bal, el martes 19 de julio en las instalaciones del Seminario Diocesano Santo Tom\u00e1s de Aquino ubicado en Palmira, se desarroll\u00f3 el Congreso del Centenario en su IV Cap\u00edtulo que tuvo por t\u00edtulo: \u201cEvaluando el camino pastoral de la Iglesia local de San Crist\u00f3bal\u201d.<\/p>\n<p style=\"text-align: justify;\">El Abogado Gerardo D\u00edaz, Secretario General de esta casa de estudios, disert\u00f3 sobre la importancia del compromiso evangelizador de la Universidad Cat\u00f3lica en el di\u00e1logo con la sociedad desde la Verdad de Jesucristo.<\/p>\n<p style=\"text-align: justify;\">La informaci\u00f3n la dio a conocer el Pbro. Jean Carlos Medina Poveda, Sub-Coordinador del Congreso, quien se\u00f1al\u00f3 que el objetivo de este cap\u00edtulo es hacer un recorrido valorativo por algunos elementos importantes que ayudan a evidenciar los procesos de la pastoral de conjunto desde la comuni\u00f3n, la participaci\u00f3n y la misi\u00f3n.<\/p>\n<p style=\"text-align: justify;\">Tambi\u00e9n estuvieron presentes como congresistas las autoridades de la Universidad, entre ellos el presb\u00edtero Yonekura Shimuzu, rector de la UCAT y el vicerrector, presb\u00edtero Ricardo Casanova.<\/p>\n<p style=\"text-align: justify;\">El pr\u00f3ximo cap\u00edtulo del congreso seg\u00fan inform\u00f3 la coordinaci\u00f3n del evento, se realizar\u00e1 el 27 de septiembre, proyectado el reino de Dios en la Iglesia local de San Crist\u00f3bal.<\/p>\n<p style=\"text-align: left;\">(PrensaUCAT)<\/p>\n","protected":false},"excerpt":{"rendered":"<p>Continuando la programaci\u00f3n del Centenario de la Di\u00f3cesis de San Crist\u00f3bal, el martes 19 de julio en las instalaciones del Seminario Diocesano Santo Tom\u00e1s de Aquino ubicado en Palmira, se desarroll\u00f3 el Congreso del Centenario en su IV Cap\u00edtulo que tuvo por t\u00edtulo: \u201cEvaluando el camino pastoral de la Iglesia local de San Crist\u00f3bal\u201d. El<\/p>\n","protected":false},"author":23,"featured_media":9489,"comment_status":"closed","ping_status":"closed","sticky":false,"template":"","format":"standard","meta":[],"categories":[3],"tags":[],"yoast_head":"<!-- This site is optimized with the Yoast SEO plugin v19.2 - https:\/\/yoast.com\/wordpress\/plugins\/seo\/ -->\n<title>UCAT presente en el IV Cap\u00edtulo del Congreso del A\u00f1o Centenario\u2063 - Universidad Cat\u00f3lica del T\u00e1chira<\/title>\n<meta name=\"robots\" content=\"index, follow, max-snippet:-1, max-image-preview:large, max-video-preview:-1\" \/>\n<link rel=\"canonical\" href=\"https:\/\/www.ucat.edu.ve\/web\/ucat-presente-en-el-iv-capitulo-del-congreso-del-ano-centenario\u2063\/\" \/>\n<meta property=\"og:locale\" content=\"es_ES\" \/>\n<meta property=\"og:type\" content=\"article\" \/>\n<meta property=\"og:title\" content=\"UCAT presente en el IV Cap\u00edtulo del Congreso del A\u00f1o Centenario\u2063 - Universidad Cat\u00f3lica del T\u00e1chira\" \/>\n<meta property=\"og:description\" content=\"Continuando la programaci\u00f3n del Centenario de la Di\u00f3cesis de San Crist\u00f3bal, el martes 19 de julio en las instalaciones del Seminario Diocesano Santo Tom\u00e1s de Aquino ubicado en Palmira, se desarroll\u00f3 el Congreso del Centenario en su IV Cap\u00edtulo que tuvo por t\u00edtulo: \u201cEvaluando el camino pastoral de la Iglesia local de San Crist\u00f3bal\u201d. El\" \/>\n<meta property=\"og:url\" content=\"https:\/\/www.ucat.edu.ve\/web\/ucat-presente-en-el-iv-capitulo-del-congreso-del-ano-centenario\u2063\/\" \/>\n<meta property=\"og:site_name\" content=\"Universidad Cat\u00f3lica del T\u00e1chira\" \/>\n<meta property=\"article:publisher\" content=\"https:\/\/www.facebook.com\/notiucat\/\" \/>\n<meta property=\"article:published_time\" content=\"2022-07-20T14:03:12+00:00\" \/>\n<meta property=\"og:image\" content=\"https:\/\/www.ucat.edu.ve\/web\/wp-content\/uploads\/2022\/07\/Noticia-UCAT_UCAT-presente-en-el-IV-Capitulo-del-Congreso-del-Ano-Centenario-.png\" \/>\n\t<meta property=\"og:image:width\" content=\"1086\" \/>\n\t<meta property=\"og:image:height\" content=\"671\" \/>\n\t<meta property=\"og:image:type\" content=\"image\/png\" \/>\n<meta name=\"author\" content=\"Secretaria General\" \/>\n<meta name=\"twitter:card\" content=\"summary_large_image\" \/>\n<meta name=\"twitter:creator\" content=\"@notiucat\" \/>\n<meta name=\"twitter:site\" content=\"@notiucat\" \/>\n<meta name=\"twitter:label1\" content=\"Written by\" \/>\n\t<meta name=\"twitter:data1\" content=\"Secretaria General\" \/>\n\t<meta name=\"twitter:label2\" content=\"Est. reading time\" \/>\n\t<meta name=\"twitter:data2\" content=\"1 minuto\" \/>\n<script type=\"application\/ld+json\" class=\"yoast-schema-graph\">{\"@context\":\"https:\/\/schema.org\",\"@graph\":[{\"@type\":\"Organization\",\"@id\":\"https:\/\/www.ucat.edu.ve\/web\/#organization\",\"name\":\"Universidad Cat\u00f3lica Del T\u00e1chira UCAT\",\"url\":\"https:\/\/www.ucat.edu.ve\/web\/\",\"sameAs\":[\"https:\/\/www.instagram.com\/notiucat\/\",\"https:\/\/www.youtube.com\/channel\/UCwEbYSB1R9fzlII-8dcxuYA?view_as=subscriber\",\"https:\/\/www.facebook.com\/notiucat\/\",\"https:\/\/twitter.com\/notiucat\"],\"logo\":{\"@type\":\"ImageObject\",\"inLanguage\":\"es-ES\",\"@id\":\"https:\/\/www.ucat.edu.ve\/web\/#\/schema\/logo\/image\/\",\"url\":\"https:\/\/www.ucat.edu.ve\/web\/wp-content\/uploads\/2015\/07\/logoucat.gif\",\"contentUrl\":\"https:\/\/www.ucat.edu.ve\/web\/wp-content\/uploads\/2015\/07\/logoucat.gif\",\"width\":219,\"height\":155,\"caption\":\"Universidad Cat\u00f3lica Del T\u00e1chira UCAT\"},\"image\":{\"@id\":\"https:\/\/www.ucat.edu.ve\/web\/#\/schema\/logo\/image\/\"}},{\"@type\":\"WebSite\",\"@id\":\"https:\/\/www.ucat.edu.ve\/web\/#website\",\"url\":\"https:\/\/www.ucat.edu.ve\/web\/\",\"name\":\"Universidad Cat\u00f3lica del T\u00e1chira\",\"description\":\"\",\"publisher\":{\"@id\":\"https:\/\/www.ucat.edu.ve\/web\/#organization\"},\"potentialAction\":[{\"@type\":\"SearchAction\",\"target\":{\"@type\":\"EntryPoint\",\"urlTemplate\":\"https:\/\/www.ucat.edu.ve\/web\/?s={search_term_string}\"},\"query-input\":\"required name=search_term_string\"}],\"inLanguage\":\"es-ES\"},{\"@type\":\"ImageObject\",\"inLanguage\":\"es-ES\",\"@id\":\"https:\/\/www.ucat.edu.ve\/web\/ucat-presente-en-el-iv-capitulo-del-congreso-del-ano-centenario%e2%81%a3\/#primaryimage\",\"url\":\"https:\/\/www.ucat.edu.ve\/web\/wp-content\/uploads\/2022\/07\/Noticia-UCAT_UCAT-presente-en-el-IV-Capitulo-del-Congreso-del-Ano-Centenario-.png\",\"contentUrl\":\"https:\/\/www.ucat.edu.ve\/web\/wp-content\/uploads\/2022\/07\/Noticia-UCAT_UCAT-presente-en-el-IV-Capitulo-del-Congreso-del-Ano-Centenario-.png\",\"width\":1086,\"height\":671},{\"@type\":\"WebPage\",\"@id\":\"https:\/\/www.ucat.edu.ve\/web\/ucat-presente-en-el-iv-capitulo-del-congreso-del-ano-centenario%e2%81%a3\/#webpage\",\"url\":\"https:\/\/www.ucat.edu.ve\/web\/ucat-presente-en-el-iv-capitulo-del-congreso-del-ano-centenario%e2%81%a3\/\",\"name\":\"UCAT presente en el IV Cap\u00edtulo del Congreso del A\u00f1o Centenario\u2063 - Universidad Cat\u00f3lica del T\u00e1chira\",\"isPartOf\":{\"@id\":\"https:\/\/www.ucat.edu.ve\/web\/#website\"},\"primaryImageOfPage\":{\"@id\":\"https:\/\/www.ucat.edu.ve\/web\/ucat-presente-en-el-iv-capitulo-del-congreso-del-ano-centenario%e2%81%a3\/#primaryimage\"},\"datePublished\":\"2022-07-20T14:03:12+00:00\",\"dateModified\":\"2022-07-20T14:03:12+00:00\",\"breadcrumb\":{\"@id\":\"https:\/\/www.ucat.edu.ve\/web\/ucat-presente-en-el-iv-capitulo-del-congreso-del-ano-centenario%e2%81%a3\/#breadcrumb\"},\"inLanguage\":\"es-ES\",\"potentialAction\":[{\"@type\":\"ReadAction\",\"target\":[\"https:\/\/www.ucat.edu.ve\/web\/ucat-presente-en-el-iv-capitulo-del-congreso-del-ano-centenario%e2%81%a3\/\"]}]},{\"@type\":\"BreadcrumbList\",\"@id\":\"https:\/\/www.ucat.edu.ve\/web\/ucat-presente-en-el-iv-capitulo-del-congreso-del-ano-centenario%e2%81%a3\/#breadcrumb\",\"itemListElement\":[{\"@type\":\"ListItem\",\"position\":1,\"name\":\"Home\",\"item\":\"https:\/\/www.ucat.edu.ve\/web\/\"},{\"@type\":\"ListItem\",\"position\":2,\"name\":\"UCAT presente en el IV Cap\u00edtulo del Congreso del A\u00f1o Centenario\u2063\"}]},{\"@type\":\"Article\",\"@id\":\"https:\/\/www.ucat.edu.ve\/web\/ucat-presente-en-el-iv-capitulo-del-congreso-del-ano-centenario%e2%81%a3\/#article\",\"isPartOf\":{\"@id\":\"https:\/\/www.ucat.edu.ve\/web\/ucat-presente-en-el-iv-capitulo-del-congreso-del-ano-centenario%e2%81%a3\/#webpage\"},\"author\":{\"name\":\"Secretaria General\",\"@id\":\"https:\/\/www.ucat.edu.ve\/web\/#\/schema\/person\/e90fe655adf97bd5c1dbc608855d16cf\"},\"headline\":\"UCAT presente en el IV Cap\u00edtulo del Congreso del A\u00f1o Centenario\u2063\",\"datePublished\":\"2022-07-20T14:03:12+00:00\",\"dateModified\":\"2022-07-20T14:03:12+00:00\",\"mainEntityOfPage\":{\"@id\":\"https:\/\/www.ucat.edu.ve\/web\/ucat-presente-en-el-iv-capitulo-del-congreso-del-ano-centenario%e2%81%a3\/#webpage\"},\"wordCount\":229,\"publisher\":{\"@id\":\"https:\/\/www.ucat.edu.ve\/web\/#organization\"},\"image\":{\"@id\":\"https:\/\/www.ucat.edu.ve\/web\/ucat-presente-en-el-iv-capitulo-del-congreso-del-ano-centenario%e2%81%a3\/#primaryimage\"},\"thumbnailUrl\":\"https:\/\/www.ucat.edu.ve\/web\/wp-content\/uploads\/2022\/07\/Noticia-UCAT_UCAT-presente-en-el-IV-Capitulo-del-Congreso-del-Ano-Centenario-.png\",\"articleSection\":[\"Noticias\"],\"inLanguage\":\"es-ES\"},{\"@type\":\"Person\",\"@id\":\"https:\/\/www.ucat.edu.ve\/web\/#\/schema\/person\/e90fe655adf97bd5c1dbc608855d16cf\",\"name\":\"Secretaria General\",\"url\":\"https:\/\/www.ucat.edu.ve\/web\/author\/secgeucat\/\"}]}<\/script>\n<!-- \/ Yoast SEO plugin. -->","yoast_head_json":{"title":"UCAT presente en el IV Cap\u00edtulo del Congreso del A\u00f1o Centenario\u2063 - Universidad Cat\u00f3lica del T\u00e1chira","robots":{"index":"index","follow":"follow","max-snippet":"max-snippet:-1","max-image-preview":"max-image-preview:large","max-video-preview":"max-video-preview:-1"},"canonical":"https:\/\/www.ucat.edu.ve\/web\/ucat-presente-en-el-iv-capitulo-del-congreso-del-ano-centenario\u2063\/","og_locale":"es_ES","og_type":"article","og_title":"UCAT presente en el IV Cap\u00edtulo del Congreso del A\u00f1o Centenario\u2063 - Universidad Cat\u00f3lica del T\u00e1chira","og_description":"Continuando la programaci\u00f3n del Centenario de la Di\u00f3cesis de San Crist\u00f3bal, el martes 19 de julio en las instalaciones del Seminario Diocesano Santo Tom\u00e1s de Aquino ubicado en Palmira, se desarroll\u00f3 el Congreso del Centenario en su IV Cap\u00edtulo que tuvo por t\u00edtulo: \u201cEvaluando el camino pastoral de la Iglesia local de San Crist\u00f3bal\u201d. El","og_url":"https:\/\/www.ucat.edu.ve\/web\/ucat-presente-en-el-iv-capitulo-del-congreso-del-ano-centenario\u2063\/","og_site_name":"Universidad Cat\u00f3lica del T\u00e1chira","article_publisher":"https:\/\/www.facebook.com\/notiucat\/","article_published_time":"2022-07-20T14:03:12+00:00","og_image":[{"width":1086,"height":671,"url":"https:\/\/www.ucat.edu.ve\/web\/wp-content\/uploads\/2022\/07\/Noticia-UCAT_UCAT-presente-en-el-IV-Capitulo-del-Congreso-del-Ano-Centenario-.png","type":"image\/png"}],"author":"Secretaria General","twitter_card":"summary_large_image","twitter_creator":"@notiucat","twitter_site":"@notiucat","twitter_misc":{"Written by":"Secretaria General","Est. reading time":"1 minuto"},"schema":{"@context":"https:\/\/schema.org","@graph":[{"@type":"Organization","@id":"https:\/\/www.ucat.edu.ve\/web\/#organization","name":"Universidad Cat\u00f3lica Del T\u00e1chira UCAT","url":"https:\/\/www.ucat.edu.ve\/web\/","sameAs":["https:\/\/www.instagram.com\/notiucat\/","https:\/\/www.youtube.com\/channel\/UCwEbYSB1R9fzlII-8dcxuYA?view_as=subscriber","https:\/\/www.facebook.com\/notiucat\/","https:\/\/twitter.com\/notiucat"],"logo":{"@type":"ImageObject","inLanguage":"es-ES","@id":"https:\/\/www.ucat.edu.ve\/web\/#\/schema\/logo\/image\/","url":"https:\/\/www.ucat.edu.ve\/web\/wp-content\/uploads\/2015\/07\/logoucat.gif","contentUrl":"https:\/\/www.ucat.edu.ve\/web\/wp-content\/uploads\/2015\/07\/logoucat.gif","width":219,"height":155,"caption":"Universidad Cat\u00f3lica Del T\u00e1chira UCAT"},"image":{"@id":"https:\/\/www.ucat.edu.ve\/web\/#\/schema\/logo\/image\/"}},{"@type":"WebSite","@id":"https:\/\/www.ucat.edu.ve\/web\/#website","url":"https:\/\/www.ucat.edu.ve\/web\/","name":"Universidad Cat\u00f3lica del T\u00e1chira","description":"","publisher":{"@id":"https:\/\/www.ucat.edu.ve\/web\/#organization"},"potentialAction":[{"@type":"SearchAction","target":{"@type":"EntryPoint","urlTemplate":"https:\/\/www.ucat.edu.ve\/web\/?s={search_term_string}"},"query-input":"required name=search_term_string"}],"inLanguage":"es-ES"},{"@type":"ImageObject","inLanguage":"es-ES","@id":"https:\/\/www.ucat.edu.ve\/web\/ucat-presente-en-el-iv-capitulo-del-congreso-del-ano-centenario%e2%81%a3\/#primaryimage","url":"https:\/\/www.ucat.edu.ve\/web\/wp-content\/uploads\/2022\/07\/Noticia-UCAT_UCAT-presente-en-el-IV-Capitulo-del-Congreso-del-Ano-Centenario-.png","contentUrl":"https:\/\/www.ucat.edu.ve\/web\/wp-content\/uploads\/2022\/07\/Noticia-UCAT_UCAT-presente-en-el-IV-Capitulo-del-Congreso-del-Ano-Centenario-.png","width":1086,"height":671},{"@type":"WebPage","@id":"https:\/\/www.ucat.edu.ve\/web\/ucat-presente-en-el-iv-capitulo-del-congreso-del-ano-centenario%e2%81%a3\/#webpage","url":"https:\/\/www.ucat.edu.ve\/web\/ucat-presente-en-el-iv-capitulo-del-congreso-del-ano-centenario%e2%81%a3\/","name":"UCAT presente en el IV Cap\u00edtulo del Congreso del A\u00f1o Centenario\u2063 - Universidad Cat\u00f3lica del T\u00e1chira","isPartOf":{"@id":"https:\/\/www.ucat.edu.ve\/web\/#website"},"primaryImageOfPage":{"@id":"https:\/\/www.ucat.edu.ve\/web\/ucat-presente-en-el-iv-capitulo-del-congreso-del-ano-centenario%e2%81%a3\/#primaryimage"},"datePublished":"2022-07-20T14:03:12+00:00","dateModified":"2022-07-20T14:03:12+00:00","breadcrumb":{"@id":"https:\/\/www.ucat.edu.ve\/web\/ucat-presente-en-el-iv-capitulo-del-congreso-del-ano-centenario%e2%81%a3\/#breadcrumb"},"inLanguage":"es-ES","potentialAction":[{"@type":"ReadAction","target":["https:\/\/www.ucat.edu.ve\/web\/ucat-presente-en-el-iv-capitulo-del-congreso-del-ano-centenario%e2%81%a3\/"]}]},{"@type":"BreadcrumbList","@id":"https:\/\/www.ucat.edu.ve\/web\/ucat-presente-en-el-iv-capitulo-del-congreso-del-ano-centenario%e2%81%a3\/#breadcrumb","itemListElement":[{"@type":"ListItem","position":1,"name":"Home","item":"https:\/\/www.ucat.edu.ve\/web\/"},{"@type":"ListItem","position":2,"name":"UCAT presente en el IV Cap\u00edtulo del Congreso del A\u00f1o Centenario\u2063"}]},{"@type":"Article","@id":"https:\/\/www.ucat.edu.ve\/web\/ucat-presente-en-el-iv-capitulo-del-congreso-del-ano-centenario%e2%81%a3\/#article","isPartOf":{"@id":"https:\/\/www.ucat.edu.ve\/web\/ucat-presente-en-el-iv-capitulo-del-congreso-del-ano-centenario%e2%81%a3\/#webpage"},"author":{"name":"Secretaria General","@id":"https:\/\/www.ucat.edu.ve\/web\/#\/schema\/person\/e90fe655adf97bd5c1dbc608855d16cf"},"headline":"UCAT presente en el IV Cap\u00edtulo del Congreso del A\u00f1o Centenario\u2063","datePublished":"2022-07-20T14:03:12+00:00","dateModified":"2022-07-20T14:03:12+00:00","mainEntityOfPage":{"@id":"https:\/\/www.ucat.edu.ve\/web\/ucat-presente-en-el-iv-capitulo-del-congreso-del-ano-centenario%e2%81%a3\/#webpage"},"wordCount":229,"publisher":{"@id":"https:\/\/www.ucat.edu.ve\/web\/#organization"},"image":{"@id":"https:\/\/www.ucat.edu.ve\/web\/ucat-presente-en-el-iv-capitulo-del-congreso-del-ano-centenario%e2%81%a3\/#primaryimage"},"thumbnailUrl":"https:\/\/www.ucat.edu.ve\/web\/wp-content\/uploads\/2022\/07\/Noticia-UCAT_UCAT-presente-en-el-IV-Capitulo-del-Congreso-del-Ano-Centenario-.png","articleSection":["Noticias"],"inLanguage":"es-ES"},{"@type":"Person","@id":"https:\/\/www.ucat.edu.ve\/web\/#\/schema\/person\/e90fe655adf97bd5c1dbc608855d16cf","name":"Secretaria General","url":"https:\/\/www.ucat.edu.ve\/web\/author\/secgeucat\/"}]}},"_links":{"self":[{"href":"https:\/\/www.ucat.edu.ve\/web\/wp-json\/wp\/v2\/posts\/9488"}],"collection":[{"href":"https:\/\/www.ucat.edu.ve\/web\/wp-json\/wp\/v2\/posts"}],"about":[{"href":"https:\/\/www.ucat.edu.ve\/web\/wp-json\/wp\/v2\/types\/post"}],"author":[{"embeddable":true,"href":"https:\/\/www.ucat.edu.ve\/web\/wp-json\/wp\/v2\/users\/23"}],"replies":[{"embeddable":true,"href":"https:\/\/www.ucat.edu.ve\/web\/wp-json\/wp\/v2\/comments?post=9488"}],"version-history":[{"count":1,"href":"https:\/\/www.ucat.edu.ve\/web\/wp-json\/wp\/v2\/posts\/9488\/revisions"}],"predecessor-version":[{"id":9490,"href":"https:\/\/www.ucat.edu.ve\/web\/wp-json\/wp\/v2\/posts\/9488\/revisions\/9490"}],"wp:featuredmedia":[{"embeddable":true,"href":"https:\/\/www.ucat.edu.ve\/web\/wp-json\/wp\/v2\/media\/9489"}],"wp:attachment":[{"href":"https:\/\/www.ucat.edu.ve\/web\/wp-json\/wp\/v2\/media?parent=9488"}],"wp:term":[{"taxonomy":"category","embeddable":true,"href":"https:\/\/www.ucat.edu.ve\/web\/wp-json\/wp\/v2\/categories?post=9488"},{"taxonomy":"post_tag","embeddable":true,"href":"https:\/\/www.ucat.edu.ve\/web\/wp-json\/wp\/v2\/tags?post=9488"}],"curies":[{"name":"wp","href":"https:\/\/api.w.org\/{rel}","templated":true}]}}