 {"id":9491,"date":"2022-07-20T14:06:04","date_gmt":"2022-07-20T14:06:04","guid":{"rendered":"https:\/\/www.ucat.edu.ve\/web\/?p=9491"},"modified":"2022-07-20T14:06:04","modified_gmt":"2022-07-20T14:06:04","slug":"universitarios-en-frontera-celebraron-el-dia-del-nino","status":"publish","type":"post","link":"https:\/\/www.ucat.edu.ve\/web\/universitarios-en-frontera-celebraron-el-dia-del-nino\/","title":{"rendered":"Universitarios en frontera celebraron el d\u00eda del Ni\u00f1o"},"content":{"rendered":"<p style=\"text-align: center;\"><img loading=\"lazy\" class=\"alignnone size-medium wp-image-9492\" src=\"https:\/\/www.ucat.edu.ve\/web\/wp-content\/uploads\/2022\/07\/Noticia-UCAT_Universitarios-en-frontera-celebraron-el-dia-del-Nin-521x322.png\" alt=\"\" width=\"521\" height=\"322\" srcset=\"https:\/\/www.ucat.edu.ve\/web\/wp-content\/uploads\/2022\/07\/Noticia-UCAT_Universitarios-en-frontera-celebraron-el-dia-del-Nin-521x322.png 521w, https:\/\/www.ucat.edu.ve\/web\/wp-content\/uploads\/2022\/07\/Noticia-UCAT_Universitarios-en-frontera-celebraron-el-dia-del-Nin-340x210.png 340w, https:\/\/www.ucat.edu.ve\/web\/wp-content\/uploads\/2022\/07\/Noticia-UCAT_Universitarios-en-frontera-celebraron-el-dia-del-Nin.png 1086w\" sizes=\"(max-width: 521px) 100vw, 521px\" \/><\/p>\n<p style=\"text-align: justify;\">En alianza con organizaciones de voluntariado se celebr\u00f3 el D\u00eda del Ni\u00f1o, actividad promovida desde el Decanato de Medio de la Universidad Cat\u00f3lica del T\u00e1chira, a trav\u00e9s de Universitarios en Frontera (UF) y el programa de Liderazgo Ignaciano (PLIUL-UCAT), con el apoyo de los clubes Rotaract Zona T\u00e1chira, Dr. Yaso payasos de hospital y Creemos Alianza Ciudadana.<\/p>\n<p style=\"text-align: justify;\">De acuerdo con una nota de prensa, numerosos ni\u00f1os de distintas edades provenientes de la comunidad Cruz de la Misi\u00f3n, del 23 de Enero, \u00a0participaron en la actividad que cont\u00f3 con actividades recreativas\u00a0 para centenares de ni\u00f1os de diferentes edades.<\/p>\n<p style=\"text-align: justify;\">Es una iniciativa emprendida bajo la premisa de \u201cEl Amor ha de ponerse m\u00e1s en las obras que en las palabras\u201d contando con m\u00faltiples actividades, atracciones, presentes y aperitivos para los ni\u00f1os\u00a0 y con el apoyo de los clubes Rotaracts de Valle de Santiago, Metropolitano, Torbes y Dr. Pablo Pucky.<\/p>\n<p style=\"text-align: justify;\">El evento \u00a0fue oportuno para la culminaci\u00f3n del trabajo comunitario desarrollado por el programa de \u201cUniversitarios en Frontera\u201d de la Universidad Cat\u00f3lica en esta comunidad y que adem\u00e1s, oportunidad para el encuentro de organizaciones aliadas abocadas a la construcci\u00f3n de tejido social y espacios para el encuentro de los venezolanos.<\/p>\n<p style=\"text-align: justify;\">Los organizadores informaron que centenares de juguetes se entregaron a ni\u00f1os de esta comunidad, adem\u00e1s de atenci\u00f3n psicol\u00f3gica y pinta caritas. Se resalt\u00f3 a ni\u00f1os y participantes la importancia y trascendencia de los valores en la Paz como\u00a0 el camino para la generaci\u00f3n de espacios de armon\u00eda y sinergia en los hogares, escuelas, comunidades y el pa\u00eds.<\/p>\n<p style=\"text-align: justify;\">Destacaron que en medio de las condiciones adversas presentes en la vida de sectores populares que se encuentran padeciendo condiciones de vida socio-econ\u00f3micas vulnerables se reafirm\u00f3 el compromiso de j\u00f3venes y formadores en la generaci\u00f3n de espacios para la confianza, empat\u00eda, trabajo en equipo y el mutuo entendimiento para la construcci\u00f3n de la Paz.<\/p>\n<p style=\"text-align: justify;\">La actividad finaliz\u00f3 con el Sebuc\u00e1n Ciudadano \u201cLa Paz se Construye desde la Familia\u201d con los ni\u00f1os, voluntarios, padres y representantes, el sebuc\u00e1n es una danza ancestral de las poblaciones aut\u00f3ctonas venezolanas, el t\u00e9rmino \u201cSebuc\u00e1n\u201d proviene del utensilio de mismo nombre que se usa para prensar y extraer el l\u00edquido venenoso de la yuca amarga en la preparaci\u00f3n del casabe. Y que en esta ocasi\u00f3n represent\u00f3 la uni\u00f3n de las nuevas generaciones en la construcci\u00f3n de un pa\u00eds m\u00e1s justo y equitativo para todos.\u00a0<strong>(JLG)<\/strong><\/p>\n<p><em>Con informaci\u00f3n de: Diario La Naci\u00f3n<\/em><\/p>\n<blockquote class=\"wp-embedded-content\" data-secret=\"YAoxFSPiEn\"><p><a href=\"https:\/\/lanacionweb.com\/regional\/universitarios-en-frontera-y-organizaciones-aliadas-celebraron-con-ninos-de-sc\/\">Universitarios en Frontera y organizaciones aliadas celebraron con ni\u00f1os de SC<\/a><\/p><\/blockquote>\n<p><iframe class=\"wp-embedded-content\" sandbox=\"allow-scripts\" security=\"restricted\" style=\"position: absolute; clip: rect(1px, 1px, 1px, 1px);\" title=\"&#8220;Universitarios en Frontera y organizaciones aliadas celebraron con ni\u00f1os de SC&#8221; &#8212; Diario La Naci\u00f3n\" src=\"https:\/\/lanacionweb.com\/regional\/universitarios-en-frontera-y-organizaciones-aliadas-celebraron-con-ninos-de-sc\/embed\/#?secret=wGcX7KhxMf#?secret=YAoxFSPiEn\" data-secret=\"YAoxFSPiEn\" width=\"550\" height=\"310\" frameborder=\"0\" marginwidth=\"0\" marginheight=\"0\" scrolling=\"no\"><\/iframe><\/p>\n","protected":false},"excerpt":{"rendered":"<p>En alianza con organizaciones de voluntariado se celebr\u00f3 el D\u00eda del Ni\u00f1o, actividad promovida desde el Decanato de Medio de la Universidad Cat\u00f3lica del T\u00e1chira, a trav\u00e9s de Universitarios en Frontera (UF) y el programa de Liderazgo Ignaciano (PLIUL-UCAT), con el apoyo de los clubes Rotaract Zona T\u00e1chira, Dr. Yaso payasos de hospital y Creemos<\/p>\n","protected":false},"author":23,"featured_media":9492,"comment_status":"closed","ping_status":"closed","sticky":false,"template":"","format":"standard","meta":[],"categories":[3],"tags":[],"yoast_head":"<!-- This site is optimized with the Yoast SEO plugin v19.2 - https:\/\/yoast.com\/wordpress\/plugins\/seo\/ -->\n<title>Universitarios en frontera celebraron el d\u00eda del Ni\u00f1o - Universidad Cat\u00f3lica del T\u00e1chira<\/title>\n<meta name=\"robots\" content=\"index, follow, max-snippet:-1, max-image-preview:large, max-video-preview:-1\" \/>\n<link rel=\"canonical\" href=\"https:\/\/www.ucat.edu.ve\/web\/universitarios-en-frontera-celebraron-el-dia-del-nino\/\" \/>\n<meta property=\"og:locale\" content=\"es_ES\" \/>\n<meta property=\"og:type\" content=\"article\" \/>\n<meta property=\"og:title\" content=\"Universitarios en frontera celebraron el d\u00eda del Ni\u00f1o - Universidad Cat\u00f3lica del T\u00e1chira\" \/>\n<meta property=\"og:description\" content=\"En alianza con organizaciones de voluntariado se celebr\u00f3 el D\u00eda del Ni\u00f1o, actividad promovida desde el Decanato de Medio de la Universidad Cat\u00f3lica del T\u00e1chira, a trav\u00e9s de Universitarios en Frontera (UF) y el programa de Liderazgo Ignaciano (PLIUL-UCAT), con el apoyo de los clubes Rotaract Zona T\u00e1chira, Dr. Yaso payasos de hospital y Creemos\" \/>\n<meta property=\"og:url\" content=\"https:\/\/www.ucat.edu.ve\/web\/universitarios-en-frontera-celebraron-el-dia-del-nino\/\" \/>\n<meta property=\"og:site_name\" content=\"Universidad Cat\u00f3lica del T\u00e1chira\" \/>\n<meta property=\"article:publisher\" content=\"https:\/\/www.facebook.com\/notiucat\/\" \/>\n<meta property=\"article:published_time\" content=\"2022-07-20T14:06:04+00:00\" \/>\n<meta property=\"og:image\" content=\"https:\/\/www.ucat.edu.ve\/web\/wp-content\/uploads\/2022\/07\/Noticia-UCAT_Universitarios-en-frontera-celebraron-el-dia-del-Nin.png\" \/>\n\t<meta property=\"og:image:width\" content=\"1086\" \/>\n\t<meta property=\"og:image:height\" content=\"671\" \/>\n\t<meta property=\"og:image:type\" content=\"image\/png\" \/>\n<meta name=\"author\" content=\"Secretaria General\" \/>\n<meta name=\"twitter:card\" content=\"summary_large_image\" \/>\n<meta name=\"twitter:creator\" content=\"@notiucat\" \/>\n<meta name=\"twitter:site\" content=\"@notiucat\" \/>\n<meta name=\"twitter:label1\" content=\"Written by\" \/>\n\t<meta name=\"twitter:data1\" content=\"Secretaria General\" \/>\n\t<meta name=\"twitter:label2\" content=\"Est. reading time\" \/>\n\t<meta name=\"twitter:data2\" content=\"2 minutos\" \/>\n<script type=\"application\/ld+json\" class=\"yoast-schema-graph\">{\"@context\":\"https:\/\/schema.org\",\"@graph\":[{\"@type\":\"Organization\",\"@id\":\"https:\/\/www.ucat.edu.ve\/web\/#organization\",\"name\":\"Universidad Cat\u00f3lica Del T\u00e1chira UCAT\",\"url\":\"https:\/\/www.ucat.edu.ve\/web\/\",\"sameAs\":[\"https:\/\/www.instagram.com\/notiucat\/\",\"https:\/\/www.youtube.com\/channel\/UCwEbYSB1R9fzlII-8dcxuYA?view_as=subscriber\",\"https:\/\/www.facebook.com\/notiucat\/\",\"https:\/\/twitter.com\/notiucat\"],\"logo\":{\"@type\":\"ImageObject\",\"inLanguage\":\"es-ES\",\"@id\":\"https:\/\/www.ucat.edu.ve\/web\/#\/schema\/logo\/image\/\",\"url\":\"https:\/\/www.ucat.edu.ve\/web\/wp-content\/uploads\/2015\/07\/logoucat.gif\",\"contentUrl\":\"https:\/\/www.ucat.edu.ve\/web\/wp-content\/uploads\/2015\/07\/logoucat.gif\",\"width\":219,\"height\":155,\"caption\":\"Universidad Cat\u00f3lica Del T\u00e1chira UCAT\"},\"image\":{\"@id\":\"https:\/\/www.ucat.edu.ve\/web\/#\/schema\/logo\/image\/\"}},{\"@type\":\"WebSite\",\"@id\":\"https:\/\/www.ucat.edu.ve\/web\/#website\",\"url\":\"https:\/\/www.ucat.edu.ve\/web\/\",\"name\":\"Universidad Cat\u00f3lica del T\u00e1chira\",\"description\":\"\",\"publisher\":{\"@id\":\"https:\/\/www.ucat.edu.ve\/web\/#organization\"},\"potentialAction\":[{\"@type\":\"SearchAction\",\"target\":{\"@type\":\"EntryPoint\",\"urlTemplate\":\"https:\/\/www.ucat.edu.ve\/web\/?s={search_term_string}\"},\"query-input\":\"required name=search_term_string\"}],\"inLanguage\":\"es-ES\"},{\"@type\":\"ImageObject\",\"inLanguage\":\"es-ES\",\"@id\":\"https:\/\/www.ucat.edu.ve\/web\/universitarios-en-frontera-celebraron-el-dia-del-nino\/#primaryimage\",\"url\":\"https:\/\/www.ucat.edu.ve\/web\/wp-content\/uploads\/2022\/07\/Noticia-UCAT_Universitarios-en-frontera-celebraron-el-dia-del-Nin.png\",\"contentUrl\":\"https:\/\/www.ucat.edu.ve\/web\/wp-content\/uploads\/2022\/07\/Noticia-UCAT_Universitarios-en-frontera-celebraron-el-dia-del-Nin.png\",\"width\":1086,\"height\":671},{\"@type\":\"WebPage\",\"@id\":\"https:\/\/www.ucat.edu.ve\/web\/universitarios-en-frontera-celebraron-el-dia-del-nino\/#webpage\",\"url\":\"https:\/\/www.ucat.edu.ve\/web\/universitarios-en-frontera-celebraron-el-dia-del-nino\/\",\"name\":\"Universitarios en frontera celebraron el d\u00eda del Ni\u00f1o - Universidad Cat\u00f3lica del T\u00e1chira\",\"isPartOf\":{\"@id\":\"https:\/\/www.ucat.edu.ve\/web\/#website\"},\"primaryImageOfPage\":{\"@id\":\"https:\/\/www.ucat.edu.ve\/web\/universitarios-en-frontera-celebraron-el-dia-del-nino\/#primaryimage\"},\"datePublished\":\"2022-07-20T14:06:04+00:00\",\"dateModified\":\"2022-07-20T14:06:04+00:00\",\"breadcrumb\":{\"@id\":\"https:\/\/www.ucat.edu.ve\/web\/universitarios-en-frontera-celebraron-el-dia-del-nino\/#breadcrumb\"},\"inLanguage\":\"es-ES\",\"potentialAction\":[{\"@type\":\"ReadAction\",\"target\":[\"https:\/\/www.ucat.edu.ve\/web\/universitarios-en-frontera-celebraron-el-dia-del-nino\/\"]}]},{\"@type\":\"BreadcrumbList\",\"@id\":\"https:\/\/www.ucat.edu.ve\/web\/universitarios-en-frontera-celebraron-el-dia-del-nino\/#breadcrumb\",\"itemListElement\":[{\"@type\":\"ListItem\",\"position\":1,\"name\":\"Home\",\"item\":\"https:\/\/www.ucat.edu.ve\/web\/\"},{\"@type\":\"ListItem\",\"position\":2,\"name\":\"Universitarios en frontera celebraron el d\u00eda del Ni\u00f1o\"}]},{\"@type\":\"Article\",\"@id\":\"https:\/\/www.ucat.edu.ve\/web\/universitarios-en-frontera-celebraron-el-dia-del-nino\/#article\",\"isPartOf\":{\"@id\":\"https:\/\/www.ucat.edu.ve\/web\/universitarios-en-frontera-celebraron-el-dia-del-nino\/#webpage\"},\"author\":{\"name\":\"Secretaria General\",\"@id\":\"https:\/\/www.ucat.edu.ve\/web\/#\/schema\/person\/e90fe655adf97bd5c1dbc608855d16cf\"},\"headline\":\"Universitarios en frontera celebraron el d\u00eda del Ni\u00f1o\",\"datePublished\":\"2022-07-20T14:06:04+00:00\",\"dateModified\":\"2022-07-20T14:06:04+00:00\",\"mainEntityOfPage\":{\"@id\":\"https:\/\/www.ucat.edu.ve\/web\/universitarios-en-frontera-celebraron-el-dia-del-nino\/#webpage\"},\"wordCount\":458,\"publisher\":{\"@id\":\"https:\/\/www.ucat.edu.ve\/web\/#organization\"},\"image\":{\"@id\":\"https:\/\/www.ucat.edu.ve\/web\/universitarios-en-frontera-celebraron-el-dia-del-nino\/#primaryimage\"},\"thumbnailUrl\":\"https:\/\/www.ucat.edu.ve\/web\/wp-content\/uploads\/2022\/07\/Noticia-UCAT_Universitarios-en-frontera-celebraron-el-dia-del-Nin.png\",\"articleSection\":[\"Noticias\"],\"inLanguage\":\"es-ES\"},{\"@type\":\"Person\",\"@id\":\"https:\/\/www.ucat.edu.ve\/web\/#\/schema\/person\/e90fe655adf97bd5c1dbc608855d16cf\",\"name\":\"Secretaria General\",\"url\":\"https:\/\/www.ucat.edu.ve\/web\/author\/secgeucat\/\"}]}<\/script>\n<!-- \/ Yoast SEO plugin. -->","yoast_head_json":{"title":"Universitarios en frontera celebraron el d\u00eda del Ni\u00f1o - Universidad Cat\u00f3lica del T\u00e1chira","robots":{"index":"index","follow":"follow","max-snippet":"max-snippet:-1","max-image-preview":"max-image-preview:large","max-video-preview":"max-video-preview:-1"},"canonical":"https:\/\/www.ucat.edu.ve\/web\/universitarios-en-frontera-celebraron-el-dia-del-nino\/","og_locale":"es_ES","og_type":"article","og_title":"Universitarios en frontera celebraron el d\u00eda del Ni\u00f1o - Universidad Cat\u00f3lica del T\u00e1chira","og_description":"En alianza con organizaciones de voluntariado se celebr\u00f3 el D\u00eda del Ni\u00f1o, actividad promovida desde el Decanato de Medio de la Universidad Cat\u00f3lica del T\u00e1chira, a trav\u00e9s de Universitarios en Frontera (UF) y el programa de Liderazgo Ignaciano (PLIUL-UCAT), con el apoyo de los clubes Rotaract Zona T\u00e1chira, Dr. Yaso payasos de hospital y Creemos","og_url":"https:\/\/www.ucat.edu.ve\/web\/universitarios-en-frontera-celebraron-el-dia-del-nino\/","og_site_name":"Universidad Cat\u00f3lica del T\u00e1chira","article_publisher":"https:\/\/www.facebook.com\/notiucat\/","article_published_time":"2022-07-20T14:06:04+00:00","og_image":[{"width":1086,"height":671,"url":"https:\/\/www.ucat.edu.ve\/web\/wp-content\/uploads\/2022\/07\/Noticia-UCAT_Universitarios-en-frontera-celebraron-el-dia-del-Nin.png","type":"image\/png"}],"author":"Secretaria General","twitter_card":"summary_large_image","twitter_creator":"@notiucat","twitter_site":"@notiucat","twitter_misc":{"Written by":"Secretaria General","Est. reading time":"2 minutos"},"schema":{"@context":"https:\/\/schema.org","@graph":[{"@type":"Organization","@id":"https:\/\/www.ucat.edu.ve\/web\/#organization","name":"Universidad Cat\u00f3lica Del T\u00e1chira UCAT","url":"https:\/\/www.ucat.edu.ve\/web\/","sameAs":["https:\/\/www.instagram.com\/notiucat\/","https:\/\/www.youtube.com\/channel\/UCwEbYSB1R9fzlII-8dcxuYA?view_as=subscriber","https:\/\/www.facebook.com\/notiucat\/","https:\/\/twitter.com\/notiucat"],"logo":{"@type":"ImageObject","inLanguage":"es-ES","@id":"https:\/\/www.ucat.edu.ve\/web\/#\/schema\/logo\/image\/","url":"https:\/\/www.ucat.edu.ve\/web\/wp-content\/uploads\/2015\/07\/logoucat.gif","contentUrl":"https:\/\/www.ucat.edu.ve\/web\/wp-content\/uploads\/2015\/07\/logoucat.gif","width":219,"height":155,"caption":"Universidad Cat\u00f3lica Del T\u00e1chira UCAT"},"image":{"@id":"https:\/\/www.ucat.edu.ve\/web\/#\/schema\/logo\/image\/"}},{"@type":"WebSite","@id":"https:\/\/www.ucat.edu.ve\/web\/#website","url":"https:\/\/www.ucat.edu.ve\/web\/","name":"Universidad Cat\u00f3lica del T\u00e1chira","description":"","publisher":{"@id":"https:\/\/www.ucat.edu.ve\/web\/#organization"},"potentialAction":[{"@type":"SearchAction","target":{"@type":"EntryPoint","urlTemplate":"https:\/\/www.ucat.edu.ve\/web\/?s={search_term_string}"},"query-input":"required name=search_term_string"}],"inLanguage":"es-ES"},{"@type":"ImageObject","inLanguage":"es-ES","@id":"https:\/\/www.ucat.edu.ve\/web\/universitarios-en-frontera-celebraron-el-dia-del-nino\/#primaryimage","url":"https:\/\/www.ucat.edu.ve\/web\/wp-content\/uploads\/2022\/07\/Noticia-UCAT_Universitarios-en-frontera-celebraron-el-dia-del-Nin.png","contentUrl":"https:\/\/www.ucat.edu.ve\/web\/wp-content\/uploads\/2022\/07\/Noticia-UCAT_Universitarios-en-frontera-celebraron-el-dia-del-Nin.png","width":1086,"height":671},{"@type":"WebPage","@id":"https:\/\/www.ucat.edu.ve\/web\/universitarios-en-frontera-celebraron-el-dia-del-nino\/#webpage","url":"https:\/\/www.ucat.edu.ve\/web\/universitarios-en-frontera-celebraron-el-dia-del-nino\/","name":"Universitarios en frontera celebraron el d\u00eda del Ni\u00f1o - Universidad Cat\u00f3lica del T\u00e1chira","isPartOf":{"@id":"https:\/\/www.ucat.edu.ve\/web\/#website"},"primaryImageOfPage":{"@id":"https:\/\/www.ucat.edu.ve\/web\/universitarios-en-frontera-celebraron-el-dia-del-nino\/#primaryimage"},"datePublished":"2022-07-20T14:06:04+00:00","dateModified":"2022-07-20T14:06:04+00:00","breadcrumb":{"@id":"https:\/\/www.ucat.edu.ve\/web\/universitarios-en-frontera-celebraron-el-dia-del-nino\/#breadcrumb"},"inLanguage":"es-ES","potentialAction":[{"@type":"ReadAction","target":["https:\/\/www.ucat.edu.ve\/web\/universitarios-en-frontera-celebraron-el-dia-del-nino\/"]}]},{"@type":"BreadcrumbList","@id":"https:\/\/www.ucat.edu.ve\/web\/universitarios-en-frontera-celebraron-el-dia-del-nino\/#breadcrumb","itemListElement":[{"@type":"ListItem","position":1,"name":"Home","item":"https:\/\/www.ucat.edu.ve\/web\/"},{"@type":"ListItem","position":2,"name":"Universitarios en frontera celebraron el d\u00eda del Ni\u00f1o"}]},{"@type":"Article","@id":"https:\/\/www.ucat.edu.ve\/web\/universitarios-en-frontera-celebraron-el-dia-del-nino\/#article","isPartOf":{"@id":"https:\/\/www.ucat.edu.ve\/web\/universitarios-en-frontera-celebraron-el-dia-del-nino\/#webpage"},"author":{"name":"Secretaria General","@id":"https:\/\/www.ucat.edu.ve\/web\/#\/schema\/person\/e90fe655adf97bd5c1dbc608855d16cf"},"headline":"Universitarios en frontera celebraron el d\u00eda del Ni\u00f1o","datePublished":"2022-07-20T14:06:04+00:00","dateModified":"2022-07-20T14:06:04+00:00","mainEntityOfPage":{"@id":"https:\/\/www.ucat.edu.ve\/web\/universitarios-en-frontera-celebraron-el-dia-del-nino\/#webpage"},"wordCount":458,"publisher":{"@id":"https:\/\/www.ucat.edu.ve\/web\/#organization"},"image":{"@id":"https:\/\/www.ucat.edu.ve\/web\/universitarios-en-frontera-celebraron-el-dia-del-nino\/#primaryimage"},"thumbnailUrl":"https:\/\/www.ucat.edu.ve\/web\/wp-content\/uploads\/2022\/07\/Noticia-UCAT_Universitarios-en-frontera-celebraron-el-dia-del-Nin.png","articleSection":["Noticias"],"inLanguage":"es-ES"},{"@type":"Person","@id":"https:\/\/www.ucat.edu.ve\/web\/#\/schema\/person\/e90fe655adf97bd5c1dbc608855d16cf","name":"Secretaria General","url":"https:\/\/www.ucat.edu.ve\/web\/author\/secgeucat\/"}]}},"_links":{"self":[{"href":"https:\/\/www.ucat.edu.ve\/web\/wp-json\/wp\/v2\/posts\/9491"}],"collection":[{"href":"https:\/\/www.ucat.edu.ve\/web\/wp-json\/wp\/v2\/posts"}],"about":[{"href":"https:\/\/www.ucat.edu.ve\/web\/wp-json\/wp\/v2\/types\/post"}],"author":[{"embeddable":true,"href":"https:\/\/www.ucat.edu.ve\/web\/wp-json\/wp\/v2\/users\/23"}],"replies":[{"embeddable":true,"href":"https:\/\/www.ucat.edu.ve\/web\/wp-json\/wp\/v2\/comments?post=9491"}],"version-history":[{"count":1,"href":"https:\/\/www.ucat.edu.ve\/web\/wp-json\/wp\/v2\/posts\/9491\/revisions"}],"predecessor-version":[{"id":9493,"href":"https:\/\/www.ucat.edu.ve\/web\/wp-json\/wp\/v2\/posts\/9491\/revisions\/9493"}],"wp:featuredmedia":[{"embeddable":true,"href":"https:\/\/www.ucat.edu.ve\/web\/wp-json\/wp\/v2\/media\/9492"}],"wp:attachment":[{"href":"https:\/\/www.ucat.edu.ve\/web\/wp-json\/wp\/v2\/media?parent=9491"}],"wp:term":[{"taxonomy":"category","embeddable":true,"href":"https:\/\/www.ucat.edu.ve\/web\/wp-json\/wp\/v2\/categories?post=9491"},{"taxonomy":"post_tag","embeddable":true,"href":"https:\/\/www.ucat.edu.ve\/web\/wp-json\/wp\/v2\/tags?post=9491"}],"curies":[{"name":"wp","href":"https:\/\/api.w.org\/{rel}","templated":true}]}}